{"id":48782,"date":"2026-01-02T22:00:00","date_gmt":"2026-01-03T01:00:00","guid":{"rendered":"https:\/\/noticiasdestaque.com.br\/index.php\/2026\/01\/02\/parque-tecnologico-de-ouro-preto-mg-recebera-aporte-de-r-100-milhoes\/"},"modified":"2026-01-02T22:00:00","modified_gmt":"2026-01-03T01:00:00","slug":"parque-tecnologico-de-ouro-preto-mg-recebera-aporte-de-r-100-milhoes","status":"publish","type":"post","link":"https:\/\/noticiasdestaque.com.br\/index.php\/2026\/01\/02\/parque-tecnologico-de-ouro-preto-mg-recebera-aporte-de-r-100-milhoes\/","title":{"rendered":"Parque tecnol\u00f3gico de Ouro Preto (MG) receber\u00e1 aporte de R$ 100 milh\u00f5es"},"content":{"rendered":"<p>Foi lan\u00e7ada, no dia 19 de dezembro, <strong>a pedra fundamental do Parque Tecnol\u00f3gico de Ouro Preto, considerado como um dos projetos mais significativos da regi\u00e3o nas \u00faltimas d\u00e9cadas. <\/strong>Financiado integralmente pela iniciativa privada, o <strong>parque dever\u00e1 receber aporte de R$ 100 milh\u00f5es, at\u00e9 2027<\/strong>, para bancar a constru\u00e7\u00e3o e infraestrutura.<\/p>\n<p>A iniciativa de cria\u00e7\u00e3o do parque \u00e9 da <a href=\"https:\/\/www.ouropreto.mg.gov.br\/secretaria\/0455\"><strong>Secretaria de Desenvolvimento Econ\u00f4mico, Inova\u00e7\u00e3o e Tecnologia de Ouro Preto<\/strong><\/a>, que conta com a parceria da <strong><a href=\"https:\/\/www.gorceix.org.br\/\">Funda\u00e7\u00e3o Gorceix<\/a> <\/strong>para viabilizar o empreendimento.<\/p>\n<p>O <strong>Parque Tecnol\u00f3gico de Ouro Preto dever\u00e1 ter 15 mil metros quadrados e seu foco principal ser\u00e1 o desenvolvimento de solu\u00e7\u00f5es inovadoras para os segmentos de minera\u00e7\u00e3o e metalurgia<\/strong>.<\/p>\n<p>Segundo o secret\u00e1rio de Desenvolvimento Econ\u00f4mico, Inova\u00e7\u00e3o e Tecnologia de Ouro Preto, Felipe Guerra, <strong>antes mesmo do in\u00edcio das obras a iniciativa j\u00e1 registra uma demanda expressiva por parte do setor privado<\/strong>, sendo que at\u00e9 o momento j\u00e1 existem 16 cartas de inten\u00e7\u00e3o de empresas multinacionais, incluindo a <a href=\"https:\/\/vale.com\/pt\/\"><strong>Vale<\/strong><\/a>, afirmando o interesse em se instalar no local. \u00a0<\/p>\n<p>A Vale, ainda segundo o secret\u00e1rio, assinou um protocolo de inten\u00e7\u00f5es para estar presente no local a partir do desenvolvimento de solu\u00e7\u00f5es ligadas \u00e0 inova\u00e7\u00e3o e tecnologia. O projeto arquitet\u00f4nico do parque j\u00e1 est\u00e1 conclu\u00eddo e aprovado pelo Iphan.<\/p>\n<p>\t\t\t\t\t\t\t\t\t\t<img loading=\"lazy\" decoding=\"async\" src=\"https:\/\/brasil61.com\/api\/v1\/serve_pixel\/17677\/86836\" alt=\"Pixel Brasil 61\" class=\"b61_pixel\" width=\"0\" height=\"0\"><\/p>\n<input type=\"hidden\" id=\"baseurl\" value=\"https:\/\/noticiasdestaque.com.br\"><input type=\"hidden\" id=\"audio_nonce\" value=\"6a24ca502e\">","protected":false},"excerpt":{"rendered":"<p>O Parque Tecnol\u00f3gico de Ouro Preto dever\u00e1 ter 15 mil metros quadrados e seu foco principal ser\u00e1 o desenvolvimento de solu\u00e7\u00f5es inovadoras para os segmentos de minera\u00e7\u00e3o e metalurgia.<\/p>\n","protected":false},"author":1,"featured_media":48783,"comment_status":"open","ping_status":"open","sticky":false,"template":"","format":"standard","meta":{"fifu_image_url":"","fifu_image_alt":"","footnotes":""},"categories":[59],"tags":[],"class_list":["post-48782","post","type-post","status-publish","format-standard","has-post-thumbnail","hentry","category-economia"],"distributor_meta":false,"distributor_terms":false,"distributor_media":false,"distributor_original_site_name":"Noticias em Destaque","distributor_original_site_url":"https:\/\/noticiasdestaque.com.br","push-errors":false,"_links":{"self":[{"href":"https:\/\/noticiasdestaque.com.br\/index.php\/wp-json\/wp\/v2\/posts\/48782","targetHints":{"allow":["GET"]}}],"collection":[{"href":"https:\/\/noticiasdestaque.com.br\/index.php\/wp-json\/wp\/v2\/posts"}],"about":[{"href":"https:\/\/noticiasdestaque.com.br\/index.php\/wp-json\/wp\/v2\/types\/post"}],"author":[{"embeddable":true,"href":"https:\/\/noticiasdestaque.com.br\/index.php\/wp-json\/wp\/v2\/users\/1"}],"replies":[{"embeddable":true,"href":"https:\/\/noticiasdestaque.com.br\/index.php\/wp-json\/wp\/v2\/comments?post=48782"}],"version-history":[{"count":0,"href":"https:\/\/noticiasdestaque.com.br\/index.php\/wp-json\/wp\/v2\/posts\/48782\/revisions"}],"wp:featuredmedia":[{"embeddable":true,"href":"https:\/\/noticiasdestaque.com.br\/index.php\/wp-json\/wp\/v2\/media\/48783"}],"wp:attachment":[{"href":"https:\/\/noticiasdestaque.com.br\/index.php\/wp-json\/wp\/v2\/media?parent=48782"}],"wp:term":[{"taxonomy":"category","embeddable":true,"href":"https:\/\/noticiasdestaque.com.br\/index.php\/wp-json\/wp\/v2\/categories?post=48782"},{"taxonomy":"post_tag","embeddable":true,"href":"https:\/\/noticiasdestaque.com.br\/index.php\/wp-json\/wp\/v2\/tags?post=48782"}],"curies":[{"name":"wp","href":"https:\/\/api.w.org\/{rel}","templated":true}]}}