{"id":4878,"date":"2022-12-13T16:09:52","date_gmt":"2022-12-13T19:09:52","guid":{"rendered":"https:\/\/noticiasdestaque.com.br\/index.php\/2022\/12\/13\/stf-marca-para-amanha-analise-de-acordo-sobre-icms-de-combustiveis\/"},"modified":"2022-12-13T16:09:52","modified_gmt":"2022-12-13T19:09:52","slug":"stf-marca-para-amanha-analise-de-acordo-sobre-icms-de-combustiveis","status":"publish","type":"post","link":"https:\/\/noticiasdestaque.com.br\/index.php\/2022\/12\/13\/stf-marca-para-amanha-analise-de-acordo-sobre-icms-de-combustiveis\/","title":{"rendered":"STF marca para amanh\u00e3 an\u00e1lise de acordo sobre ICMS de combust\u00edveis"},"content":{"rendered":"<style> bloco.meta {font-style: italic; color: #666;font-weight: 600;font-size: .8em; \/* line-height: .3em; *\/}  text h2 { font-weight: 700 !important;  color: #062f46 !important;} text img { width: none; left: none;}<\/style>\n<\/p>\n<p>O Supremo Tribunal Federal (STF) marcou para amanh\u00e3 (14) uma sess\u00e3o virtual extraordin\u00e1ria de 24 horas para julgar se homologa ou n\u00e3o um acordo entre estados, Uni\u00e3o e Congresso sobre a desonera\u00e7\u00e3o do Imposto sobre Circula\u00e7\u00e3o de Mercadorias e Servi\u00e7os (ICMS) dos combust\u00edveis.<\/p>\n<p>O acordo foi alcan\u00e7ado em 2 de dezembro, quando os representantes dos estados, do Distrito Federal e da Uni\u00e3o concordaram em manter a essencialidade do diesel, do g\u00e1s natural e do g\u00e1s de cozinha. Com isso, o ICMS cobrado sobre esses produtos fica limitado \u00e0 al\u00edquota geral do imposto, algo em torno de 17% e 18%, a depender da unidade federativa.<\/p>\n<p>A gasolina ficou de fora, e o ICMS sobre esse derivado do petr\u00f3leo poder\u00e1 superar a al\u00edquota geral do imposto. Prevaleceu o argumento dos estados de que o item n\u00e3o \u00e9 essencial, uma vez que s\u00e3o as pessoas de maior poder aquisitivo que possuem carros, sendo elas as mais beneficiadas com eventual desonera\u00e7\u00e3o sobre o produto.<\/p>\n<p>Tramitam no Supremo duas a\u00e7\u00f5es que questionam as duas leis complementares que alteraram a sistem\u00e1tica de cobran\u00e7a do ICMS sobre combust\u00edveis e estabeleceram um teto para o imposto. Os termos do acordo foram discutidos em concilia\u00e7\u00e3o conduzida pelo gabinete do ministro Gilmar Mendes, relator dos processos.<\/p>\n<p>Caso a homologa\u00e7\u00e3o do acordo seja referendada pelos demais ministros do Supremo, a decis\u00e3o dever\u00e1 ser encaminhada ao Congresso para que ajustes sejam feitos nas leis complementares 192\/2022 e 194\/2022.<\/p>\n<p>O julgamento sobre o assunto no Supremo foi tamb\u00e9m discutido em reuni\u00e3o do F\u00f3rum Nacional de Governadores, que teve in\u00edcio na manh\u00e3 desta ter\u00e7a-feira (13), no Pal\u00e1cio do Buriti, sede do governo distrital, e tamb\u00e9m por videoconfer\u00eancia.<\/p>\n<p>Existem ainda outras a\u00e7\u00f5es sobre a cobran\u00e7a de ICMS em tramita\u00e7\u00e3o no Supremo, por meio das quais os estados e o DF tamb\u00e9m buscam uma compensa\u00e7\u00e3o pela perda bilion\u00e1ria de arrecada\u00e7\u00e3o provocada pelo teto do ICMS sobre combust\u00edveis.<\/p>\n<p>Ontem (12), a presidente do STF, ministra Rosa Weber, comprometeu-se em reuni\u00e3o com 15 governadores, incluindo eleitos e alguns em fim de mandato, a pautar para julgamento presencial as a\u00e7\u00f5es que tratam do Diferencial de Al\u00edquota do Imposto sobre Circula\u00e7\u00e3o de Mercadorias e Servi\u00e7os (Difal\/ICMS).<\/p>\n<p>Ainda na segunda-feira (12), Rosa Weber pediu destaque das tr\u00eas a\u00e7\u00f5es diretas de inconstitucionalidade sobre o tema, que estavam pautadas no plen\u00e1rio virtual, obrigando a an\u00e1lise tradicional em plen\u00e1rio. Em nota, a ministra disse que \u201catende aos governos e \u00e0 popula\u00e7\u00e3o dos estados, que tamb\u00e9m ser\u00e1 afetada\u201d.<\/p>\n<p class=\"alt-font font-italic my-2 small text-info\">\n                                                Edi\u00e7\u00e3o:   Val\u00e9ria Aguiar                    <\/p>\n<p>            <!-- blog End --><\/p>\n<p>            <!-- tag and share --><\/p>\n<p> Fonte: EBC <\/p>\n<input type=\"hidden\" id=\"baseurl\" value=\"https:\/\/noticiasdestaque.com.br\"><input type=\"hidden\" id=\"audio_nonce\" value=\"62ca87eee3\">","protected":false},"excerpt":{"rendered":"<p>Sess\u00e3o ser\u00e1 virtual extraordin\u00e1ria de 24 horas<\/p>\n","protected":false},"author":1,"featured_media":4879,"comment_status":"open","ping_status":"open","sticky":false,"template":"","format":"standard","meta":{"fifu_image_url":"","fifu_image_alt":"","footnotes":""},"categories":[59],"tags":[],"class_list":["post-4878","post","type-post","status-publish","format-standard","has-post-thumbnail","hentry","category-economia"],"distributor_meta":false,"distributor_terms":false,"distributor_media":false,"distributor_original_site_name":"Portal de Recupera\u00e7\u00e3o","distributor_original_site_url":"https:\/\/portalderecuperacao.com","push-errors":false,"_links":{"self":[{"href":"https:\/\/noticiasdestaque.com.br\/index.php\/wp-json\/wp\/v2\/posts\/4878","targetHints":{"allow":["GET"]}}],"collection":[{"href":"https:\/\/noticiasdestaque.com.br\/index.php\/wp-json\/wp\/v2\/posts"}],"about":[{"href":"https:\/\/noticiasdestaque.com.br\/index.php\/wp-json\/wp\/v2\/types\/post"}],"author":[{"embeddable":true,"href":"https:\/\/noticiasdestaque.com.br\/index.php\/wp-json\/wp\/v2\/users\/1"}],"replies":[{"embeddable":true,"href":"https:\/\/noticiasdestaque.com.br\/index.php\/wp-json\/wp\/v2\/comments?post=4878"}],"version-history":[{"count":0,"href":"https:\/\/noticiasdestaque.com.br\/index.php\/wp-json\/wp\/v2\/posts\/4878\/revisions"}],"wp:featuredmedia":[{"embeddable":true,"href":"https:\/\/noticiasdestaque.com.br\/index.php\/wp-json\/wp\/v2\/media\/4879"}],"wp:attachment":[{"href":"https:\/\/noticiasdestaque.com.br\/index.php\/wp-json\/wp\/v2\/media?parent=4878"}],"wp:term":[{"taxonomy":"category","embeddable":true,"href":"https:\/\/noticiasdestaque.com.br\/index.php\/wp-json\/wp\/v2\/categories?post=4878"},{"taxonomy":"post_tag","embeddable":true,"href":"https:\/\/noticiasdestaque.com.br\/index.php\/wp-json\/wp\/v2\/tags?post=4878"}],"curies":[{"name":"wp","href":"https:\/\/api.w.org\/{rel}","templated":true}]}}