{"id":48778,"date":"2026-01-02T19:30:00","date_gmt":"2026-01-02T22:30:00","guid":{"rendered":"https:\/\/noticiasdestaque.com.br\/index.php\/2026\/01\/02\/ldo-2026-e-sancionada-com-vetos-e-fixa-superavit-de-r-342-bilhoes\/"},"modified":"2026-01-02T19:30:00","modified_gmt":"2026-01-02T22:30:00","slug":"ldo-2026-e-sancionada-com-vetos-e-fixa-superavit-de-r-342-bilhoes","status":"publish","type":"post","link":"https:\/\/noticiasdestaque.com.br\/index.php\/2026\/01\/02\/ldo-2026-e-sancionada-com-vetos-e-fixa-superavit-de-r-342-bilhoes\/","title":{"rendered":"LDO 2026 \u00e9 sancionada com vetos e fixa super\u00e1vit de R$ 34,2 bilh\u00f5es"},"content":{"rendered":"<p>\t\t\t\t\t\t\t\t\t\t\t<audio controls class=\"b61_audio_player\" data-noticia=\"86817\" src=\"https:\/\/brasil61.com\/rails\/active_storage\/blobs\/eyJfcmFpbHMiOnsibWVzc2FnZSI6IkJBaHBBMHJlQXc9PSIsImV4cCI6bnVsbCwicHVyIjoiYmxvYl9pZCJ9fQ==--2b094e0978f22f4138c130eff9f2dd047e7400cd\/BRAS2615482A\"><\/audio><\/p>\n<p>O <strong>presidente Luiz In\u00e1cio Lula da Silva sancionou, com vetos, a Lei de Diretrizes Or\u00e7ament\u00e1rias (LDO) de 2026<\/strong>. Para este ano, a norma estabelece uma meta de <strong>super\u00e1vit prim\u00e1rio de R$ 34,2 bilh\u00f5es<\/strong>. O texto foi publicado em edi\u00e7\u00e3o extra do <a href=\"https:\/\/pesquisa.in.gov.br\/imprensa\/jsp\/visualiza\/index.jsp?data=31\/12\/2025&amp;jornal=603&amp;pagina=1&amp;totalArquivos=28\" target=\"_blank\">Di\u00e1rio Oficial da Uni\u00e3o<\/a> em 31 de dezembro de 2025.<\/p>\n<p>A LDO \u00e9 editada anualmente e define as <strong>metas e prioridades da administra\u00e7\u00e3o p\u00fablica federal<\/strong>, al\u00e9m de estabelecer regras para a elabora\u00e7\u00e3o e execu\u00e7\u00e3o do Or\u00e7amento, disposi\u00e7\u00f5es sobre a d\u00edvida p\u00fablica e limites para despesas com pessoal.<\/p>\n<h2>Fundo Partid\u00e1rio<\/h2>\n<p>Entre os <strong>vetos <\/strong>presidenciais est\u00e1 o dispositivo que previa a <strong>corre\u00e7\u00e3o do Fundo Partid\u00e1rio pela infla\u00e7\u00e3o<\/strong>. Na <a href=\"https:\/\/www.in.gov.br\/en\/web\/dou\/-\/despacho-do-presidente-da-republica-679022258\" target=\"_blank\">justificativa<\/a>, o presidente argumenta que a proposta <strong>contraria o interesse p\u00fablico<\/strong>, uma vez que o aumento do fundo reduziria os recursos destinados a outras despesas da Justi\u00e7a Eleitoral. Segundo o governo, a medida tamb\u00e9m promoveria um crescimento dessas despesas acima do limite estabelecido para as despesas prim\u00e1rias.<\/p>\n<p>A <strong>LDO <\/strong>tamb\u00e9m determina que mais da metade das emendas parlamentares dever\u00e1 ser paga pelo governo at\u00e9 o fim do primeiro semestre de 2026. Do total indicado por deputados e senadores, o <strong>Executivo ser\u00e1 obrigado a quitar 65% das emendas destinadas \u00e0s \u00e1reas de sa\u00fade e assist\u00eancia social <\/strong>\u2014 que concentrar\u00e3o a maior parcela dos recursos.<\/p>\n<p>A regra tamb\u00e9m se aplica \u00e0s transfer\u00eancias especiais, conhecidas como \u201c<strong>emendas PIX<\/strong>\u201d, atualmente sob investiga\u00e7\u00e3o do <a href=\"https:\/\/portal.stf.jus.br\/\"><strong>Supremo Tribunal Federal (STF)<\/strong><\/a>.<\/p>\n<h2>Outros vetos<\/h2>\n<p>O <strong>governo vetou<\/strong>, ainda, a possibilidade de <strong>destina\u00e7\u00e3o de emendas parlamentares para a\u00e7\u00f5es sem licen\u00e7a ambiental pr\u00e9via ou sem projetos de engenharia<\/strong>. Outro ponto rejeitado foi a proposta de <strong>liquida\u00e7\u00e3o de restos a pagar referentes ao per\u00edodo de 2019 a 2023<\/strong>, sob a alega\u00e7\u00e3o de inconstitucionalidade e de preju\u00edzo ao interesse p\u00fablico.<\/p>\n<p>Tamb\u00e9m foi vetado o trecho que<strong> impedia o contingenciamento de algumas despesas da Embrapa, das ag\u00eancias reguladoras, da defesa agropecu\u00e1ria e do seguro rural<\/strong>. De acordo com o Executivo, a medida comprometeria o cumprimento da meta fiscal prevista para 2026.<\/p>\n<h2>Como funciona o Or\u00e7amento<\/h2>\n<p>O sistema or\u00e7ament\u00e1rio brasileiro \u00e9 composto por diferentes leis. O <strong>Plano Plurianual (PPA) <\/strong>estabelece o planejamento de m\u00e9dio prazo, com vig\u00eancia de quatro anos. O projeto \u00e9 enviado pelo Executivo ao Congresso at\u00e9 31 de agosto do primeiro ano de cada governo e passa a valer no ano seguinte, garantindo a continuidade administrativa.<\/p>\n<p>A <strong>LDO<\/strong>, por sua vez, define metas e prioridades e serve de base para o equil\u00edbrio entre receitas e despesas, o controle de gastos e a avalia\u00e7\u00e3o de resultados. A partir dela \u00e9 elaborada a <strong>Lei Or\u00e7ament\u00e1ria Anual (LOA)<\/strong>, que detalha o Or\u00e7amento propriamente dito. O <strong>Projeto de Lei Or\u00e7ament\u00e1ria Anual de 2026<\/strong> (<a href=\"https:\/\/www.congressonacional.leg.br\/web\/orcamento\/acompanhe\/orcamento-anual\/-\/loa\/2026\" target=\"_blank\">PLN 15\/2025<\/a>) ainda aguarda san\u00e7\u00e3o presidencial.<\/p>\n<p><strong>VEJA MAIS:<\/strong><\/p>\n<ul>\n<li><a href=\"https:\/\/brasil61.com\/n\/orcamento-2026-congresso-nacional-aprova-r-6-5-tri-em-despesas-bras2515386\" target=\"_blank\">Or\u00e7amento 2026: Congresso Nacional aprova R$ 6,5 tri em despesas<\/a><\/li>\n<li><a href=\"https:\/\/brasil61.com\/n\/camara-aprova-pacote-de-taxacao-para-garantir-r-20-bilhoes-de-reais-para-o-orcamento-de-2026-bras2515360\" target=\"_blank\">C\u00e2mara aprova pacote de taxa\u00e7\u00e3o para garantir R$ 20 bilh\u00f5es de reais para o Or\u00e7amento de 2026<\/a><\/li>\n<\/ul>\n<p>\t\t\t\t\t\t\t\t\t\t<img loading=\"lazy\" decoding=\"async\" src=\"https:\/\/brasil61.com\/api\/v1\/serve_pixel\/17677\/86817\" alt=\"Pixel Brasil 61\" class=\"b61_pixel\" width=\"0\" height=\"0\"><\/p>\n<input type=\"hidden\" id=\"baseurl\" value=\"https:\/\/noticiasdestaque.com.br\"><input type=\"hidden\" id=\"audio_nonce\" value=\"6f73a554f1\">","protected":false},"excerpt":{"rendered":"<p>Governo mant\u00e9m regras fiscais e limita crescimento de despesas prim\u00e1rias. Presidente Lula veta corre\u00e7\u00e3o do Fundo Partid\u00e1rio pela infla\u00e7\u00e3o para n\u00e3o reduzir recursos da Justi\u00e7a Eleitoral<\/p>\n","protected":false},"author":1,"featured_media":48779,"comment_status":"open","ping_status":"open","sticky":false,"template":"","format":"standard","meta":{"fifu_image_url":"","fifu_image_alt":"","footnotes":""},"categories":[48],"tags":[],"class_list":["post-48778","post","type-post","status-publish","format-standard","has-post-thumbnail","hentry","category-mundo"],"distributor_meta":false,"distributor_terms":false,"distributor_media":false,"distributor_original_site_name":"Noticias em Destaque","distributor_original_site_url":"https:\/\/noticiasdestaque.com.br","push-errors":false,"_links":{"self":[{"href":"https:\/\/noticiasdestaque.com.br\/index.php\/wp-json\/wp\/v2\/posts\/48778","targetHints":{"allow":["GET"]}}],"collection":[{"href":"https:\/\/noticiasdestaque.com.br\/index.php\/wp-json\/wp\/v2\/posts"}],"about":[{"href":"https:\/\/noticiasdestaque.com.br\/index.php\/wp-json\/wp\/v2\/types\/post"}],"author":[{"embeddable":true,"href":"https:\/\/noticiasdestaque.com.br\/index.php\/wp-json\/wp\/v2\/users\/1"}],"replies":[{"embeddable":true,"href":"https:\/\/noticiasdestaque.com.br\/index.php\/wp-json\/wp\/v2\/comments?post=48778"}],"version-history":[{"count":0,"href":"https:\/\/noticiasdestaque.com.br\/index.php\/wp-json\/wp\/v2\/posts\/48778\/revisions"}],"wp:featuredmedia":[{"embeddable":true,"href":"https:\/\/noticiasdestaque.com.br\/index.php\/wp-json\/wp\/v2\/media\/48779"}],"wp:attachment":[{"href":"https:\/\/noticiasdestaque.com.br\/index.php\/wp-json\/wp\/v2\/media?parent=48778"}],"wp:term":[{"taxonomy":"category","embeddable":true,"href":"https:\/\/noticiasdestaque.com.br\/index.php\/wp-json\/wp\/v2\/categories?post=48778"},{"taxonomy":"post_tag","embeddable":true,"href":"https:\/\/noticiasdestaque.com.br\/index.php\/wp-json\/wp\/v2\/tags?post=48778"}],"curies":[{"name":"wp","href":"https:\/\/api.w.org\/{rel}","templated":true}]}}