{"id":48770,"date":"2026-01-02T18:00:00","date_gmt":"2026-01-02T21:00:00","guid":{"rendered":"https:\/\/noticiasdestaque.com.br\/index.php\/2026\/01\/02\/previsao-do-tempo-norte-entra-em-alerta-para-chuvas-intensas-neste-sabado-3\/"},"modified":"2026-01-02T18:00:00","modified_gmt":"2026-01-02T21:00:00","slug":"previsao-do-tempo-norte-entra-em-alerta-para-chuvas-intensas-neste-sabado-3","status":"publish","type":"post","link":"https:\/\/noticiasdestaque.com.br\/index.php\/2026\/01\/02\/previsao-do-tempo-norte-entra-em-alerta-para-chuvas-intensas-neste-sabado-3\/","title":{"rendered":"PREVIS\u00c3O DO TEMPO: Norte entra em alerta para chuvas intensas neste s\u00e1bado (3)"},"content":{"rendered":"<p>\t\t\t\t\t\t\t\t\t\t\t<audio controls class=\"b61_audio_player\" data-noticia=\"86812\" src=\"https:\/\/brasil61.com\/rails\/active_storage\/blobs\/eyJfcmFpbHMiOnsibWVzc2FnZSI6IkJBaHBBMURlQXc9PSIsImV4cCI6bnVsbCwicHVyIjoiYmxvYl9pZCJ9fQ==--906baf734f2e3c4d54e52826fe1dddb855f96c87\/PTRN264662A\"><\/audio><\/p>\n<p>O <strong>Instituto Nacional de Meteorologia<\/strong> (<a href=\"https:\/\/portal.inmet.gov.br\/\">Inmet<\/a>) emitiu alerta de<strong> perigo potencial para chuvas intensas<\/strong> em estados da regi\u00e3o Norte neste s\u00e1bado (3). O aviso vale para Acre, Amazonas, Rond\u00f4nia, Par\u00e1 e Tocantins.<\/p>\n<\/p>\n<p>No Acre e em Rond\u00f4nia, a previs\u00e3o \u00e9 de <strong>chuva com intensidade<\/strong> ao longo de todo o dia, com risco de volumes elevados e trovoadas isoladas.<\/p>\n<p>No Amazonas, as <strong>precipita\u00e7\u00f5es <\/strong>mais intensas se concentram em munic\u00edpios do Sul do estado, como Manicor\u00e9, Novo Aripuan\u00e3 e Tapau\u00e1, onde o tempo segue inst\u00e1vel durante grande parte do dia.<\/p>\n<p>No Par\u00e1, pode <strong>chover <\/strong>em \u00e1reas do Sul e do Sudoeste paraense, atingindo munic\u00edpios como S\u00e3o F\u00e9lix do Xingu, Altamira e Aveiro.<\/p>\n<p>Em Tocantins, as<strong> chuvas mais intensas<\/strong> atingem munic\u00edpios das regi\u00f5es Leste e Centro-Norte do estado, com destaque para Mateiros, Crix\u00e1s do Tocantins e Colmeia.<\/p>\n<p>No Amap\u00e1, a <strong>chuva <\/strong>atinge principalmente a regi\u00e3o litor\u00e2nea, afetando munic\u00edpios como Cal\u00e7oene, Oiapoque e Amap\u00e1.<\/p>\n<p>J\u00e1 em Roraima, o tempo <strong>permanece mais est\u00e1vel<\/strong>, com <strong>c\u00e9u claro<\/strong> a parcialmente nublado ao longo do dia e sem previs\u00e3o de chuva significativa.<\/p>\n<p>Entre as capitais, a temperatura m\u00ednima prevista \u00e9 de 23\u00b0C, em Rio Branco e Palmas. J\u00e1 a m\u00e1xima pode chegar a 34\u00b0C, em Bel\u00e9m e Manaus. A umidade relativa do ar varia entre 40% e 100%.<\/p>\n<h2>5 motivos para acompanhar as previs\u00f5es do tempo<\/h2>\n<ul>\n<li>Agricultura: garantia de uma boa colheita;<\/li>\n<li>Marinha: prote\u00e7\u00e3o de marinheiros, navios e passageiros;<\/li>\n<li>Aeron\u00e1utica: seguran\u00e7a de pilotos, aeronaves e passageiros;<\/li>\n<li>Pesca: condi\u00e7\u00f5es favor\u00e1veis e seguras para a atividade;<\/li>\n<li>Turismo: garantia de passeios e viagens tranquilas e agrad\u00e1veis.<\/li>\n<\/ul>\n<h2>Import\u00e2ncia das observa\u00e7\u00f5es meteorol\u00f3gicas no INMET<\/h2>\n<p>As observa\u00e7\u00f5es meteorol\u00f3gicas do <a href=\"https:\/\/portal.inmet.gov.br\/\">INMET<\/a> s\u00e3o essenciais para previs\u00f5es em tempo real, estat\u00edsticas clim\u00e1ticas e coopera\u00e7\u00e3o internacional. Esses dados precisos ajudam a estudar o clima passado e a produzir Normais Climatol\u00f3gicas conforme a <strong>Organiza\u00e7\u00e3o Meteorol\u00f3gica Mundial<\/strong> (<a href=\"https:\/\/worldweather.wmo.int\/pt\/home.html\">OMM<\/a>).<\/p>\n<p>As informa\u00e7\u00f5es s\u00e3o do<strong> Instituto Nacional de Meteorologia<\/strong> (<a href=\"https:\/\/portal.inmet.gov.br\/\">Inmet<\/a>).<br \/>\n\u00a0<\/p>\n<p>\t\t\t\t\t\t\t\t\t\t<img loading=\"lazy\" decoding=\"async\" src=\"https:\/\/brasil61.com\/api\/v1\/serve_pixel\/17677\/86812\" alt=\"Pixel Brasil 61\" class=\"b61_pixel\" width=\"0\" height=\"0\"><\/p>\n<input type=\"hidden\" id=\"baseurl\" value=\"https:\/\/noticiasdestaque.com.br\"><input type=\"hidden\" id=\"audio_nonce\" value=\"6a24ca502e\">","protected":false},"excerpt":{"rendered":"<p>Entre as capitais, a temperatura m\u00ednima prevista \u00e9 de 23\u00b0C, em Rio Branco e Palmas. J\u00e1 a m\u00e1xima pode chegar a 34\u00b0C, em Bel\u00e9m e Manaus<\/p>\n","protected":false},"author":1,"featured_media":48771,"comment_status":"open","ping_status":"open","sticky":false,"template":"","format":"standard","meta":{"fifu_image_url":"","fifu_image_alt":"","footnotes":""},"categories":[58],"tags":[],"class_list":["post-48770","post","type-post","status-publish","format-standard","has-post-thumbnail","hentry","category-cotidiano"],"distributor_meta":false,"distributor_terms":false,"distributor_media":false,"distributor_original_site_name":"Noticias em Destaque","distributor_original_site_url":"https:\/\/noticiasdestaque.com.br","push-errors":false,"_links":{"self":[{"href":"https:\/\/noticiasdestaque.com.br\/index.php\/wp-json\/wp\/v2\/posts\/48770","targetHints":{"allow":["GET"]}}],"collection":[{"href":"https:\/\/noticiasdestaque.com.br\/index.php\/wp-json\/wp\/v2\/posts"}],"about":[{"href":"https:\/\/noticiasdestaque.com.br\/index.php\/wp-json\/wp\/v2\/types\/post"}],"author":[{"embeddable":true,"href":"https:\/\/noticiasdestaque.com.br\/index.php\/wp-json\/wp\/v2\/users\/1"}],"replies":[{"embeddable":true,"href":"https:\/\/noticiasdestaque.com.br\/index.php\/wp-json\/wp\/v2\/comments?post=48770"}],"version-history":[{"count":0,"href":"https:\/\/noticiasdestaque.com.br\/index.php\/wp-json\/wp\/v2\/posts\/48770\/revisions"}],"wp:featuredmedia":[{"embeddable":true,"href":"https:\/\/noticiasdestaque.com.br\/index.php\/wp-json\/wp\/v2\/media\/48771"}],"wp:attachment":[{"href":"https:\/\/noticiasdestaque.com.br\/index.php\/wp-json\/wp\/v2\/media?parent=48770"}],"wp:term":[{"taxonomy":"category","embeddable":true,"href":"https:\/\/noticiasdestaque.com.br\/index.php\/wp-json\/wp\/v2\/categories?post=48770"},{"taxonomy":"post_tag","embeddable":true,"href":"https:\/\/noticiasdestaque.com.br\/index.php\/wp-json\/wp\/v2\/tags?post=48770"}],"curies":[{"name":"wp","href":"https:\/\/api.w.org\/{rel}","templated":true}]}}