{"id":48763,"date":"2026-01-02T02:30:00","date_gmt":"2026-01-02T05:30:00","guid":{"rendered":"https:\/\/noticiasdestaque.com.br\/index.php\/2026\/01\/02\/atraso-em-declaracoes-do-simples-nacional-ficara-mais-caro-para-pequenos-negocios\/"},"modified":"2026-01-02T02:30:00","modified_gmt":"2026-01-02T05:30:00","slug":"atraso-em-declaracoes-do-simples-nacional-ficara-mais-caro-para-pequenos-negocios","status":"publish","type":"post","link":"https:\/\/noticiasdestaque.com.br\/index.php\/2026\/01\/02\/atraso-em-declaracoes-do-simples-nacional-ficara-mais-caro-para-pequenos-negocios\/","title":{"rendered":"Atraso em declara\u00e7\u00f5es do Simples Nacional ficar\u00e1 mais caro para pequenos neg\u00f3cios"},"content":{"rendered":"<p>\t\t\t\t\t\t\t\t\t\t\t<audio controls class=\"b61_audio_player\" data-noticia=\"86788\" src=\"https:\/\/brasil61.com\/rails\/active_storage\/blobs\/eyJfcmFpbHMiOnsibWVzc2FnZSI6IkJBaHBBOVhkQXc9PSIsImV4cCI6bnVsbCwicHVyIjoiYmxvYl9pZCJ9fQ==--92549df6efbd1ddd867c1fea4215a1106a111361\/BRAS2515473A\"><\/audio><\/p>\n<p>Empresas optantes pelo <strong>Simples Nacional <\/strong>devem redobrar a aten\u00e7\u00e3o \u00e0s novas regras para a entrega das declara\u00e7\u00f5es fiscais. O <a href=\"https:\/\/www.gov.br\/fazenda\/pt-br\/acesso-a-informacao\/institucional\/competencia-por-orgao-2\/orgaos-colegiados\/comite-gestor-do-simples-nacional\"><strong>Comit\u00ea Gestor do Simples Nacional<\/strong><\/a> publicou uma <a href=\"https:\/\/www.in.gov.br\/en\/web\/dou\/-\/resolucao-cgsn-n-183-de-26-de-setembro-de-2025-661926368\" target=\"_blank\">resolu\u00e7\u00e3o (n\u00ba 183\/2025)<\/a>, que<strong> endurece as penalidades aplicadas em caso de atraso ou erro no envio da Declara\u00e7\u00e3o de Arrecada\u00e7\u00e3o do Simples Nacional (PGDAS-D) e da Declara\u00e7\u00e3o de Informa\u00e7\u00f5es Socioecon\u00f4micas e Fiscais (DEFIS)<\/strong>.<\/p>\n<p>A <strong>PGDAS-D<\/strong> \u00e9 o documento no qual o empreendedor informa o faturamento mensal da empresa. A partir de 2026, a <strong>multa por atraso passa a ser aplicada j\u00e1 no dia seguinte ao vencimento<\/strong>. Pela legisla\u00e7\u00e3o atual, o prazo para envio \u00e9 at\u00e9 o dia 20 do m\u00eas subsequente ao de apura\u00e7\u00e3o.\u00a0<\/p>\n<p>Caso a <strong>declara\u00e7\u00e3o n\u00e3o seja entregue<\/strong>, <strong>a penalidade ser\u00e1 cobrada imediatamente ap\u00f3s esse prazo<\/strong>. A nova regra tamb\u00e9m se aplica a declara\u00e7\u00f5es em atraso referentes a meses ou anos anteriores, cujo c\u00e1lculo da multa passar\u00e1 a seguir o novo crit\u00e9rio.<\/p>\n<p>J\u00e1 em rela\u00e7\u00e3o \u00e0 <strong>DEFIS<\/strong>, que re\u00fane as informa\u00e7\u00f5es econ\u00f4micas e fiscais da empresa relativas ao ano anterior, <strong>o prazo de entrega \u00e9 at\u00e9 31 de mar\u00e7o<\/strong>. <strong>O n\u00e3o envio do documento gera multa de 2% por m\u00eas de atraso<\/strong>, ou por parte de m\u00eas. Nos casos de<strong> informa\u00e7\u00f5es incorretas ou omitidas<\/strong>, ser\u00e1 cobrado o valor de<strong> R$ 100 para cada conjunto de dez dados<\/strong> <strong>faltantes ou preenchidos de forma errada<\/strong>.<\/p>\n<p>Em nota, a analista de Pol\u00edticas P\u00fablicas do Sebrae, <strong>Layla Caldas<\/strong>, orienta o empreendedor a ser <strong>mais organizado<\/strong>. Segundo ela, erros ou atrasos na entrega das declara\u00e7\u00f5es passam a gerar <strong>impacto financeiro imediato<\/strong>. \u201c\u00c9 importante verificar junto \u00e0 contabilidade respons\u00e1vel pela empresa se existe algum m\u00eas sem PGDAS-D entregue e verificar se falta a entrega da DEFIS de algum ano\u201d, recomenda.<\/p>\n<p>A analista destaca ainda que a situa\u00e7\u00e3o fiscal da empresa pode ser consultada tanto pelo <a href=\"https:\/\/cav.receita.fazenda.gov.br\/autenticacao\/login\/index\" target=\"_blank\">e-CAC<\/a> quanto pelo <a href=\"https:\/\/www8.receita.fazenda.gov.br\/simplesnacional\/\" target=\"_blank\">Portal do Simples Nacional<\/a>, onde \u00e9 poss\u00edvel identificar eventuais atrasos junto \u00e0 Receita Federal.<\/p>\n<p><strong>VEJA MAIS:<\/strong><\/p>\n<ul>\n<li><a href=\"https:\/\/brasil61.com\/n\/oab-aciona-stf-contra-tributacao-de-lucros-e-dividendos-do-simples-nacional-bras2515426\" target=\"_blank\">OAB aciona STF contra tributa\u00e7\u00e3o de lucros e dividendos do Simples Nacional<\/a><\/li>\n<li><a href=\"https:\/\/brasil61.com\/n\/gastos-publicos-superam-arrecadacao-e-devem-fechar-2025-em-r-5-2-trilhoes-cacb250105\" target=\"_blank\">Gastos p\u00fablicos superam arrecada\u00e7\u00e3o e devem fechar 2025 em R$ 5,2 trilh\u00f5es<\/a><\/li>\n<\/ul>\n<p>\t\t\t\t\t\t\t\t\t\t<img loading=\"lazy\" decoding=\"async\" src=\"https:\/\/brasil61.com\/api\/v1\/serve_pixel\/17677\/86788\" alt=\"Pixel Brasil 61\" class=\"b61_pixel\" width=\"0\" height=\"0\"><\/p>\n<input type=\"hidden\" id=\"baseurl\" value=\"https:\/\/noticiasdestaque.com.br\"><input type=\"hidden\" id=\"audio_nonce\" value=\"6a24ca502e\">","protected":false},"excerpt":{"rendered":"<p>Resolu\u00e7\u00e3o endurece puni\u00e7\u00f5es e exige mais aten\u00e7\u00e3o de micro e pequenas empresas<\/p>\n","protected":false},"author":1,"featured_media":48764,"comment_status":"open","ping_status":"open","sticky":false,"template":"","format":"standard","meta":{"fifu_image_url":"","fifu_image_alt":"","footnotes":""},"categories":[59],"tags":[],"class_list":["post-48763","post","type-post","status-publish","format-standard","has-post-thumbnail","hentry","category-economia"],"distributor_meta":false,"distributor_terms":false,"distributor_media":false,"distributor_original_site_name":"Noticias em Destaque","distributor_original_site_url":"https:\/\/noticiasdestaque.com.br","push-errors":false,"_links":{"self":[{"href":"https:\/\/noticiasdestaque.com.br\/index.php\/wp-json\/wp\/v2\/posts\/48763","targetHints":{"allow":["GET"]}}],"collection":[{"href":"https:\/\/noticiasdestaque.com.br\/index.php\/wp-json\/wp\/v2\/posts"}],"about":[{"href":"https:\/\/noticiasdestaque.com.br\/index.php\/wp-json\/wp\/v2\/types\/post"}],"author":[{"embeddable":true,"href":"https:\/\/noticiasdestaque.com.br\/index.php\/wp-json\/wp\/v2\/users\/1"}],"replies":[{"embeddable":true,"href":"https:\/\/noticiasdestaque.com.br\/index.php\/wp-json\/wp\/v2\/comments?post=48763"}],"version-history":[{"count":0,"href":"https:\/\/noticiasdestaque.com.br\/index.php\/wp-json\/wp\/v2\/posts\/48763\/revisions"}],"wp:featuredmedia":[{"embeddable":true,"href":"https:\/\/noticiasdestaque.com.br\/index.php\/wp-json\/wp\/v2\/media\/48764"}],"wp:attachment":[{"href":"https:\/\/noticiasdestaque.com.br\/index.php\/wp-json\/wp\/v2\/media?parent=48763"}],"wp:term":[{"taxonomy":"category","embeddable":true,"href":"https:\/\/noticiasdestaque.com.br\/index.php\/wp-json\/wp\/v2\/categories?post=48763"},{"taxonomy":"post_tag","embeddable":true,"href":"https:\/\/noticiasdestaque.com.br\/index.php\/wp-json\/wp\/v2\/tags?post=48763"}],"curies":[{"name":"wp","href":"https:\/\/api.w.org\/{rel}","templated":true}]}}