{"id":48759,"date":"2026-01-02T01:30:00","date_gmt":"2026-01-02T04:30:00","guid":{"rendered":"https:\/\/noticiasdestaque.com.br\/index.php\/2026\/01\/02\/verao-2026-aneel-estabelece-regras-para-garantir-fornecimento-de-energia-nos-municipios\/"},"modified":"2026-01-02T01:30:00","modified_gmt":"2026-01-02T04:30:00","slug":"verao-2026-aneel-estabelece-regras-para-garantir-fornecimento-de-energia-nos-municipios","status":"publish","type":"post","link":"https:\/\/noticiasdestaque.com.br\/index.php\/2026\/01\/02\/verao-2026-aneel-estabelece-regras-para-garantir-fornecimento-de-energia-nos-municipios\/","title":{"rendered":"Ver\u00e3o 2026: ANEEL estabelece regras para garantir fornecimento de energia nos munic\u00edpios"},"content":{"rendered":"<p>\t\t\t\t\t\t\t\t\t\t\t<audio controls class=\"b61_audio_player\" data-noticia=\"86762\" src=\"https:\/\/brasil61.com\/rails\/active_storage\/blobs\/eyJfcmFpbHMiOnsibWVzc2FnZSI6IkJBaHBBMHJkQXc9PSIsImV4cCI6bnVsbCwicHVyIjoiYmxvYl9pZCJ9fQ==--19f1a90a2acdd8dd6885463e03c4084903392ddc\/BRAS2515457A\"><\/audio><\/p>\n<p>A Ag\u00eancia Nacional de Energia El\u00e9trica (ANEEL) emitiu, nesta segunda-feira (29), of\u00edcio com diretrizes para \u201cpara fortalecer o fornecimento de energia durante o per\u00edodo do Ver\u00e3o 2025\/2026.\u201d As medidas visam coordenar distribuidoras e poder p\u00fablico diante de previs\u00f5es de eleva\u00e7\u00e3o de temperaturas, chuvas intensas e ventos fortes.\u00a0<\/p>\n<p>Segundo as normativas da autarquia, as distribuidoras de energia devem notificar o poder p\u00fablico &#8211; estados e munic\u00edpios &#8211; imediatamente ap\u00f3s identificar eventos clim\u00e1ticos cr\u00edticos. A notifica\u00e7\u00e3o deve ocorrer por canais exclusivos de comunica\u00e7\u00e3o mantidos com estados e munic\u00edpios. As diretrizes constam no Of\u00edcio Circular n\u00ba 5\/2025 da ANEEL.\u00a0<\/p>\n<p>Conforme o diretor-geral da ANEEL, Sandoval Feitosa, &#8220;a mitiga\u00e7\u00e3o dos impactos decorrentes de eventos clim\u00e1ticos demanda atua\u00e7\u00e3o coordenada e integrada entre as institui\u00e7\u00f5es&#8221;.\u00a0<\/p>\n<p>Entre as medidas, a Ag\u00eancia viabiliza o Sistema Radar. Dispon\u00edvel \u00e0 popula\u00e7\u00e3o, esse sistema fornece informa\u00e7\u00f5es em tempo real sobre as interrup\u00e7\u00f5es de energia. O sistema pode ser acessado pelo site da ANEEL e pelo aplicativo ANEEL Consumidor.\u00a0<\/p>\n<p><strong>Conte\u00fado para notifica\u00e7\u00e3o ao poder p\u00fablico<\/strong><\/p>\n<p>Embora o of\u00edcio n\u00e3o traga um modelo padronizado, a regula\u00e7\u00e3o recente da ANEEL sobre comunica\u00e7\u00e3o em emerg\u00eancias indica que a notifica\u00e7\u00e3o ao poder p\u00fablico deve contemplar: prov\u00e1vel causa da ocorr\u00eancia, \u00e1rea afetada e tempo estimado para normaliza\u00e7\u00e3o do servi\u00e7o.\u200b<\/p>\n<p>Com essas informa\u00e7\u00f5es, estados, munic\u00edpios e defesas civis podem direcionar as a\u00e7\u00f5es de atendimento \u00e0 popula\u00e7\u00e3o e de suporte a servi\u00e7os essenciais.\u00a0<br \/>\n\u00a0<\/p>\n<p>\t\t\t\t\t\t\t\t\t\t<img loading=\"lazy\" decoding=\"async\" src=\"https:\/\/brasil61.com\/api\/v1\/serve_pixel\/17677\/86762\" alt=\"Pixel Brasil 61\" class=\"b61_pixel\" width=\"0\" height=\"0\"><\/p>\n<input type=\"hidden\" id=\"baseurl\" value=\"https:\/\/noticiasdestaque.com.br\"><input type=\"hidden\" id=\"audio_nonce\" value=\"6f73a554f1\">","protected":false},"excerpt":{"rendered":"<p>As medidas visam coordenar distribuidoras e poder p\u00fablico diante de previs\u00f5es de eleva\u00e7\u00e3o de temperaturas, chuvas intensas e ventos fortes<\/p>\n","protected":false},"author":1,"featured_media":48760,"comment_status":"open","ping_status":"open","sticky":false,"template":"","format":"standard","meta":{"fifu_image_url":"","fifu_image_alt":"","footnotes":""},"categories":[59],"tags":[],"class_list":["post-48759","post","type-post","status-publish","format-standard","has-post-thumbnail","hentry","category-economia"],"distributor_meta":false,"distributor_terms":false,"distributor_media":false,"distributor_original_site_name":"Noticias em Destaque","distributor_original_site_url":"https:\/\/noticiasdestaque.com.br","push-errors":false,"_links":{"self":[{"href":"https:\/\/noticiasdestaque.com.br\/index.php\/wp-json\/wp\/v2\/posts\/48759","targetHints":{"allow":["GET"]}}],"collection":[{"href":"https:\/\/noticiasdestaque.com.br\/index.php\/wp-json\/wp\/v2\/posts"}],"about":[{"href":"https:\/\/noticiasdestaque.com.br\/index.php\/wp-json\/wp\/v2\/types\/post"}],"author":[{"embeddable":true,"href":"https:\/\/noticiasdestaque.com.br\/index.php\/wp-json\/wp\/v2\/users\/1"}],"replies":[{"embeddable":true,"href":"https:\/\/noticiasdestaque.com.br\/index.php\/wp-json\/wp\/v2\/comments?post=48759"}],"version-history":[{"count":0,"href":"https:\/\/noticiasdestaque.com.br\/index.php\/wp-json\/wp\/v2\/posts\/48759\/revisions"}],"wp:featuredmedia":[{"embeddable":true,"href":"https:\/\/noticiasdestaque.com.br\/index.php\/wp-json\/wp\/v2\/media\/48760"}],"wp:attachment":[{"href":"https:\/\/noticiasdestaque.com.br\/index.php\/wp-json\/wp\/v2\/media?parent=48759"}],"wp:term":[{"taxonomy":"category","embeddable":true,"href":"https:\/\/noticiasdestaque.com.br\/index.php\/wp-json\/wp\/v2\/categories?post=48759"},{"taxonomy":"post_tag","embeddable":true,"href":"https:\/\/noticiasdestaque.com.br\/index.php\/wp-json\/wp\/v2\/tags?post=48759"}],"curies":[{"name":"wp","href":"https:\/\/api.w.org\/{rel}","templated":true}]}}