{"id":48757,"date":"2026-01-02T01:00:00","date_gmt":"2026-01-02T04:00:00","guid":{"rendered":"https:\/\/noticiasdestaque.com.br\/index.php\/2026\/01\/02\/aumento-do-icms-eleva-custo-da-gasolina-e-do-diesel-em-2026\/"},"modified":"2026-01-02T01:00:00","modified_gmt":"2026-01-02T04:00:00","slug":"aumento-do-icms-eleva-custo-da-gasolina-e-do-diesel-em-2026","status":"publish","type":"post","link":"https:\/\/noticiasdestaque.com.br\/index.php\/2026\/01\/02\/aumento-do-icms-eleva-custo-da-gasolina-e-do-diesel-em-2026\/","title":{"rendered":"Aumento do ICMS eleva custo da gasolina e do diesel em 2026"},"content":{"rendered":"<p>\t\t\t\t\t\t\t\t\t\t\t<audio controls class=\"b61_audio_player\" data-noticia=\"86756\" src=\"https:\/\/brasil61.com\/rails\/active_storage\/blobs\/eyJfcmFpbHMiOnsibWVzc2FnZSI6IkJBaHBBMFhkQXc9PSIsImV4cCI6bnVsbCwicHVyIjoiYmxvYl9pZCJ9fQ==--8aa47bf2ad2f50ab6c2b5e73c17958231631e3f7\/BRAS2515456A\"><\/audio><\/p>\n<p>Os pre\u00e7os da gasolina e do diesel v\u00e3o pesar um pouco mais no bolso dos motoristas a partir de janeiro de 2026. O <strong><a href=\"https:\/\/www.confaz.fazenda.gov.br\/\" target=\"_blank\">Conselho Nacional de Pol\u00edtica Fazend\u00e1ria (Confaz)<\/a> aprovou um aumento do Imposto sobre Circula\u00e7\u00e3o de Mercadorias e Servi\u00e7os (ICMS) incidente sobre os combust\u00edveis<\/strong>. A decis\u00e3o foi publicada no <a href=\"https:\/\/www.in.gov.br\/en\/web\/dou\/-\/despacho-n-27-de-5-de-setembro-de-2025-653617176\" target=\"_blank\">Di\u00e1rio Oficial da Uni\u00e3o<\/a> em setembro de 2025, mas s\u00f3 entra em vigor na virada do ano.<\/p>\n<p>Com o reajuste, o aumento da al\u00edquota sobre os combust\u00edveis ser\u00e1 de:<\/p>\n<ul>\n<li><strong>Gasolina<\/strong>: R$ 0,10 por litro; passar\u00e1 de R$ 1,47 para <strong>R$ 1,57<\/strong>;<\/li>\n<li><strong>Diesel<\/strong>: R$ 0,05 por litro; passar\u00e1 de R$ 1,12 para <strong>R$ 1,17<\/strong>.<\/li>\n<\/ul>\n<p>Este \u00e9 o segundo ano consecutivo de eleva\u00e7\u00e3o do ICMS sobre os combust\u00edveis. Em fevereiro de 2025, os estados j\u00e1 haviam promovido um reajuste nas al\u00edquotas. Na ocasi\u00e3o, o Comit\u00ea Nacional de Secret\u00e1rios de Fazenda (Comsefaz) informou que a atualiza\u00e7\u00e3o levou em conta os pre\u00e7os m\u00e9dios mensais dos combust\u00edveis, calculados a partir de dados da <a href=\"https:\/\/www.gov.br\/anp\/pt-br\" target=\"_blank\">Ag\u00eancia Nacional do Petr\u00f3leo, G\u00e1s Natural e Biocombust\u00edveis (ANP)<\/a>.<\/p>\n<h2>Pre\u00e7os m\u00e9dios dos combust\u00edveis<\/h2>\n<p>Confira os pre\u00e7os m\u00e9dios mais recentes da <strong>gasolina comum <\/strong>e do <strong>\u00f3leo diesel <\/strong>nos estados, apurados pela ANP, referentes \u00e0 semana de 21 a 27 de dezembro de 2025.<\/p>\n<table border=\"1\" cellpadding=\"1\" cellspacing=\"1\" style=\"width:500px\">\n<tbody>\n<tr>\n<td style=\"text-align: center\"><strong>Estados<\/strong><\/td>\n<td style=\"text-align: center\"><strong>Gasolina comum (R$\/l)<\/strong><\/td>\n<td style=\"text-align: center\"><strong>\u00d3leo diesel (R$\/l)<\/strong><\/td>\n<\/tr>\n<tr>\n<td style=\"text-align: center\"><strong>ACRE<\/strong><\/td>\n<td style=\"text-align: center\">7,97<\/td>\n<td style=\"text-align: center\">8,14<\/td>\n<\/tr>\n<tr>\n<td style=\"text-align: center\"><strong>ALAGOAS<\/strong><\/td>\n<td style=\"text-align: center\">6,31<\/td>\n<td style=\"text-align: center\">5,97<\/td>\n<\/tr>\n<tr>\n<td style=\"text-align: center\"><strong>AMAP\u00c1<\/strong><\/td>\n<td style=\"text-align: center\">6,04<\/td>\n<td style=\"text-align: center\">6,42<\/td>\n<\/tr>\n<tr>\n<td style=\"text-align: center\"><strong>AMAZONAS<\/strong><\/td>\n<td style=\"text-align: center\">7,01<\/td>\n<td style=\"text-align: center\">6,50<\/td>\n<\/tr>\n<tr>\n<td style=\"text-align: center\"><strong>BAHIA<\/strong><\/td>\n<td style=\"text-align: center\">6,32<\/td>\n<td style=\"text-align: center\">6,01<\/td>\n<\/tr>\n<tr>\n<td style=\"text-align: center\"><strong>CEAR\u00c1<\/strong><\/td>\n<td style=\"text-align: center\">6,16<\/td>\n<td style=\"text-align: center\">6,17<\/td>\n<\/tr>\n<tr>\n<td style=\"text-align: center\"><strong>DISTRITO FEDERAL<\/strong><\/td>\n<td style=\"text-align: center\">6,43<\/td>\n<td style=\"text-align: center\">5,98<\/td>\n<\/tr>\n<tr>\n<td style=\"text-align: center\"><strong>ESP\u00cdRITO SANTO<\/strong><\/td>\n<td style=\"text-align: center\">6,29<\/td>\n<td style=\"text-align: center\">5,92<\/td>\n<\/tr>\n<tr>\n<td style=\"text-align: center\"><strong>GOI\u00c1S<\/strong><\/td>\n<td style=\"text-align: center\">6,40<\/td>\n<td style=\"text-align: center\">5,89<\/td>\n<\/tr>\n<tr>\n<td style=\"text-align: center\"><strong>MARANH\u00c3O<\/strong><\/td>\n<td style=\"text-align: center\">5,90<\/td>\n<td style=\"text-align: center\">6,17<\/td>\n<\/tr>\n<tr>\n<td style=\"text-align: center\"><strong>MATO GROSSO<\/strong><\/td>\n<td style=\"text-align: center\">6,33<\/td>\n<td style=\"text-align: center\">6,27<\/td>\n<\/tr>\n<tr>\n<td style=\"text-align: center\"><strong>MATO GROSSO DO SUL<\/strong><\/td>\n<td style=\"text-align: center\">5,95<\/td>\n<td style=\"text-align: center\">5,92<\/td>\n<\/tr>\n<tr>\n<td style=\"text-align: center\"><strong>MINAS GERAIS<\/strong><\/td>\n<td style=\"text-align: center\">6,11<\/td>\n<td style=\"text-align: center\">5,84<\/td>\n<\/tr>\n<tr>\n<td style=\"text-align: center\"><strong>PAR\u00c1<\/strong><\/td>\n<td style=\"text-align: center\">6,20<\/td>\n<td style=\"text-align: center\">6,43<\/td>\n<\/tr>\n<tr>\n<td style=\"text-align: center\"><strong>PARA\u00cdBA<\/strong><\/td>\n<td style=\"text-align: center\">5,91<\/td>\n<td style=\"text-align: center\">5,79<\/td>\n<\/tr>\n<tr>\n<td style=\"text-align: center\"><strong>PARAN\u00c1<\/strong><\/td>\n<td style=\"text-align: center\">6,47<\/td>\n<td style=\"text-align: center\">5,87<\/td>\n<\/tr>\n<tr>\n<td style=\"text-align: center\"><strong>PERNAMBUCO<\/strong><\/td>\n<td style=\"text-align: center\">6,34<\/td>\n<td style=\"text-align: center\">6,01<\/td>\n<\/tr>\n<tr>\n<td style=\"text-align: center\"><strong>PIAU\u00cd<\/strong><\/td>\n<td style=\"text-align: center\">5,80<\/td>\n<td style=\"text-align: center\">5,97<\/td>\n<\/tr>\n<tr>\n<td style=\"text-align: center\"><strong>RIO DE JANEIRO<\/strong><\/td>\n<td style=\"text-align: center\">6,11<\/td>\n<td style=\"text-align: center\">6,09<\/td>\n<\/tr>\n<tr>\n<td style=\"text-align: center\"><strong>RIO GRANDE DO NORTE<\/strong><\/td>\n<td style=\"text-align: center\">5,84<\/td>\n<td style=\"text-align: center\">6,07<\/td>\n<\/tr>\n<tr>\n<td style=\"text-align: center\"><strong>RIO GRANDE DO SUL<\/strong><\/td>\n<td style=\"text-align: center\">6,18<\/td>\n<td style=\"text-align: center\">6,06<\/td>\n<\/tr>\n<tr>\n<td style=\"text-align: center\"><strong>ROND\u00d4NIA<\/strong><\/td>\n<td style=\"text-align: center\">6,82<\/td>\n<td style=\"text-align: center\">6,41<\/td>\n<\/tr>\n<tr>\n<td style=\"text-align: center\"><strong>RORAIMA<\/strong><\/td>\n<td style=\"text-align: center\">6,70<\/td>\n<td style=\"text-align: center\">6,62<\/td>\n<\/tr>\n<tr>\n<td style=\"text-align: center\"><strong>SANTA CATARINA<\/strong><\/td>\n<td style=\"text-align: center\">6,34<\/td>\n<td style=\"text-align: center\">6,08<\/td>\n<\/tr>\n<tr>\n<td style=\"text-align: center\"><strong>S\u00c3O PAULO<\/strong><\/td>\n<td style=\"text-align: center\">6,09<\/td>\n<td style=\"text-align: center\">6,03<\/td>\n<\/tr>\n<tr>\n<td style=\"text-align: center\"><strong>SERGIPE<\/strong><\/td>\n<td style=\"text-align: center\">6,51<\/td>\n<td style=\"text-align: center\">5,74<\/td>\n<\/tr>\n<tr>\n<td style=\"text-align: center\"><strong>TOCANTINS<\/strong><\/td>\n<td style=\"text-align: center\">6,61<\/td>\n<td style=\"text-align: center\">6,04<\/td>\n<\/tr>\n<\/tbody>\n<\/table>\n<h2>ICMS em fase de transi\u00e7\u00e3o<\/h2>\n<p>Apesar do avan\u00e7o da Reforma Tribut\u00e1ria e da cria\u00e7\u00e3o do <strong>Imposto sobre Bens e Servi\u00e7os (IBS)<\/strong>, vale destacar que o <strong>ICMS n\u00e3o ser\u00e1 extinto de imediato<\/strong>. O ano de <strong>2026 <\/strong>marca o in\u00edcio da chamada <strong>fase de testes operacionais do novo sistema tribut\u00e1rio<\/strong>.<\/p>\n<p>A partir de janeiro, ser\u00e1 cobrada uma <strong>al\u00edquota simb\u00f3lica total de 1%<\/strong> sobre a movimenta\u00e7\u00e3o de bens e servi\u00e7os. Esse percentual ser\u00e1 dividido entre os dois novos tributos do modelo dual:<\/p>\n<ul>\n<li><strong>0,9%<\/strong> destinados \u00e0 Contribui\u00e7\u00e3o sobre Bens e Servi\u00e7os (CBS), de compet\u00eancia federal;<\/li>\n<li><strong>0,1%<\/strong> ao IBS, de compet\u00eancia estadual e municipal.<\/li>\n<\/ul>\n<p>O objetivo \u00e9 testar o recolhimento simult\u00e2neo entre os diferentes entes federativos, sem impacto tribut\u00e1rio adicional relevante, j\u00e1 que os valores pagos poder\u00e3o ser compensados.<\/p>\n<p><strong>VEJA MAIS:<\/strong><\/p>\n<ul>\n<li><a href=\"https:\/\/brasil61.com\/n\/focus-mercado-preve-ipca-acima-de-4-e-selic-acima-de-10-ate-2026-aponta-relatorio-bras2515445\" target=\"_blank\">Focus: mercado prev\u00ea IPCA acima de 4% e Selic acima de 10% at\u00e9 2026, aponta relat\u00f3rio<\/a><\/li>\n<li><a href=\"https:\/\/brasil61.com\/n\/igp-m-recua-e-fecha-2025-com-queda-acumulada-de-1-05-bras2515447\" target=\"_blank\">IGP-M recua e fecha 2025 com queda acumulada de 1,05%<\/a><\/li>\n<\/ul>\n<p>\t\t\t\t\t\t\t\t\t\t<img loading=\"lazy\" decoding=\"async\" src=\"https:\/\/brasil61.com\/api\/v1\/serve_pixel\/17677\/86756\" alt=\"Pixel Brasil 61\" class=\"b61_pixel\" width=\"0\" height=\"0\"><\/p>\n<input type=\"hidden\" id=\"baseurl\" value=\"https:\/\/noticiasdestaque.com.br\"><input type=\"hidden\" id=\"audio_nonce\" value=\"6f73a554f1\">","protected":false},"excerpt":{"rendered":"<p>Reajuste aprovado pelo Confaz eleva a carga tribut\u00e1ria a partir de janeiro, em meio \u00e0 transi\u00e7\u00e3o para o novo sistema da Reforma Tribut\u00e1ria<\/p>\n","protected":false},"author":1,"featured_media":48758,"comment_status":"open","ping_status":"open","sticky":false,"template":"","format":"standard","meta":{"fifu_image_url":"","fifu_image_alt":"","footnotes":""},"categories":[59],"tags":[],"class_list":["post-48757","post","type-post","status-publish","format-standard","has-post-thumbnail","hentry","category-economia"],"distributor_meta":false,"distributor_terms":false,"distributor_media":false,"distributor_original_site_name":"Noticias em Destaque","distributor_original_site_url":"https:\/\/noticiasdestaque.com.br","push-errors":false,"_links":{"self":[{"href":"https:\/\/noticiasdestaque.com.br\/index.php\/wp-json\/wp\/v2\/posts\/48757","targetHints":{"allow":["GET"]}}],"collection":[{"href":"https:\/\/noticiasdestaque.com.br\/index.php\/wp-json\/wp\/v2\/posts"}],"about":[{"href":"https:\/\/noticiasdestaque.com.br\/index.php\/wp-json\/wp\/v2\/types\/post"}],"author":[{"embeddable":true,"href":"https:\/\/noticiasdestaque.com.br\/index.php\/wp-json\/wp\/v2\/users\/1"}],"replies":[{"embeddable":true,"href":"https:\/\/noticiasdestaque.com.br\/index.php\/wp-json\/wp\/v2\/comments?post=48757"}],"version-history":[{"count":0,"href":"https:\/\/noticiasdestaque.com.br\/index.php\/wp-json\/wp\/v2\/posts\/48757\/revisions"}],"wp:featuredmedia":[{"embeddable":true,"href":"https:\/\/noticiasdestaque.com.br\/index.php\/wp-json\/wp\/v2\/media\/48758"}],"wp:attachment":[{"href":"https:\/\/noticiasdestaque.com.br\/index.php\/wp-json\/wp\/v2\/media?parent=48757"}],"wp:term":[{"taxonomy":"category","embeddable":true,"href":"https:\/\/noticiasdestaque.com.br\/index.php\/wp-json\/wp\/v2\/categories?post=48757"},{"taxonomy":"post_tag","embeddable":true,"href":"https:\/\/noticiasdestaque.com.br\/index.php\/wp-json\/wp\/v2\/tags?post=48757"}],"curies":[{"name":"wp","href":"https:\/\/api.w.org\/{rel}","templated":true}]}}