{"id":48723,"date":"2025-12-31T19:00:00","date_gmt":"2025-12-31T22:00:00","guid":{"rendered":"https:\/\/noticiasdestaque.com.br\/index.php\/2025\/12\/31\/medida-provisoria-libera-saque-do-fgts-para-trabalhador-que-optou-pelo-saque-aniversario-e-foi-demitido\/"},"modified":"2025-12-31T19:00:00","modified_gmt":"2025-12-31T22:00:00","slug":"medida-provisoria-libera-saque-do-fgts-para-trabalhador-que-optou-pelo-saque-aniversario-e-foi-demitido","status":"publish","type":"post","link":"https:\/\/noticiasdestaque.com.br\/index.php\/2025\/12\/31\/medida-provisoria-libera-saque-do-fgts-para-trabalhador-que-optou-pelo-saque-aniversario-e-foi-demitido\/","title":{"rendered":"Medida provis\u00f3ria libera saque do FGTS para trabalhador que optou pelo saque-anivers\u00e1rio e foi demitido"},"content":{"rendered":"<p>\t\t\t\t\t\t\t\t\t\t\t<audio controls class=\"b61_audio_player\" data-noticia=\"86765\" src=\"https:\/\/brasil61.com\/rails\/active_storage\/blobs\/eyJfcmFpbHMiOnsibWVzc2FnZSI6IkJBaHBBMHpkQXc9PSIsImV4cCI6bnVsbCwicHVyIjoiYmxvYl9pZCJ9fQ==--4ec8f0a0746de69e09d23456a29709ad38d9b0d8\/BRAS2515460A\"><\/audio><\/p>\n<p>Trabalhadores que aderiram \u00e0 modalidade saque-anivers\u00e1rio do <strong>Fundo de Garantia do Tempo de Servi\u00e7o (FGTS)<\/strong> e foram demitidos ou tiveram o contrato suspenso nos \u00faltimos seis anos <strong>poder\u00e3o sacar o saldo retido das contas vinculadas. A libera\u00e7\u00e3o dos valores ser\u00e1 feita de forma escalonada at\u00e9 12 de fevereiro de 2026.<\/strong><\/p>\n<p>A medida est\u00e1 prevista na <a href=\"https:\/\/www.congressonacional.leg.br\/materias\/medidas-provisorias\/-\/mpv\/172325#:~:text=Medida%20Provis%C3%B3ria%20n%C2%B0%201331%2C%20de%202025&amp;text=A%20medida%20permite%20que%20trabalhadores,movimentar%20suas%20contas%20do%20FGTS.\">Medida Provis\u00f3ria (MP) 1.331\/25<\/a>, editada em 23 de dezembro pelo governo federal. Antes da MP, o trabalhador que optava pelo saque-anivers\u00e1rio e, caso fosse demitido sem justa causa, s\u00f3 tinha direito \u00e0 multa rescis\u00f3ria de 40%, sem acesso ao valor total da conta.<\/p>\n<p>Segundo o governo federal, a mudan\u00e7a busca refor\u00e7ar o papel do FGTS como instrumento de prote\u00e7\u00e3o social em momentos de vulnerabilidade econ\u00f4mica. &#8220;A medida corrige uma injusti\u00e7a ao liberar recursos que estavam retidos&#8221;, afirmou o ministro do Trabalho e Emprego, Luiz Marinho.\u00a0<\/p>\n<p><strong>Desde a cria\u00e7\u00e3o do saque-anivers\u00e1rio, em 2020, aproximadamente 12 milh\u00f5es de trabalhadores foram demitidos sem conseguir sacar o saldo do fundo.<\/strong><\/p>\n<p><b id=\"docs-internal-guid-2ebf85f2-7fff-b812-978e-f294a308ab5b\">Vig\u00eancia e tramita\u00e7\u00e3o da MP <\/b><\/p>\n<p>A <strong>MP tem validade inicial de 60 dias, sem contar o recesso parlamentar, prazo que se estende at\u00e9 o in\u00edcio de abril de 2026.<\/strong> O per\u00edodo pode ser prorrogado por mais 60 dias. Durante esse tempo, o texto ser\u00e1 analisado pelo Congresso Nacional e mant\u00e9m for\u00e7a de lei enquanto estiver em vigor.<\/p>\n<p><strong>Quem tem direito ao saque<\/strong><\/p>\n<p>Poder\u00e3o retirar o saldo do FGTS:<\/p>\n<ul>\n<li>Trabalhadores demitidos sem justa causa;<\/li>\n<li>Aqueles que tiveram rescis\u00e3o indireta, culpa rec\u00edproca ou for\u00e7a maior;<\/li>\n<li>Empregados de empresas que faliram ou de empregadores individuais que faleceram;<\/li>\n<li>Trabalhadores com contrato declarado nulo;<\/li>\n<li>Contratos encerrados normalmente a termo, inclusive tempor\u00e1rios;<\/li>\n<li>Trabalhadores avulsos com suspens\u00e3o total do trabalho.<\/li>\n<\/ul>\n<p><strong>Tamb\u00e9m est\u00e3o inclu\u00eddos os trabalhadores que j\u00e1 conseguiram novo emprego ou que migraram para o saque-rescis\u00e3o, desde que o contrato anterior tenha sido encerrado enquanto ainda estavam na modalidade saque-anivers\u00e1rio.<\/strong> O benef\u00edcio alcan\u00e7a contratos encerrados entre 1\u00ba de janeiro de 2020 e 23 de dezembro de 2025.<\/p>\n<p><strong>Pagamentos e procedimentos<\/strong><\/p>\n<p>A<a href=\"https:\/\/www.caixa.gov.br\/Paginas\/home-caixa.aspx\"> Caixa Econ\u00f4mica Federal <\/a>ser\u00e1 respons\u00e1vel por divulgar o calend\u00e1rio de pagamentos. O saque ser\u00e1 limitado a R$ 1,8 mil at\u00e9 30 de dezembro de 2025, com o valor restante liberado de forma escalonada at\u00e9 12 de fevereiro de 2026.<\/p>\n<p>O cr\u00e9dito ser\u00e1 feito automaticamente para quem j\u00e1 possui conta banc\u00e1ria cadastrada no FGTS. Quem n\u00e3o possuir conta poder\u00e1 sacar os valores nas ag\u00eancias da Caixa, nos caixas eletr\u00f4nicos ou em casas lot\u00e9ricas. Ap\u00f3s o t\u00e9rmino da vig\u00eancia da medida provis\u00f3ria, os saques presenciais n\u00e3o ser\u00e3o mais permitidos.<\/p>\n<p>De acordo com o governo federal, a MP deve liberar cerca de R$ 7,8 bilh\u00f5es, beneficiando aproximadamente 14,1 milh\u00f5es de trabalhadores.<br \/>\n\u00a0<\/p>\n<p>\t\t\t\t\t\t\t\t\t\t<img loading=\"lazy\" decoding=\"async\" src=\"https:\/\/brasil61.com\/api\/v1\/serve_pixel\/17677\/86765\" alt=\"Pixel Brasil 61\" class=\"b61_pixel\" width=\"0\" height=\"0\"><\/p>\n<input type=\"hidden\" id=\"baseurl\" value=\"https:\/\/noticiasdestaque.com.br\"><input type=\"hidden\" id=\"audio_nonce\" value=\"c9f06e19e6\">","protected":false},"excerpt":{"rendered":"<p>Libera\u00e7\u00e3o dos valores ser\u00e1 feita de forma escalonada at\u00e9 12 de fevereiro de 2026<\/p>\n","protected":false},"author":1,"featured_media":48724,"comment_status":"open","ping_status":"open","sticky":false,"template":"","format":"standard","meta":{"fifu_image_url":"","fifu_image_alt":"","footnotes":""},"categories":[59],"tags":[],"class_list":["post-48723","post","type-post","status-publish","format-standard","has-post-thumbnail","hentry","category-economia"],"distributor_meta":false,"distributor_terms":false,"distributor_media":false,"distributor_original_site_name":"Noticias em Destaque","distributor_original_site_url":"https:\/\/noticiasdestaque.com.br","push-errors":false,"_links":{"self":[{"href":"https:\/\/noticiasdestaque.com.br\/index.php\/wp-json\/wp\/v2\/posts\/48723","targetHints":{"allow":["GET"]}}],"collection":[{"href":"https:\/\/noticiasdestaque.com.br\/index.php\/wp-json\/wp\/v2\/posts"}],"about":[{"href":"https:\/\/noticiasdestaque.com.br\/index.php\/wp-json\/wp\/v2\/types\/post"}],"author":[{"embeddable":true,"href":"https:\/\/noticiasdestaque.com.br\/index.php\/wp-json\/wp\/v2\/users\/1"}],"replies":[{"embeddable":true,"href":"https:\/\/noticiasdestaque.com.br\/index.php\/wp-json\/wp\/v2\/comments?post=48723"}],"version-history":[{"count":0,"href":"https:\/\/noticiasdestaque.com.br\/index.php\/wp-json\/wp\/v2\/posts\/48723\/revisions"}],"wp:featuredmedia":[{"embeddable":true,"href":"https:\/\/noticiasdestaque.com.br\/index.php\/wp-json\/wp\/v2\/media\/48724"}],"wp:attachment":[{"href":"https:\/\/noticiasdestaque.com.br\/index.php\/wp-json\/wp\/v2\/media?parent=48723"}],"wp:term":[{"taxonomy":"category","embeddable":true,"href":"https:\/\/noticiasdestaque.com.br\/index.php\/wp-json\/wp\/v2\/categories?post=48723"},{"taxonomy":"post_tag","embeddable":true,"href":"https:\/\/noticiasdestaque.com.br\/index.php\/wp-json\/wp\/v2\/tags?post=48723"}],"curies":[{"name":"wp","href":"https:\/\/api.w.org\/{rel}","templated":true}]}}