{"id":4871,"date":"2022-12-10T19:52:38","date_gmt":"2022-12-10T22:52:38","guid":{"rendered":"https:\/\/noticiasdestaque.com.br\/index.php\/2022\/12\/10\/vacinacao-contra-febre-aftosa-e-prorrogada-ate-de-dezembro\/"},"modified":"2022-12-10T19:52:38","modified_gmt":"2022-12-10T22:52:38","slug":"vacinacao-contra-febre-aftosa-e-prorrogada-ate-de-dezembro","status":"publish","type":"post","link":"https:\/\/noticiasdestaque.com.br\/index.php\/2022\/12\/10\/vacinacao-contra-febre-aftosa-e-prorrogada-ate-de-dezembro\/","title":{"rendered":"Vacina\u00e7\u00e3o contra febre aftosa \u00e9 prorrogada at\u00e9\u00a017 de dezembro"},"content":{"rendered":"<style> bloco.meta {font-style: italic; color: #666;font-weight: 600;font-size: .8em; \/* line-height: .3em; *\/}  text h2 { font-weight: 700 !important;  color: #062f46 !important;} text img { width: none; left: none;}<\/style>\n<\/p>\n<p>Termina no pr\u00f3ximo s\u00e1bado (17) a segunda etapa da campanha de vacina\u00e7\u00e3o contra a febre aftosa em todo o pa\u00eds. A declara\u00e7\u00e3o da vacina\u00e7\u00e3o pelo produtor, no entanto, pode ser feita at\u00e9 o dia 24 de dezembro.<\/p>\n<p>Ao todo, cerca de 161 milh\u00f5es de animais devem ser imunizados. O prazo foi prorrogado pelo Minist\u00e9rio da Agricultura, Pecu\u00e1ria e Abastecimento ap\u00f3s solicita\u00e7\u00e3o de alguns estados, que somente agora tiveram lotes de partidas de vacina liberados.<\/p>\n<p>\u201cA amplia\u00e7\u00e3o do prazo foi definida para evitar transtornos ao produtor e preju\u00edzos \u00e0 cobertura vacinal\u201d, explica o diretor do Departamento de Sa\u00fade Animal, Geraldo Moraes.<\/p>\n<p>Em dez estados &#8211; Alagoas, Amazonas, Cear\u00e1, Maranh\u00e3o, Par\u00e1, Para\u00edba, Pernambuco, Piau\u00ed, Roraima e Rio Grande do Norte &#8211; a vacina\u00e7\u00e3o ocorre em animais de at\u00e9 24 meses. No caso de 11 unidades da Federa\u00e7\u00e3o (Bahia, Esp\u00edrito Santo, Goi\u00e1s, Minas Gerais, Mato Grosso do Sul, Mato Grosso, Rio de Janeiro, Sergipe, S\u00e3o Paulo, Tocantins e mais o Distrito Federal), que comp\u00f5em o Bloco IV do Plano Estrat\u00e9gico do Programa Nacional de Vigil\u00e2ncia da Febre Aftosa (PE-Pnefa), a vacina\u00e7\u00e3o \u00e9 para bovinos e bubalinos de todas as idades.<\/p>\n<p>Al\u00e9m da vacina\u00e7\u00e3o, os produtores devem comprovar no \u00f3rg\u00e3o executor de defesa sanit\u00e1ria animal de seu estado. A declara\u00e7\u00e3o da vacina pode ser entregue de forma <em>online<\/em> ou, quando n\u00e3o for poss\u00edvel, presencialmente nos postos designados pelo servi\u00e7o veterin\u00e1rio estadual nos prazos estipulados.<\/p>\n<p>As vacinas devem ser adquiridas nas revendas autorizadas e mantidas entre 2\u00b0C e 8\u00b0C, desde a aquisi\u00e7\u00e3o at\u00e9 o momento da utiliza\u00e7\u00e3o \u2013 incluindo o transporte e a aplica\u00e7\u00e3o, j\u00e1 na fazenda. Devem ser usadas agulhas novas para aplica\u00e7\u00e3o da dose de 2 ml na t\u00e1bua do pesco\u00e7o de cada animal, preferindo as horas mais frescas do dia, para fazer a conten\u00e7\u00e3o adequada dos animais e a aplica\u00e7\u00e3o da vacina.<\/p>\n<p class=\"alt-font font-italic my-2 small text-info\">\n                                                Edi\u00e7\u00e3o:   Gra\u00e7a Adjuto                    <\/p>\n<p>            <!-- blog End --><\/p>\n<p>            <!-- tag and share --><\/p>\n<p> Fonte: EBC <\/p>\n<input type=\"hidden\" id=\"baseurl\" value=\"https:\/\/noticiasdestaque.com.br\"><input type=\"hidden\" id=\"audio_nonce\" value=\"62ca87eee3\">","protected":false},"excerpt":{"rendered":"<p>Declara\u00e7\u00e3o pode ser feita, no entanto, at\u00e9 o dia 24<\/p>\n","protected":false},"author":1,"featured_media":4872,"comment_status":"open","ping_status":"open","sticky":false,"template":"","format":"standard","meta":{"fifu_image_url":"","fifu_image_alt":"","footnotes":""},"categories":[48],"tags":[],"class_list":["post-4871","post","type-post","status-publish","format-standard","has-post-thumbnail","hentry","category-mundo"],"distributor_meta":false,"distributor_terms":false,"distributor_media":false,"distributor_original_site_name":"Portal de Recupera\u00e7\u00e3o","distributor_original_site_url":"https:\/\/portalderecuperacao.com","push-errors":false,"_links":{"self":[{"href":"https:\/\/noticiasdestaque.com.br\/index.php\/wp-json\/wp\/v2\/posts\/4871","targetHints":{"allow":["GET"]}}],"collection":[{"href":"https:\/\/noticiasdestaque.com.br\/index.php\/wp-json\/wp\/v2\/posts"}],"about":[{"href":"https:\/\/noticiasdestaque.com.br\/index.php\/wp-json\/wp\/v2\/types\/post"}],"author":[{"embeddable":true,"href":"https:\/\/noticiasdestaque.com.br\/index.php\/wp-json\/wp\/v2\/users\/1"}],"replies":[{"embeddable":true,"href":"https:\/\/noticiasdestaque.com.br\/index.php\/wp-json\/wp\/v2\/comments?post=4871"}],"version-history":[{"count":0,"href":"https:\/\/noticiasdestaque.com.br\/index.php\/wp-json\/wp\/v2\/posts\/4871\/revisions"}],"wp:featuredmedia":[{"embeddable":true,"href":"https:\/\/noticiasdestaque.com.br\/index.php\/wp-json\/wp\/v2\/media\/4872"}],"wp:attachment":[{"href":"https:\/\/noticiasdestaque.com.br\/index.php\/wp-json\/wp\/v2\/media?parent=4871"}],"wp:term":[{"taxonomy":"category","embeddable":true,"href":"https:\/\/noticiasdestaque.com.br\/index.php\/wp-json\/wp\/v2\/categories?post=4871"},{"taxonomy":"post_tag","embeddable":true,"href":"https:\/\/noticiasdestaque.com.br\/index.php\/wp-json\/wp\/v2\/tags?post=4871"}],"curies":[{"name":"wp","href":"https:\/\/api.w.org\/{rel}","templated":true}]}}