{"id":48685,"date":"2025-12-30T16:55:00","date_gmt":"2025-12-30T19:55:00","guid":{"rendered":"https:\/\/noticiasdestaque.com.br\/index.php\/2025\/12\/30\/desemprego-cai-a-52-no-brasil-e-atinge-menor-nivel-desde-2012-aponta-ibge\/"},"modified":"2025-12-30T16:55:00","modified_gmt":"2025-12-30T19:55:00","slug":"desemprego-cai-a-52-no-brasil-e-atinge-menor-nivel-desde-2012-aponta-ibge","status":"publish","type":"post","link":"https:\/\/noticiasdestaque.com.br\/index.php\/2025\/12\/30\/desemprego-cai-a-52-no-brasil-e-atinge-menor-nivel-desde-2012-aponta-ibge\/","title":{"rendered":"Desemprego cai a 5,2% no Brasil e atinge menor n\u00edvel desde 2012, aponta IBGE\u2028"},"content":{"rendered":"<p>\t\t\t\t\t\t\t\t\t\t\t<audio controls class=\"b61_audio_player\" data-noticia=\"86769\" src=\"https:\/\/brasil61.com\/rails\/active_storage\/blobs\/eyJfcmFpbHMiOnsibWVzc2FnZSI6IkJBaHBBMUhkQXc9PSIsImV4cCI6bnVsbCwicHVyIjoiYmxvYl9pZCJ9fQ==--210b7d71135f91155043fd99a8b5edc146b9583d\/BRAS2515464A\"><\/audio><\/p>\n<p><b>A taxa de desemprego no Brasil recuou para 5,2%<\/b>, menor taxa de desocupa\u00e7\u00e3o desde 2012 segundo a<a href=\"https:\/\/www.ibge.gov.br\/estatisticas\/sociais\/trabalho\/17270-pnad-continua.html\"> <b>Pesquisa Nacional por Amostra de Domic\u00edlios Cont\u00ednua<\/b> (PNAD Cont\u00ednua).<\/a> Os dados referentes ao trimestre encerrado em novembro de 2025 foram divulgados nesta ter\u00e7a-feira (30), pelo<a href=\"https:\/\/www.ibge.gov.br\/\"> Instituto Brasileiro de Geografia e Estat\u00edstica (IBGE)<\/a><b>.<\/b><\/p>\n<p>De acordo com a pesquisa, <b>o n\u00famero de pessoas desocupadas caiu para 5,6 milh\u00f5es, o menor contingente j\u00e1 registrado pela s\u00e9rie hist\u00f3rica<\/b>. No auge da pandemia de covid-19, no trimestre encerrado em mar\u00e7o de 2021, o pa\u00eds chegou a contabilizar 14,9 milh\u00f5es de desempregados.<\/p>\n<p><b>Emprego bate recorde<\/b><\/p>\n<p>A menor taxa de desocupa\u00e7\u00e3o foi acompanhada por um novo recorde no n\u00famero de <b>pessoas empregadas no pa\u00eds: 103,2 milh\u00f5es<\/b>. O n\u00edvel de ocupa\u00e7\u00e3o ficou em 59,0%.<\/p>\n<p>Segundo a coordenadora de <b>Pesquisas por Amostra de Domic\u00edlios do IBGE, <\/b>Adriana Beringuy, a manuten\u00e7\u00e3o do emprego em patamar elevado ao longo de 2025 contribuiu diretamente para a queda do desemprego. \u201cA redu\u00e7\u00e3o da press\u00e3o por busca de trabalho tem diminu\u00eddo consideravelmente a taxa de desocupa\u00e7\u00e3o\u201d, afirmou.<\/p>\n<p>Outro destaque do levantamento foi o avan\u00e7o do emprego formal<b>. O n\u00famero de trabalhadores com carteira assinada no setor privado chegou a 39,4 milh\u00f5es, renovando o recorde hist\u00f3rico<\/b>. Na compara\u00e7\u00e3o anual, houve crescimento de 2,6%, o equivalente a mais 1 milh\u00e3o de trabalhadores formalizados, enquanto o indicador permaneceu est\u00e1vel no trimestre.<\/p>\n<p><b>Informalidade recua<\/b><\/p>\n<p><b>A taxa de informalidade caiu para 37,7% da popula\u00e7\u00e3o ocupada, o equivalente a 38,8 milh\u00f5es de trabalhadores informais.<\/b> O \u00edndice ficou abaixo dos 38% observados no trimestre encerrado em agosto e inferior aos 38,8% registrados no mesmo per\u00edodo de 2024, indicando uma melhora gradual na qualidade das ocupa\u00e7\u00f5es.<\/p>\n<p><b>Outros indicadores do mercado de trabalho<\/b><\/p>\n<p>O levantamento do IBGE tamb\u00e9m aponta que o Brasil conta atualmente com:<\/p>\n<ul>\n<li>53 milh\u00f5es de empregados no setor privado<\/li>\n<li>13,6 milh\u00f5es de trabalhadores sem carteira assinada<\/li>\n<li>13,1 milh\u00f5es de empregados no setor p\u00fablico<\/li>\n<li>26 milh\u00f5es de trabalhadores por conta pr\u00f3pria<\/li>\n<li>66 milh\u00f5es de pessoas fora da for\u00e7a de trabalho<\/li>\n<\/ul>\n<p>\t\t\t\t\t\t\t\t\t\t<img loading=\"lazy\" decoding=\"async\" src=\"https:\/\/brasil61.com\/api\/v1\/serve_pixel\/17677\/86769\" alt=\"Pixel Brasil 61\" class=\"b61_pixel\" width=\"0\" height=\"0\"><\/p>\n<input type=\"hidden\" id=\"baseurl\" value=\"https:\/\/noticiasdestaque.com.br\"><input type=\"hidden\" id=\"audio_nonce\" value=\"6f73a554f1\">","protected":false},"excerpt":{"rendered":"<p>Pnad Cont\u00ednua mostra ainda estabilidade no trimestre e crescimento anual do emprego\u2028<\/p>\n","protected":false},"author":1,"featured_media":48686,"comment_status":"open","ping_status":"open","sticky":false,"template":"","format":"standard","meta":{"fifu_image_url":"","fifu_image_alt":"","footnotes":""},"categories":[48],"tags":[],"class_list":["post-48685","post","type-post","status-publish","format-standard","has-post-thumbnail","hentry","category-mundo"],"distributor_meta":false,"distributor_terms":false,"distributor_media":false,"distributor_original_site_name":"Noticias em Destaque","distributor_original_site_url":"https:\/\/noticiasdestaque.com.br","push-errors":false,"_links":{"self":[{"href":"https:\/\/noticiasdestaque.com.br\/index.php\/wp-json\/wp\/v2\/posts\/48685","targetHints":{"allow":["GET"]}}],"collection":[{"href":"https:\/\/noticiasdestaque.com.br\/index.php\/wp-json\/wp\/v2\/posts"}],"about":[{"href":"https:\/\/noticiasdestaque.com.br\/index.php\/wp-json\/wp\/v2\/types\/post"}],"author":[{"embeddable":true,"href":"https:\/\/noticiasdestaque.com.br\/index.php\/wp-json\/wp\/v2\/users\/1"}],"replies":[{"embeddable":true,"href":"https:\/\/noticiasdestaque.com.br\/index.php\/wp-json\/wp\/v2\/comments?post=48685"}],"version-history":[{"count":0,"href":"https:\/\/noticiasdestaque.com.br\/index.php\/wp-json\/wp\/v2\/posts\/48685\/revisions"}],"wp:featuredmedia":[{"embeddable":true,"href":"https:\/\/noticiasdestaque.com.br\/index.php\/wp-json\/wp\/v2\/media\/48686"}],"wp:attachment":[{"href":"https:\/\/noticiasdestaque.com.br\/index.php\/wp-json\/wp\/v2\/media?parent=48685"}],"wp:term":[{"taxonomy":"category","embeddable":true,"href":"https:\/\/noticiasdestaque.com.br\/index.php\/wp-json\/wp\/v2\/categories?post=48685"},{"taxonomy":"post_tag","embeddable":true,"href":"https:\/\/noticiasdestaque.com.br\/index.php\/wp-json\/wp\/v2\/tags?post=48685"}],"curies":[{"name":"wp","href":"https:\/\/api.w.org\/{rel}","templated":true}]}}