{"id":48673,"date":"2025-12-30T18:00:00","date_gmt":"2025-12-30T21:00:00","guid":{"rendered":"https:\/\/noticiasdestaque.com.br\/index.php\/2025\/12\/30\/previsao-do-tempo-quarta-feira-31-com-nuvens-e-pancadas-no-sudeste\/"},"modified":"2025-12-30T18:00:00","modified_gmt":"2025-12-30T21:00:00","slug":"previsao-do-tempo-quarta-feira-31-com-nuvens-e-pancadas-no-sudeste","status":"publish","type":"post","link":"https:\/\/noticiasdestaque.com.br\/index.php\/2025\/12\/30\/previsao-do-tempo-quarta-feira-31-com-nuvens-e-pancadas-no-sudeste\/","title":{"rendered":"PREVIS\u00c3O DO TEMPO: Quarta-feira (31) com nuvens e pancadas no Sudeste"},"content":{"rendered":"<p>\t\t\t\t\t\t\t\t\t\t\t<audio controls class=\"b61_audio_player\" data-noticia=\"86758\" src=\"https:\/\/brasil61.com\/rails\/active_storage\/blobs\/eyJfcmFpbHMiOnsibWVzc2FnZSI6IkJBaHBBem5kQXc9PSIsImV4cCI6bnVsbCwicHVyIjoiYmxvYl9pZCJ9fQ==--6f211b470855a0a9fcbce4511b8799461580f36b\/PTSD254300A\"><\/audio><\/p>\n<p>A <strong>previs\u00e3o do tempo para a regi\u00e3o Sudeste <\/strong>do pa\u00eds, nesta<strong> quarta-feira (31)<\/strong>, \u00e9 de muitas nuvens e pancadas de chuva a partir do per\u00edodo da tarde.<\/p>\n<p>O <strong>Instituto Nacional de Meteorologia (Inmet) emitiu o alerta para perigo de tempestade ao longo do dia<\/strong>, que atinge parte do Tri\u00e2ngulo Mineiro e Noroeste mineiro at\u00e9 Juiz de Fora, passando por Belo Horizonte, em Minas Gerais, e toda extens\u00e3o do Rio de Janeiro, exceto o Norte Fluminense. O mesmo afeta de Ribeir\u00e3o Preto at\u00e9 o Vale do Para\u00edba, em S\u00e3o Paulo.\u00a0<\/p>\n<p>O <strong>Inmet adverte para perigo potencial de chuvas intensas <\/strong>em S\u00e3o Paulo e no Rio de Janeiro, como tamb\u00e9m do sul ao centro de Minas.<\/p>\n<p>As pancadas de chuva isoladas ocupam a faixa central entre Paracatu e Uberl\u00e2ndia a Varginha, em Minas Gerais. A partir da tarde, as pancadas ocupam o oeste mineiro e\u00a0os estados\u00a0paulista e fluminense, como tamb\u00e9m\u00a0ganham for\u00e7a no Litoral Sul Paulista at\u00e9 a Metropolitana de S\u00e3o Paulo.<\/p>\n<p>Entre as capitais, a temperatura <strong>m\u00ednima prevista \u00e9 de 19\u00b0C em Belo Horizonte<\/strong>. J\u00e1 a <strong>m\u00e1xima pode chegar at\u00e9 35\u00b0C, no Rio de Janeiro<\/strong>. A umidade relativa do ar varia entre <strong>40% e 100%<\/strong>.<\/p>\n<h2>5 motivos para acompanhar as previs\u00f5es do tempo<\/h2>\n<ul>\n<li>Agricultura: garantia de uma boa colheita;<\/li>\n<li>Marinha: prote\u00e7\u00e3o de marinheiros, navios e passageiros;<\/li>\n<li>Aeron\u00e1utica: seguran\u00e7a de pilotos, aeronaves e passageiros;<\/li>\n<li>Pesca: condi\u00e7\u00f5es favor\u00e1veis e seguras para a atividade;<\/li>\n<li>Turismo: garantia de passeios e viagens tranquilas e agrad\u00e1veis.<\/li>\n<\/ul>\n<h2>Import\u00e2ncia das observa\u00e7\u00f5es meteorol\u00f3gicas no INMET<\/h2>\n<p>As observa\u00e7\u00f5es meteorol\u00f3gicas do <a href=\"https:\/\/portal.inmet.gov.br\/\">INMET <\/a>s\u00e3o essenciais para previs\u00f5es em tempo real, estat\u00edsticas clim\u00e1ticas e coopera\u00e7\u00e3o internacional. Esses dados precisos ajudam a estudar o clima passado e a produzir Normais Climatol\u00f3gicas conforme a <strong>Organiza\u00e7\u00e3o Meteorol\u00f3gica Mundial<\/strong> (<a href=\"https:\/\/worldweather.wmo.int\/pt\/home.html\">OMM<\/a>).<\/p>\n<p>As informa\u00e7\u00f5es s\u00e3o do<strong> Instituto Nacional de Meteorologia<\/strong> (<a href=\"https:\/\/portal.inmet.gov.br\/\">Inmet<\/a>).<\/p>\n<p>\t\t\t\t\t\t\t\t\t\t<img loading=\"lazy\" decoding=\"async\" src=\"https:\/\/brasil61.com\/api\/v1\/serve_pixel\/17677\/86758\" alt=\"Pixel Brasil 61\" class=\"b61_pixel\" width=\"0\" height=\"0\"><\/p>\n<input type=\"hidden\" id=\"baseurl\" value=\"https:\/\/noticiasdestaque.com.br\"><input type=\"hidden\" id=\"audio_nonce\" value=\"6f73a554f1\">","protected":false},"excerpt":{"rendered":"<p>Inmet alerta para perigo de tempestade em MG, SP e RJ; temperaturas variam entre 19\u00b0C e 35\u00b0C<\/p>\n","protected":false},"author":1,"featured_media":48674,"comment_status":"open","ping_status":"open","sticky":false,"template":"","format":"standard","meta":{"fifu_image_url":"","fifu_image_alt":"","footnotes":""},"categories":[58],"tags":[],"class_list":["post-48673","post","type-post","status-publish","format-standard","has-post-thumbnail","hentry","category-cotidiano"],"distributor_meta":false,"distributor_terms":false,"distributor_media":false,"distributor_original_site_name":"Noticias em Destaque","distributor_original_site_url":"https:\/\/noticiasdestaque.com.br","push-errors":false,"_links":{"self":[{"href":"https:\/\/noticiasdestaque.com.br\/index.php\/wp-json\/wp\/v2\/posts\/48673","targetHints":{"allow":["GET"]}}],"collection":[{"href":"https:\/\/noticiasdestaque.com.br\/index.php\/wp-json\/wp\/v2\/posts"}],"about":[{"href":"https:\/\/noticiasdestaque.com.br\/index.php\/wp-json\/wp\/v2\/types\/post"}],"author":[{"embeddable":true,"href":"https:\/\/noticiasdestaque.com.br\/index.php\/wp-json\/wp\/v2\/users\/1"}],"replies":[{"embeddable":true,"href":"https:\/\/noticiasdestaque.com.br\/index.php\/wp-json\/wp\/v2\/comments?post=48673"}],"version-history":[{"count":0,"href":"https:\/\/noticiasdestaque.com.br\/index.php\/wp-json\/wp\/v2\/posts\/48673\/revisions"}],"wp:featuredmedia":[{"embeddable":true,"href":"https:\/\/noticiasdestaque.com.br\/index.php\/wp-json\/wp\/v2\/media\/48674"}],"wp:attachment":[{"href":"https:\/\/noticiasdestaque.com.br\/index.php\/wp-json\/wp\/v2\/media?parent=48673"}],"wp:term":[{"taxonomy":"category","embeddable":true,"href":"https:\/\/noticiasdestaque.com.br\/index.php\/wp-json\/wp\/v2\/categories?post=48673"},{"taxonomy":"post_tag","embeddable":true,"href":"https:\/\/noticiasdestaque.com.br\/index.php\/wp-json\/wp\/v2\/tags?post=48673"}],"curies":[{"name":"wp","href":"https:\/\/api.w.org\/{rel}","templated":true}]}}