{"id":48671,"date":"2025-12-30T04:00:00","date_gmt":"2025-12-30T07:00:00","guid":{"rendered":"https:\/\/noticiasdestaque.com.br\/index.php\/2025\/12\/30\/nove-feriados-nacionais-em-dias-uteis-devem-afetar-a-producao-em-2026\/"},"modified":"2025-12-30T04:00:00","modified_gmt":"2025-12-30T07:00:00","slug":"nove-feriados-nacionais-em-dias-uteis-devem-afetar-a-producao-em-2026","status":"publish","type":"post","link":"https:\/\/noticiasdestaque.com.br\/index.php\/2025\/12\/30\/nove-feriados-nacionais-em-dias-uteis-devem-afetar-a-producao-em-2026\/","title":{"rendered":"Nove feriados nacionais em dias \u00fateis devem afetar a produ\u00e7\u00e3o em 2026"},"content":{"rendered":"<p>\t\t\t\t\t\t\t\t\t\t\t<audio controls class=\"b61_audio_player\" data-noticia=\"86511\" src=\"https:\/\/brasil61.com\/rails\/active_storage\/blobs\/eyJfcmFpbHMiOnsibWVzc2FnZSI6IkJBaHBBemZZQXc9PSIsImV4cCI6bnVsbCwicHVyIjoiYmxvYl9pZCJ9fQ==--daa30093d00767f592b66bf7b657ca1de7fe3587\/CACB250104A\"><\/audio><\/p>\n<p>Em 2026, nove dos dez feriados nacionais cair\u00e3o em dias \u00fateis. Um exemplo \u00e9 o Dia do Trabalhador, em maio, que ser\u00e1 celebrado em uma sexta-feira. Os chamados \u201cferiad\u00f5es\u201d acendem um alerta no setor produtivo, sobretudo pelos desafios log\u00edsticos e de gest\u00e3o de pessoal. Segundo o vice-presidente da<a href=\"https:\/\/cacb.org.br\/\" target=\"_blank\"> Confedera\u00e7\u00e3o das Associa\u00e7\u00f5es Comerciais e Empresariais do Brasil (CACB)<\/a>, M\u00e1rcio Lu\u00eds, a ind\u00fastria tende a ser o segmento mais impactado.<\/p>\n<p>De acordo com o dirigente, <strong>as interrup\u00e7\u00f5es na jornada de trabalho resultam em perda de produtividade e exigem aten\u00e7\u00e3o por parte do setor produtivo para evitar a fragiliza\u00e7\u00e3o da economia.<\/strong><\/p>\n<p>\u201c\u00c9 importante destacar que a m\u00e9dia da produ\u00e7\u00e3o brasileira j\u00e1 \u00e9 bem abaixo do que se apresenta em economias tidas como de primeiro mundo. A partir do momento que h\u00e1 interrup\u00e7\u00e3o na jornada de trabalho, essa produ\u00e7\u00e3o com certeza tamb\u00e9m vai reduzir. Sem d\u00favida alguma, o segmento que mais vai sofrer s\u00e3o as ind\u00fastrias, que dependem de escala, de uma produtividade ininterrupta\u201d, afirma M\u00e1rcio Lu\u00eds.<\/p>\n<p>O presidente da <a href=\"https:\/\/www.fiemg.com.br\/\" target=\"_blank\">Federa\u00e7\u00e3o das Ind\u00fastrias do Estado de Minas Gerais (Fiemg),<\/a> Fl\u00e1vio Roscoe, estima que o brasieliro ter\u00e1 cerca de 45 dias de folga \u2013 somando os 30 dias de f\u00e9rias e o per\u00edodo de feriados. Na avalia\u00e7\u00e3o dele, isso deve impactar a concorr\u00eancia da ind\u00fastria no mercado internacional.<\/p>\n<p>\u201cA gente concorre internacionalmente. Ent\u00e3o, o nosso par est\u00e1 trabalhando, produzindo, sendo mais produtivo, e a gente est\u00e1 aqui com as exce\u00e7\u00f5es de trabalho que os feriados geram, ou o per\u00edodo alongado de f\u00e9rias\u201d, aponta Fl\u00e1vio Roscoe.<\/p>\n<p>Como a maioria dos feriados cair\u00e1 em dias \u00fateis, haver\u00e1 maior possibilidade de emendar as folgas. Algumas datas ocorrer\u00e3o em segundas ou sextas-feiras, o que pode resultar em at\u00e9 tr\u00eas dias consecutivos sem trabalho. Nesse cen\u00e1rio, o com\u00e9rcio local tende a ser prejudicado, j\u00e1 que parte dos trabalhadores aproveita o per\u00edodo para viajar. Em contrapartida, segundo M\u00e1rcio Lu\u00eds, os setores hoteleiro e de turismo devem ser beneficiados.<\/p>\n<h2>Di\u00e1logo com entidades associativas<\/h2>\n<p>O <strong>setor produtivo, no entanto, pode enfrentar impactos ainda mais significativos em 2026, ano que tamb\u00e9m ter\u00e1 elei\u00e7\u00f5es presidenciais no Brasil e a realiza\u00e7\u00e3o da Copa do Mundo.<\/strong> Na avalia\u00e7\u00e3o de M\u00e1rcio Lu\u00eds, o<strong> contexto exigir\u00e1 planejamento mais rigoroso por parte dos empres\u00e1rios.<\/strong><\/p>\n<p>\u201cA complexidade aqui \u00e9 que n\u00e3o s\u00f3 n\u00f3s vamos ter feriados prolongados a n\u00edvel nacional, como temos in\u00fameros feriados estaduais e municipais. Vai ser um ano tamb\u00e9m desafiador por conta de eventos esportivos, como a Copa do Mundo, bem como as elei\u00e7\u00f5es. Tudo isso num \u00fanico ano vai exigir, por parte do setor produtivo, toda uma engenharia para conseguir manter o seu n\u00edvel de produ\u00e7\u00e3o\u201d, aponta.<\/p>\n<p>O vice-presidente da CACB ressalta a <strong>import\u00e2ncia do di\u00e1logo entre o setor produtivo e as entidades representativas<\/strong>, inclusive as que representam os trabalhadores, como forma de buscar solu\u00e7\u00f5es que minimizem os impactos na atividade econ\u00f4mica.<\/p>\n<p>\u201cSem d\u00favida alguma, o di\u00e1logo com as entidades representativas dos trabalhadores vai ser importante, at\u00e9 para destacar que uma economia fragilizada \u00e9 ruim para todo mundo\u201d, diz.<\/p>\n<p>Ele alerta, ainda, que os comerciantes devem ficar atentos ao planejamento e \u00e0 log\u00edstica. \u201cA cria\u00e7\u00e3o de escalas, os empreendedores tamb\u00e9m focarem na gest\u00e3o do estoque, a log\u00edstica \u2013 todos os fatores v\u00e3o ser preponderantes para tentar amenizar o impacto que vai ocorrer por conta dessa quantidade de feriados, que n\u00f3s vamos ter em 2026.\u201d<\/p>\n<h2>Feriados em 2026<\/h2>\n<p><strong>Confira os dias em que o Brasil ter\u00e1 feriados em 2026:<\/strong><\/p>\n<ul>\n<li>\n<p>1\u00ba de janeiro (quinta-feira) \u2013 Confraterniza\u00e7\u00e3o Universal;<\/p>\n<\/li>\n<li>3 de abril (sexta-feira) \u2013 Sexta-feira Santa;<\/li>\n<li>21 de abril (ter\u00e7a-feira) \u2013 Tiradentes;<\/li>\n<li>1\u00ba de maio (sexta-feira) \u2013 Dia do Trabalho;<\/li>\n<li>7 de setembro (segunda-feira) \u2013 Independ\u00eancia do Brasil;<\/li>\n<li>12 de outubro (segunda-feira) \u2013 Nossa Senhora Aparecida, padroeira do Brasil;<\/li>\n<li>2 de novembro (segunda-feira) \u2013 Finados;<\/li>\n<li>15 de novembro (domingo) \u2013 Proclama\u00e7\u00e3o da Rep\u00fablica;<\/li>\n<li>20 de novembro (sexta-feira) \u2013 Dia Nacional de Zumbi e da Consci\u00eancia Negra;<\/li>\n<li>25 de dezembro (sexta-feira) \u2013 Natal.<\/li>\n<\/ul>\n<h2>Defini\u00e7\u00e3o de calend\u00e1rio comercial 2026<\/h2>\n<p>Algumas associa\u00e7\u00f5es comerciais j\u00e1 definiram e divulgaram seus calend\u00e1rios para 2026. \u00c9 o caso da Associa\u00e7\u00e3o Comercial e Industrial de Gar\u00e7a (ACIG), no interior de S\u00e3o Paulo.<\/p>\n<p>Entre as principais altera\u00e7\u00f5es, foram inclu\u00eddos dois feriados municipais: 5 de maio, data do anivers\u00e1rio da cidade, e 29 de junho, Dia de S\u00e3o Pedro, padroeiro de Gar\u00e7a. Nesses dias, o com\u00e9rcio local permanecer\u00e1 fechado.<\/p>\n<p>Segundo o <a href=\"https:\/\/www.garcaonline.com.br\/\" target=\"_blank\">Portal Gar\u00e7a Online<\/a>, o calend\u00e1rio tamb\u00e9m prev\u00ea hor\u00e1rios especiais de funcionamento em 8 de maio, 11 de junho, 7 de agosto, 9 de outubro e 27 de novembro, quando as lojas poder\u00e3o abrir at\u00e9 as 22h. A medida busca atender ao aumento da demanda dos consumidores.<\/p>\n<p>De acordo com o portal, a divulga\u00e7\u00e3o antecipada do calend\u00e1rio tem como objetivo facilitar o planejamento de colaboradores e consumidores ao longo do pr\u00f3ximo ano.<br \/>\n\u00a0<\/p>\n<p>\t\t\t\t\t\t\t\t\t\t<img loading=\"lazy\" decoding=\"async\" src=\"https:\/\/brasil61.com\/api\/v1\/serve_pixel\/17677\/86511\" alt=\"Pixel Brasil 61\" class=\"b61_pixel\" width=\"0\" height=\"0\"><\/p>\n<input type=\"hidden\" id=\"baseurl\" value=\"https:\/\/noticiasdestaque.com.br\"><input type=\"hidden\" id=\"audio_nonce\" value=\"6a24ca502e\">","protected":false},"excerpt":{"rendered":"<p>Confedera\u00e7\u00e3o das Associa\u00e7\u00f5es Comerciais e Empresariais do Brasil alerta para perdas de produtividade e destaca impacto maior sobre a ind\u00fastria<\/p>\n","protected":false},"author":1,"featured_media":48672,"comment_status":"open","ping_status":"open","sticky":false,"template":"","format":"standard","meta":{"fifu_image_url":"","fifu_image_alt":"","footnotes":""},"categories":[59],"tags":[],"class_list":["post-48671","post","type-post","status-publish","format-standard","has-post-thumbnail","hentry","category-economia"],"distributor_meta":false,"distributor_terms":false,"distributor_media":false,"distributor_original_site_name":"Noticias em Destaque","distributor_original_site_url":"https:\/\/noticiasdestaque.com.br","push-errors":false,"_links":{"self":[{"href":"https:\/\/noticiasdestaque.com.br\/index.php\/wp-json\/wp\/v2\/posts\/48671","targetHints":{"allow":["GET"]}}],"collection":[{"href":"https:\/\/noticiasdestaque.com.br\/index.php\/wp-json\/wp\/v2\/posts"}],"about":[{"href":"https:\/\/noticiasdestaque.com.br\/index.php\/wp-json\/wp\/v2\/types\/post"}],"author":[{"embeddable":true,"href":"https:\/\/noticiasdestaque.com.br\/index.php\/wp-json\/wp\/v2\/users\/1"}],"replies":[{"embeddable":true,"href":"https:\/\/noticiasdestaque.com.br\/index.php\/wp-json\/wp\/v2\/comments?post=48671"}],"version-history":[{"count":0,"href":"https:\/\/noticiasdestaque.com.br\/index.php\/wp-json\/wp\/v2\/posts\/48671\/revisions"}],"wp:featuredmedia":[{"embeddable":true,"href":"https:\/\/noticiasdestaque.com.br\/index.php\/wp-json\/wp\/v2\/media\/48672"}],"wp:attachment":[{"href":"https:\/\/noticiasdestaque.com.br\/index.php\/wp-json\/wp\/v2\/media?parent=48671"}],"wp:term":[{"taxonomy":"category","embeddable":true,"href":"https:\/\/noticiasdestaque.com.br\/index.php\/wp-json\/wp\/v2\/categories?post=48671"},{"taxonomy":"post_tag","embeddable":true,"href":"https:\/\/noticiasdestaque.com.br\/index.php\/wp-json\/wp\/v2\/tags?post=48671"}],"curies":[{"name":"wp","href":"https:\/\/api.w.org\/{rel}","templated":true}]}}