{"id":48669,"date":"2025-12-30T03:10:00","date_gmt":"2025-12-30T06:10:00","guid":{"rendered":"https:\/\/noticiasdestaque.com.br\/index.php\/2025\/12\/30\/ibovespa-fecha-em-baixa-e-encerra-acima-dos-160-mil-pontos\/"},"modified":"2025-12-30T03:10:00","modified_gmt":"2025-12-30T06:10:00","slug":"ibovespa-fecha-em-baixa-e-encerra-acima-dos-160-mil-pontos","status":"publish","type":"post","link":"https:\/\/noticiasdestaque.com.br\/index.php\/2025\/12\/30\/ibovespa-fecha-em-baixa-e-encerra-acima-dos-160-mil-pontos\/","title":{"rendered":"Ibovespa fecha em baixa e encerra acima dos 160 mil pontos"},"content":{"rendered":"<p>\t\t\t\t\t\t\t\t\t\t\t<audio controls class=\"b61_audio_player\" data-noticia=\"86739\" src=\"https:\/\/brasil61.com\/rails\/active_storage\/blobs\/eyJfcmFpbHMiOnsibWVzc2FnZSI6IkJBaHBBNWZjQXc9PSIsImV4cCI6bnVsbCwicHVyIjoiYmxvYl9pZCJ9fQ==--a4b38260b5309c720bd347b710331dc6a381be17\/BRAS2515444A\"><\/audio><\/p>\n<p>O <strong>\u00cdndice da Bolsa de Valores Brasileira (<a href=\"https:\/\/www.b3.com.br\/pt_br\/institucional\" target=\"_blank\">Ibovespa<\/a>)<\/strong> fechou a \u00faltima sess\u00e3o aos <strong>160.490 pontos<\/strong>, com <strong>baixa de 0,25%<\/strong>.<\/p>\n<p>De acordo com especialistas, o \u00edndice operou em baixa por falta de liquidez e pelas circunst\u00e2ncias sazonais de envio de d\u00f3lares para o exterior. Al\u00e9m disso, o foco nas elei\u00e7\u00f5es do ano que vem trazem instabilidades, ap\u00f3s a divulga\u00e7\u00e3o de pesquisas de aprova\u00e7\u00e3o do governo do presidente\u00a0Luiz In\u00e1cio Lula da Silva (PT), que deve concorrer\u00a0\u00e0 reelei\u00e7\u00e3o em 2026.<\/p>\n<h2>Maiores altas e quedas do Ibovespa<\/h2>\n<p>Confira as a\u00e7\u00f5es com melhor \u00a0e pior desempenho no \u00faltimo fechamento:<\/p>\n<p><strong>A\u00e7\u00f5es em alta no Ibovespa<\/strong><\/p>\n<ul>\n<li>Lupatech SA (LUPA3): +19,75%<\/li>\n<li>Banco BTG Pactual (BPAC3): +9,60%<\/li>\n<\/ul>\n<p><strong>A\u00e7\u00f5es em queda no Ibovespa<\/strong><\/p>\n<ul>\n<li>Belora RDVC City Desenvolvimento Imobiliario (CCTY3): \u221233,23%<\/li>\n<li>Grendene SA (GRND3): \u221220,14%<\/li>\n<\/ul>\n<p>O volume total negociado na B3 foi de <strong>R$ 16.426.850.578<\/strong>, em meio a<strong>\u00a02.611.510\u00a0neg\u00f3cios<\/strong>.<\/p>\n<p>Os dados da bolsa podem ser consultados no site da <a href=\"https:\/\/www.b3.com.br\/pt_br\/market-data-e-indices\/servicos-de-dados\/market-data\/cotacoes\/\">B3<\/a>. \u00a0<\/p>\n<p><strong>O que \u00e9 o Ibovespa e como ele funciona?<\/strong><\/p>\n<p>O Ibovespa (\u00cdndice Bovespa) \u00e9 o principal indicador do mercado acion\u00e1rio brasileiro. Calculado pela <a href=\"https:\/\/www.b3.com.br\/pt_br\/market-data-e-indices\/servicos-de-dados\/market-data\/cotacoes\/\">B3<\/a>, ele reflete a m\u00e9dia do desempenho das a\u00e7\u00f5es mais negociadas na bolsa, com base em crit\u00e9rios de volume e liquidez. O \u00edndice \u00e9 composto por uma carteira te\u00f3rica de ativos, que representa cerca de 80% do volume financeiro total negociado no mercado.<\/p>\n<p><strong>O que \u00e9 a B3, a bolsa de valores do Brasil?<\/strong><\/p>\n<p>A <strong>B3 <\/strong>(<a href=\"https:\/\/www.b3.com.br\/pt_br\/market-data-e-indices\/servicos-de-dados\/market-data\/cotacoes\/\">Brasil, Bolsa, Balc\u00e3o<\/a>) \u00e9 a bolsa de valores oficial do Brasil, sediada em S\u00e3o Paulo. \u00c9 respons\u00e1vel pela negocia\u00e7\u00e3o de a\u00e7\u00f5es, derivativos, t\u00edtulos p\u00fablicos e privados, c\u00e2mbio e outros ativos financeiros. A <a href=\"https:\/\/www.b3.com.br\/pt_br\/market-data-e-indices\/servicos-de-dados\/market-data\/cotacoes\/\">B3 <\/a>est\u00e1 entre as maiores bolsas do mundo em infraestrutura e valor de mercado.<\/p>\n<p>\t\t\t\t\t\t\t\t\t\t<img loading=\"lazy\" decoding=\"async\" src=\"https:\/\/brasil61.com\/api\/v1\/serve_pixel\/17677\/86739\" alt=\"Pixel Brasil 61\" class=\"b61_pixel\" width=\"0\" height=\"0\"><\/p>\n<input type=\"hidden\" id=\"baseurl\" value=\"https:\/\/noticiasdestaque.com.br\"><input type=\"hidden\" id=\"audio_nonce\" value=\"6a24ca502e\">","protected":false},"excerpt":{"rendered":"<p>Entre as maiores altas, as a\u00e7\u00f5es da Lupatech e do Banco BTG se destacam, enquanto a Belora e a Grendene SA registram as maiores quedas<\/p>\n","protected":false},"author":1,"featured_media":48670,"comment_status":"open","ping_status":"open","sticky":false,"template":"","format":"standard","meta":{"fifu_image_url":"","fifu_image_alt":"","footnotes":""},"categories":[59],"tags":[],"class_list":["post-48669","post","type-post","status-publish","format-standard","has-post-thumbnail","hentry","category-economia"],"distributor_meta":false,"distributor_terms":false,"distributor_media":false,"distributor_original_site_name":"Noticias em Destaque","distributor_original_site_url":"https:\/\/noticiasdestaque.com.br","push-errors":false,"_links":{"self":[{"href":"https:\/\/noticiasdestaque.com.br\/index.php\/wp-json\/wp\/v2\/posts\/48669","targetHints":{"allow":["GET"]}}],"collection":[{"href":"https:\/\/noticiasdestaque.com.br\/index.php\/wp-json\/wp\/v2\/posts"}],"about":[{"href":"https:\/\/noticiasdestaque.com.br\/index.php\/wp-json\/wp\/v2\/types\/post"}],"author":[{"embeddable":true,"href":"https:\/\/noticiasdestaque.com.br\/index.php\/wp-json\/wp\/v2\/users\/1"}],"replies":[{"embeddable":true,"href":"https:\/\/noticiasdestaque.com.br\/index.php\/wp-json\/wp\/v2\/comments?post=48669"}],"version-history":[{"count":0,"href":"https:\/\/noticiasdestaque.com.br\/index.php\/wp-json\/wp\/v2\/posts\/48669\/revisions"}],"wp:featuredmedia":[{"embeddable":true,"href":"https:\/\/noticiasdestaque.com.br\/index.php\/wp-json\/wp\/v2\/media\/48670"}],"wp:attachment":[{"href":"https:\/\/noticiasdestaque.com.br\/index.php\/wp-json\/wp\/v2\/media?parent=48669"}],"wp:term":[{"taxonomy":"category","embeddable":true,"href":"https:\/\/noticiasdestaque.com.br\/index.php\/wp-json\/wp\/v2\/categories?post=48669"},{"taxonomy":"post_tag","embeddable":true,"href":"https:\/\/noticiasdestaque.com.br\/index.php\/wp-json\/wp\/v2\/tags?post=48669"}],"curies":[{"name":"wp","href":"https:\/\/api.w.org\/{rel}","templated":true}]}}