{"id":48657,"date":"2025-12-29T18:00:00","date_gmt":"2025-12-29T21:00:00","guid":{"rendered":"https:\/\/noticiasdestaque.com.br\/index.php\/2025\/12\/29\/previsao-do-tempo-sul-tem-risco-de-chuvas-intensas-nesta-terca-feira-30\/"},"modified":"2025-12-29T18:00:00","modified_gmt":"2025-12-29T21:00:00","slug":"previsao-do-tempo-sul-tem-risco-de-chuvas-intensas-nesta-terca-feira-30","status":"publish","type":"post","link":"https:\/\/noticiasdestaque.com.br\/index.php\/2025\/12\/29\/previsao-do-tempo-sul-tem-risco-de-chuvas-intensas-nesta-terca-feira-30\/","title":{"rendered":"PREVIS\u00c3O DO TEMPO: Sul tem risco de chuvas intensas nesta ter\u00e7a-feira (30)"},"content":{"rendered":"<p>\t\t\t\t\t\t\t\t\t\t\t<audio controls class=\"b61_audio_player\" data-noticia=\"86745\" src=\"https:\/\/brasil61.com\/rails\/active_storage\/blobs\/eyJfcmFpbHMiOnsibWVzc2FnZSI6IkJBaHBBNDNjQXc9PSIsImV4cCI6bnVsbCwicHVyIjoiYmxvYl9pZCJ9fQ==--7b96c40fc8d674b9ed8bd82b79254c9dce1b8652\/PTRS254179A\"><\/audio><\/p>\n<p>O <strong>Instituto Nacional de Meteorologia<\/strong> (<a href=\"https:\/\/portal.inmet.gov.br\/\">Inmet<\/a>) emitiu <strong>alerta de perigo para onda de calor<\/strong> para os tr\u00eas estados da Regi\u00e3o Sul do pa\u00eds nesta ter\u00e7a-feira (30). Al\u00e9m disso, h\u00e1 aviso de <strong>perigo potencial<\/strong> para <strong>acumulado de chuva<\/strong> ao longo da regi\u00e3o.<\/p>\n<\/p>\n<p dir=\"ltr\">\n<p>No Paran\u00e1, a <strong>chuva <\/strong>ocorre com maior intensidade na faixa litor\u00e2nea do estado. Munic\u00edpios como Paranagu\u00e1, Guaratuba e Guaraque\u00e7aba devem registrar volumes mais elevados ao longo do dia.<\/p>\n<p>Em Santa Catarina, a <strong>previs\u00e3o indica muitas nuvens com pancadas de chuva e trovoadas isoladas<\/strong>, principalmente nos munic\u00edpios de S\u00e3o Jos\u00e9 do Cedro, Abelardo Luz e Faxinal dos Guedes.<\/p>\n<p>No Rio Grande do Sul, a expectativa \u00e9 de <strong>chuva <\/strong>nas regi\u00f5es noroeste e nordeste do estado, atingindo cidades como Passo Fundo, Lagoa Vermelha, Bom Progresso e Esmeralda. J\u00e1 nas regi\u00f5es sudoeste e na Regi\u00e3o Metropolitana de Porto Alegre, o tempo segue com poucas nuvens e predom\u00ednio de tempo aberto.<\/p>\n<p>Entre as capitais, a temperatura m\u00ednima prevista \u00e9 de 20\u00b0C, em Curitiba, e de 23\u00baC, em Florian\u00f3polis. J\u00e1 a m\u00e1xima deve atingir at\u00e9 30\u00b0C, em Porto Alegre. A umidade relativa do ar varia entre 45% e 100%.<\/p>\n<h2>5 motivos para acompanhar as previs\u00f5es do tempo<\/h2>\n<ul>\n<li>Agricultura: garantia de uma boa colheita;<\/li>\n<li>Marinha: prote\u00e7\u00e3o de marinheiros, navios e passageiros;<\/li>\n<li>Aeron\u00e1utica: seguran\u00e7a de pilotos, aeronaves e passageiros;<\/li>\n<li>Pesca: condi\u00e7\u00f5es favor\u00e1veis e seguras para a atividade;<\/li>\n<li>Turismo: garantia de passeios e viagens tranquilas e agrad\u00e1veis.<\/li>\n<\/ul>\n<h2>Import\u00e2ncia das observa\u00e7\u00f5es meteorol\u00f3gicas no INMET<\/h2>\n<p>As observa\u00e7\u00f5es meteorol\u00f3gicas do <a href=\"https:\/\/portal.inmet.gov.br\/\">INMET<\/a> s\u00e3o essenciais para previs\u00f5es em tempo real, estat\u00edsticas clim\u00e1ticas e coopera\u00e7\u00e3o internacional. Esses dados precisos ajudam a estudar o clima passado e a produzir Normais Climatol\u00f3gicas conforme a <strong>Organiza\u00e7\u00e3o Meteorol\u00f3gica Mundial <\/strong>(<a href=\"https:\/\/worldweather.wmo.int\/pt\/home.html\">OMM<\/a>).<\/p>\n<p>As informa\u00e7\u00f5es s\u00e3o do<strong> Instituto Nacional de Meteorologia<\/strong> (<a href=\"https:\/\/portal.inmet.gov.br\/\">Inmet<\/a>).<br \/>\n\u00a0<\/p>\n<p>\t\t\t\t\t\t\t\t\t\t<img loading=\"lazy\" decoding=\"async\" src=\"https:\/\/brasil61.com\/api\/v1\/serve_pixel\/17677\/86745\" alt=\"Pixel Brasil 61\" class=\"b61_pixel\" width=\"0\" height=\"0\"><\/p>\n<input type=\"hidden\" id=\"baseurl\" value=\"https:\/\/noticiasdestaque.com.br\"><input type=\"hidden\" id=\"audio_nonce\" value=\"6a24ca502e\">","protected":false},"excerpt":{"rendered":"<p>Entre as capitais, a temperatura m\u00ednima prevista \u00e9 de 20\u00b0C, em Curitiba e Porto Alegre. J\u00e1 a m\u00e1xima deve atingir at\u00e9 30\u00b0C, em Porto Alegre. A umidade relativa do ar varia entre 45% e 100%<\/p>\n","protected":false},"author":1,"featured_media":48658,"comment_status":"open","ping_status":"open","sticky":false,"template":"","format":"standard","meta":{"fifu_image_url":"","fifu_image_alt":"","footnotes":""},"categories":[58],"tags":[],"class_list":["post-48657","post","type-post","status-publish","format-standard","has-post-thumbnail","hentry","category-cotidiano"],"distributor_meta":false,"distributor_terms":false,"distributor_media":false,"distributor_original_site_name":"Noticias em Destaque","distributor_original_site_url":"https:\/\/noticiasdestaque.com.br","push-errors":false,"_links":{"self":[{"href":"https:\/\/noticiasdestaque.com.br\/index.php\/wp-json\/wp\/v2\/posts\/48657","targetHints":{"allow":["GET"]}}],"collection":[{"href":"https:\/\/noticiasdestaque.com.br\/index.php\/wp-json\/wp\/v2\/posts"}],"about":[{"href":"https:\/\/noticiasdestaque.com.br\/index.php\/wp-json\/wp\/v2\/types\/post"}],"author":[{"embeddable":true,"href":"https:\/\/noticiasdestaque.com.br\/index.php\/wp-json\/wp\/v2\/users\/1"}],"replies":[{"embeddable":true,"href":"https:\/\/noticiasdestaque.com.br\/index.php\/wp-json\/wp\/v2\/comments?post=48657"}],"version-history":[{"count":0,"href":"https:\/\/noticiasdestaque.com.br\/index.php\/wp-json\/wp\/v2\/posts\/48657\/revisions"}],"wp:featuredmedia":[{"embeddable":true,"href":"https:\/\/noticiasdestaque.com.br\/index.php\/wp-json\/wp\/v2\/media\/48658"}],"wp:attachment":[{"href":"https:\/\/noticiasdestaque.com.br\/index.php\/wp-json\/wp\/v2\/media?parent=48657"}],"wp:term":[{"taxonomy":"category","embeddable":true,"href":"https:\/\/noticiasdestaque.com.br\/index.php\/wp-json\/wp\/v2\/categories?post=48657"},{"taxonomy":"post_tag","embeddable":true,"href":"https:\/\/noticiasdestaque.com.br\/index.php\/wp-json\/wp\/v2\/tags?post=48657"}],"curies":[{"name":"wp","href":"https:\/\/api.w.org\/{rel}","templated":true}]}}