{"id":48653,"date":"2025-12-29T18:00:00","date_gmt":"2025-12-29T21:00:00","guid":{"rendered":"https:\/\/noticiasdestaque.com.br\/index.php\/2025\/12\/29\/previsao-do-tempo-sudeste-tem-alerta-de-grande-perigo-para-tempestades-e-onda-de-calor-nesta-terca-feira-30\/"},"modified":"2025-12-29T18:00:00","modified_gmt":"2025-12-29T21:00:00","slug":"previsao-do-tempo-sudeste-tem-alerta-de-grande-perigo-para-tempestades-e-onda-de-calor-nesta-terca-feira-30","status":"publish","type":"post","link":"https:\/\/noticiasdestaque.com.br\/index.php\/2025\/12\/29\/previsao-do-tempo-sudeste-tem-alerta-de-grande-perigo-para-tempestades-e-onda-de-calor-nesta-terca-feira-30\/","title":{"rendered":"PREVIS\u00c3O DO TEMPO: Sudeste tem alerta de grande perigo para tempestades e onda de calor nesta ter\u00e7a-feira (30)"},"content":{"rendered":"<p>\t\t\t\t\t\t\t\t\t\t\t<audio controls class=\"b61_audio_player\" data-noticia=\"86742\" src=\"https:\/\/brasil61.com\/rails\/active_storage\/blobs\/eyJfcmFpbHMiOnsibWVzc2FnZSI6IkJBaHBBNGJjQXc9PSIsImV4cCI6bnVsbCwicHVyIjoiYmxvYl9pZCJ9fQ==--6de547a5456ee04b17ebf1b9e7b7fee801a08a77\/PTSD254299A\"><\/audio><\/p>\n<p>\u00a0<\/p>\n<\/p>\n<p>O <strong>Instituto Nacional de Meteorologia<\/strong> (<a href=\"https:\/\/portal.inmet.gov.br\/\">Inmet<\/a>) emitiu <strong>alerta de grande perigo para tempestades<\/strong> em S\u00e3o Paulo e no Rio de Janeiro nesta ter\u00e7a-feira (30). Al\u00e9m disso, uma <strong>onda de calor atua sobre a regi\u00e3o Sudeste<\/strong>, com impactos no Rio de Janeiro, Esp\u00edrito Santo e Minas Gerais.<\/p>\n<p>Em S\u00e3o Paulo, a previs\u00e3o indica manh\u00e3 com<strong> fortes chuvas<\/strong> em todo o estado. Os volumes mais expressivos devem atingir munic\u00edpios como Gar\u00e7a, Ouro Verde, Len\u00e7\u00f3is Paulista e Pilar do Sul.<\/p>\n<p>No Rio de Janeiro e no Esp\u00edrito Santo, a manh\u00e3 come\u00e7a com tempo aberto e sem chuva. A partir da tarde, a <strong>nebulosidade aumenta e h\u00e1 previs\u00e3o de pancadas de chuva acompanhadas de trovoadas isoladas<\/strong> ao longo dos dois estados. No territ\u00f3rio fluminense, tamb\u00e9m h\u00e1 risco de queda de granizo em munic\u00edpios como Valen\u00e7a, Barra Mansa e Resende.<\/p>\n<p>Em Minas Gerais, a expectativa \u00e9 de <strong>chuva <\/strong>em diversas \u00e1reas do estado, principalmente nas regi\u00f5es central e sul. No sul mineiro, h\u00e1 possibilidade de <strong>granizo<\/strong> em cidades como Varginha, Minduri e Santa Rita do Sapuca\u00ed.<\/p>\n<p>Entre as capitais, a temperatura m\u00ednima prevista \u00e9 de 20\u00b0C, no Rio de Janeiro. J\u00e1 a m\u00e1xima pode chegar at\u00e9 34\u00b0C, em Vit\u00f3ria. A \u00a0umidade relativa do ar varia entre 30% e 100%.<\/p>\n<p><strong>O QUE \u00c9 GRANIZO?\u00a0<\/strong><\/p>\n<p>Precipita\u00e7\u00e3o originada de nuvens convectivas, sobretudo cumulonimbus, que atinge o solo em forma de esferas ou fragmentos irregulares de gelo. Quando o di\u00e2metro das part\u00edculas \u00e9 \u2265 5 mm, classificam-se como granizo; part\u00edculas menores s\u00e3o classificadas como granizo mi\u00fado e\/ou neve granulada (graupel). Em boletins METAR, utiliza-se \u2018GR\u2019 para granizo e \u2018GS\u2019 para granizo mi\u00fado\/neve granulada. Unidades isoladas s\u00e3o chamadas de \u2018pedras de granizo\u2019.<\/p>\n<h2>5 motivos para acompanhar as previs\u00f5es do tempo<\/h2>\n<ul>\n<li>Agricultura: garantia de uma boa colheita;<\/li>\n<li>Marinha: prote\u00e7\u00e3o de marinheiros, navios e passageiros;<\/li>\n<li>Aeron\u00e1utica: seguran\u00e7a de pilotos, aeronaves e passageiros;<\/li>\n<li>Pesca: condi\u00e7\u00f5es favor\u00e1veis e seguras para a atividade;<\/li>\n<li>Turismo: garantia de passeios e viagens tranquilas e agrad\u00e1veis.<\/li>\n<\/ul>\n<h2>Import\u00e2ncia das observa\u00e7\u00f5es meteorol\u00f3gicas no INMET<\/h2>\n<p>As observa\u00e7\u00f5es meteorol\u00f3gicas do <a href=\"https:\/\/portal.inmet.gov.br\/\">INMET<\/a> s\u00e3o essenciais para previs\u00f5es em tempo real, estat\u00edsticas clim\u00e1ticas e coopera\u00e7\u00e3o internacional. Esses dados precisos ajudam a estudar o clima passado e a produzir Normais Climatol\u00f3gicas conforme a <strong>Organiza\u00e7\u00e3o Meteorol\u00f3gica Mundial<\/strong> (<a href=\"https:\/\/worldweather.wmo.int\/pt\/home.html\">OMM<\/a>).<\/p>\n<p>As informa\u00e7\u00f5es s\u00e3o do<strong> Instituto Nacional de Meteorologia<\/strong> (<a href=\"https:\/\/portal.inmet.gov.br\/\">Inmet<\/a>).<br \/>\n\u00a0<\/p>\n<p>\t\t\t\t\t\t\t\t\t\t<img loading=\"lazy\" decoding=\"async\" src=\"https:\/\/brasil61.com\/api\/v1\/serve_pixel\/17677\/86742\" alt=\"Pixel Brasil 61\" class=\"b61_pixel\" width=\"0\" height=\"0\"><\/p>\n<input type=\"hidden\" id=\"baseurl\" value=\"https:\/\/noticiasdestaque.com.br\"><input type=\"hidden\" id=\"audio_nonce\" value=\"6a24ca502e\">","protected":false},"excerpt":{"rendered":"<p>Entre as capitais, a temperatura m\u00ednima prevista \u00e9 de 20\u00b0C, no Rio de Janeiro. J\u00e1 a m\u00e1xima pode chegar at\u00e9 34\u00b0C, em Vit\u00f3ria<\/p>\n","protected":false},"author":1,"featured_media":48654,"comment_status":"open","ping_status":"open","sticky":false,"template":"","format":"standard","meta":{"fifu_image_url":"","fifu_image_alt":"","footnotes":""},"categories":[58],"tags":[],"class_list":["post-48653","post","type-post","status-publish","format-standard","has-post-thumbnail","hentry","category-cotidiano"],"distributor_meta":false,"distributor_terms":false,"distributor_media":false,"distributor_original_site_name":"Noticias em Destaque","distributor_original_site_url":"https:\/\/noticiasdestaque.com.br","push-errors":false,"_links":{"self":[{"href":"https:\/\/noticiasdestaque.com.br\/index.php\/wp-json\/wp\/v2\/posts\/48653","targetHints":{"allow":["GET"]}}],"collection":[{"href":"https:\/\/noticiasdestaque.com.br\/index.php\/wp-json\/wp\/v2\/posts"}],"about":[{"href":"https:\/\/noticiasdestaque.com.br\/index.php\/wp-json\/wp\/v2\/types\/post"}],"author":[{"embeddable":true,"href":"https:\/\/noticiasdestaque.com.br\/index.php\/wp-json\/wp\/v2\/users\/1"}],"replies":[{"embeddable":true,"href":"https:\/\/noticiasdestaque.com.br\/index.php\/wp-json\/wp\/v2\/comments?post=48653"}],"version-history":[{"count":0,"href":"https:\/\/noticiasdestaque.com.br\/index.php\/wp-json\/wp\/v2\/posts\/48653\/revisions"}],"wp:featuredmedia":[{"embeddable":true,"href":"https:\/\/noticiasdestaque.com.br\/index.php\/wp-json\/wp\/v2\/media\/48654"}],"wp:attachment":[{"href":"https:\/\/noticiasdestaque.com.br\/index.php\/wp-json\/wp\/v2\/media?parent=48653"}],"wp:term":[{"taxonomy":"category","embeddable":true,"href":"https:\/\/noticiasdestaque.com.br\/index.php\/wp-json\/wp\/v2\/categories?post=48653"},{"taxonomy":"post_tag","embeddable":true,"href":"https:\/\/noticiasdestaque.com.br\/index.php\/wp-json\/wp\/v2\/tags?post=48653"}],"curies":[{"name":"wp","href":"https:\/\/api.w.org\/{rel}","templated":true}]}}