{"id":48651,"date":"2025-12-29T18:00:00","date_gmt":"2025-12-29T21:00:00","guid":{"rendered":"https:\/\/noticiasdestaque.com.br\/index.php\/2025\/12\/29\/previsao-do-tempo-norte-tem-chuvas-intensas-nesta-terca-feira-30\/"},"modified":"2025-12-29T18:00:00","modified_gmt":"2025-12-29T21:00:00","slug":"previsao-do-tempo-norte-tem-chuvas-intensas-nesta-terca-feira-30","status":"publish","type":"post","link":"https:\/\/noticiasdestaque.com.br\/index.php\/2025\/12\/29\/previsao-do-tempo-norte-tem-chuvas-intensas-nesta-terca-feira-30\/","title":{"rendered":"PREVIS\u00c3O DO TEMPO: Norte tem chuvas intensas nesta ter\u00e7a-feira (30)"},"content":{"rendered":"<p>\t\t\t\t\t\t\t\t\t\t\t<audio controls class=\"b61_audio_player\" data-noticia=\"86741\" src=\"https:\/\/brasil61.com\/rails\/active_storage\/blobs\/eyJfcmFpbHMiOnsibWVzc2FnZSI6IkJBaHBBNHZjQXc9PSIsImV4cCI6bnVsbCwicHVyIjoiYmxvYl9pZCJ9fQ==--1dde8cef4aaa826d671196444546fd555cd0cd31\/PTRN254658A\"><\/audio><\/p>\n<p>\u00a0<\/p>\n<\/p>\n<p>O <strong>Instituto Nacional de Meteorologia<\/strong> (<a href=\"https:\/\/portal.inmet.gov.br\/\">Inmet<\/a>) emitiu <strong>alerta de chuvas intensas<\/strong> para todos os estados da Regi\u00e3o Norte nesta ter\u00e7a-feira (30), com exce\u00e7\u00e3o do Acre.<\/p>\n<p>No Acre, o<strong> tempo permanece est\u00e1vel<\/strong>. A manh\u00e3 ser\u00e1 de c\u00e9u com nuvens e, \u00e0 tarde, h\u00e1 <strong>possibilidade de pancadas de chuva isoladas<\/strong> em \u00e1reas do estado.<\/p>\n<p>Em Rond\u00f4nia, a <strong>chuva <\/strong>ocorre com maior intensidade na por\u00e7\u00e3o norte e central do estado, atingindo munic\u00edpios como Guajar\u00e1-Mirim, Cujubim e Ariquemes.<\/p>\n<p>No Amazonas, as <strong>chuvas <\/strong>se concentram na regi\u00e3o sul e no centro-sul do estado, com destaque para Borba, Novo Aripuan\u00e3, Humait\u00e1 e Itacoatiara. J\u00e1 no noroeste e norte amazonense, munic\u00edpios como Santa Isabel do Rio Negro, Barcelos e Presidente Figueiredo n\u00e3o devem registrar chuva.<\/p>\n<p>Em Roraima, o <strong>tempo segue est\u00e1vel ao longo do dia<\/strong>, sem previs\u00e3o de pancadas significativas.<\/p>\n<p>No Par\u00e1, a <strong>chuva <\/strong>atinge principalmente \u00e1reas do centro e sudoeste do estado, alcan\u00e7ando munic\u00edpios como Bagre, Novo Repartimento e Altamira.<\/p>\n<p>No Amap\u00e1, as <strong>instabilidades se concentram no centro-sul do estado<\/strong>, com chuva em Mazag\u00e3o, Ferreira Gomes e Santana. J\u00e1 no litoral amapaense, n\u00e3o s\u00e3o esperados acumulados expressivos.<\/p>\n<p>Em Tocantins, <strong>chove <\/strong>com for\u00e7a em grande parte do estado ao longo do dia. No sul tocantinense, munic\u00edpios como Paran\u00e3, Taguatinga e Porto Alegre do Tocantins podem registrar <strong>queda de granizo<\/strong> durante a tarde.<\/p>\n<p>Entre as capitais, a temperatura m\u00ednima prevista \u00e9 de 22\u00b0C, em Rio Branco. J\u00e1 a m\u00e1xima pode chegar a 34\u00b0C, em Boa Vista. A umidade relativa do ar varia entre 60% e 100%.<\/p>\n<p><strong>O QUE \u00c9 GRANIZO?\u00a0<\/strong><\/p>\n<p>Precipita\u00e7\u00e3o originada de nuvens convectivas, sobretudo cumulonimbus, que atinge o solo em forma de esferas ou fragmentos irregulares de gelo. Quando o di\u00e2metro das part\u00edculas \u00e9 \u2265 5 mm, classificam-se como granizo; part\u00edculas menores s\u00e3o classificadas como granizo mi\u00fado e\/ou neve granulada (graupel). Em boletins METAR, utiliza-se \u2018GR\u2019 para granizo e \u2018GS\u2019 para granizo mi\u00fado\/neve granulada. Unidades isoladas s\u00e3o chamadas de \u2018pedras de granizo\u2019.<\/p>\n<h2>5 motivos para acompanhar as previs\u00f5es do tempo<\/h2>\n<ul>\n<li>Agricultura: garantia de uma boa colheita;<\/li>\n<li>Marinha: prote\u00e7\u00e3o de marinheiros, navios e passageiros;<\/li>\n<li>Aeron\u00e1utica: seguran\u00e7a de pilotos, aeronaves e passageiros;<\/li>\n<li>Pesca: condi\u00e7\u00f5es favor\u00e1veis e seguras para a atividade;<\/li>\n<li>Turismo: garantia de passeios e viagens tranquilas e agrad\u00e1veis.<\/li>\n<\/ul>\n<h2>Import\u00e2ncia das observa\u00e7\u00f5es meteorol\u00f3gicas no INMET<\/h2>\n<p>As observa\u00e7\u00f5es meteorol\u00f3gicas do <a href=\"https:\/\/portal.inmet.gov.br\/\">INMET<\/a> s\u00e3o essenciais para previs\u00f5es em tempo real, estat\u00edsticas clim\u00e1ticas e coopera\u00e7\u00e3o internacional. Esses dados precisos ajudam a estudar o clima passado e a produzir Normais Climatol\u00f3gicas conforme a <strong>Organiza\u00e7\u00e3o Meteorol\u00f3gica Mundial<\/strong> (<a href=\"https:\/\/worldweather.wmo.int\/pt\/home.html\">OMM<\/a>).<\/p>\n<p>As informa\u00e7\u00f5es s\u00e3o do <strong>Instituto Nacional de Meteorologia <\/strong>(<a href=\"https:\/\/portal.inmet.gov.br\/\">Inmet<\/a>).<br \/>\n\u00a0<\/p>\n<p>\t\t\t\t\t\t\t\t\t\t<img loading=\"lazy\" decoding=\"async\" src=\"https:\/\/brasil61.com\/api\/v1\/serve_pixel\/17677\/86741\" alt=\"Pixel Brasil 61\" class=\"b61_pixel\" width=\"0\" height=\"0\"><\/p>\n<input type=\"hidden\" id=\"baseurl\" value=\"https:\/\/noticiasdestaque.com.br\"><input type=\"hidden\" id=\"audio_nonce\" value=\"6a24ca502e\">","protected":false},"excerpt":{"rendered":"<p>Entre as capitais, a temperatura m\u00ednima prevista \u00e9 de 22\u00b0C, em Rio Branco. J\u00e1 a m\u00e1xima pode chegar a 34\u00b0C, em Boa Vista<\/p>\n","protected":false},"author":1,"featured_media":48652,"comment_status":"open","ping_status":"open","sticky":false,"template":"","format":"standard","meta":{"fifu_image_url":"","fifu_image_alt":"","footnotes":""},"categories":[58],"tags":[],"class_list":["post-48651","post","type-post","status-publish","format-standard","has-post-thumbnail","hentry","category-cotidiano"],"distributor_meta":false,"distributor_terms":false,"distributor_media":false,"distributor_original_site_name":"Noticias em Destaque","distributor_original_site_url":"https:\/\/noticiasdestaque.com.br","push-errors":false,"_links":{"self":[{"href":"https:\/\/noticiasdestaque.com.br\/index.php\/wp-json\/wp\/v2\/posts\/48651","targetHints":{"allow":["GET"]}}],"collection":[{"href":"https:\/\/noticiasdestaque.com.br\/index.php\/wp-json\/wp\/v2\/posts"}],"about":[{"href":"https:\/\/noticiasdestaque.com.br\/index.php\/wp-json\/wp\/v2\/types\/post"}],"author":[{"embeddable":true,"href":"https:\/\/noticiasdestaque.com.br\/index.php\/wp-json\/wp\/v2\/users\/1"}],"replies":[{"embeddable":true,"href":"https:\/\/noticiasdestaque.com.br\/index.php\/wp-json\/wp\/v2\/comments?post=48651"}],"version-history":[{"count":0,"href":"https:\/\/noticiasdestaque.com.br\/index.php\/wp-json\/wp\/v2\/posts\/48651\/revisions"}],"wp:featuredmedia":[{"embeddable":true,"href":"https:\/\/noticiasdestaque.com.br\/index.php\/wp-json\/wp\/v2\/media\/48652"}],"wp:attachment":[{"href":"https:\/\/noticiasdestaque.com.br\/index.php\/wp-json\/wp\/v2\/media?parent=48651"}],"wp:term":[{"taxonomy":"category","embeddable":true,"href":"https:\/\/noticiasdestaque.com.br\/index.php\/wp-json\/wp\/v2\/categories?post=48651"},{"taxonomy":"post_tag","embeddable":true,"href":"https:\/\/noticiasdestaque.com.br\/index.php\/wp-json\/wp\/v2\/tags?post=48651"}],"curies":[{"name":"wp","href":"https:\/\/api.w.org\/{rel}","templated":true}]}}