{"id":48643,"date":"2025-12-29T04:50:00","date_gmt":"2025-12-29T07:50:00","guid":{"rendered":"https:\/\/noticiasdestaque.com.br\/index.php\/2025\/12\/29\/producao-deve-encerrar-2025-com-queda-de-22\/"},"modified":"2025-12-29T04:50:00","modified_gmt":"2025-12-29T07:50:00","slug":"producao-deve-encerrar-2025-com-queda-de-22","status":"publish","type":"post","link":"https:\/\/noticiasdestaque.com.br\/index.php\/2025\/12\/29\/producao-deve-encerrar-2025-com-queda-de-22\/","title":{"rendered":"Produ\u00e7\u00e3o deve encerrar 2025 com queda de 2,2%"},"content":{"rendered":"<p>O <strong>Instituto A\u00e7o Brasil<\/strong> divulgou que a produ\u00e7\u00e3o nacional de a\u00e7o bruto deve atingir 33,1 milh\u00f5es de toneladas em 2025, um recuo de 2,2% em rela\u00e7\u00e3o ao ano anterior, principalmente devido ao impacto de importa\u00e7\u00f5es recordes. Com crescimento de 20,5%, o ingresso de produtos laminados atingir\u00e1 5,7 milh\u00f5es de toneladas, o maior volume em 15 anos. O instituto comenta ainda que pr\u00e1ticas concorrenciais predat\u00f3rias que est\u00e3o ocorrendo no com\u00e9rcio mundial do a\u00e7o j\u00e1 causaram o fechamento de cinco mil vagas e corte de R$ 2,5 bilh\u00f5es em investimentos no setor.<\/p>\n<p>As vendas internas, segundo as proje\u00e7\u00f5es, devem cair 0,5% em 2025, para 21, 2 milh\u00f5es de toneladas, enquanto o consumo aparente crescer\u00e1 2,4%, para 26,7 milh\u00f5es de toneladas, devido, principalmente, \u00e0s importa\u00e7\u00f5es. As exporta\u00e7\u00f5es crescer\u00e3o 6,9%, fechando em 10,2 milh\u00f5es de toneladas em 2025. O volume de laminados de a\u00e7o que entra no mercado brasileiro, atualmente, \u00e9 168% superior \u00e0 m\u00e9dia das importa\u00e7\u00f5es entre 2000 e 2019, de 2,2 milh\u00f5es de toneladas. Esse crescimento levou a penetra\u00e7\u00e3o de importados para 21%, ante o patamar hist\u00f3rico de 9,7%. \u201cO atual import penetration \u00e9 inaceit\u00e1vel. Essas importa\u00e7\u00f5es j\u00e1 tomam um ter\u00e7o das vendas internas do setor\u201d, afirma Marco Polo de Mello Lopes, presidente-executivo do <strong>Instituto A\u00e7o Brasil<\/strong>. Os n\u00edveis elevados de importa\u00e7\u00f5es de a\u00e7o t\u00eam se mantido a despeito de medida de defesa comercial adotada pelo governo por meio do mecanismo Cota-Tarifa, que abrange 16 NCMs (<strong>Nomenclatura Comum do Mercosul para classifica\u00e7\u00e3o de produtos<\/strong>) em um universo de 273 NCMs para produtos de a\u00e7o.<\/p>\n<p>A China responde por 64% das importa\u00e7\u00f5es brasileiras de a\u00e7o e adota pol\u00edtica de incentivos e subs\u00eddios, o que possibilita a venda para outros pa\u00edses a pre\u00e7os abaixo do custo de produ\u00e7\u00e3o. \u201cNenhum pa\u00eds que pratique economia de mercado consegue competir com tais condi\u00e7\u00f5es\u201d, explica Lopes. Adicionalmente, acordos de com\u00e9rcio assinados pelo Brasil com outros pa\u00edses ou regi\u00f5es, regimes aduaneiros especiais e incentivos fiscais que baixam ICMS nos estados aliviam significativamente as al\u00edquotas para importa\u00e7\u00e3o de a\u00e7o, de tal forma que a tarifa efetiva para importa\u00e7\u00e3o, calculada pelo A\u00e7o Brasil com base em dados p\u00fablicos, \u00e9 de apenas 7,2%, muito abaixo dos 25% do mecanismo ou mesmo da tarifa de 12,8% que vale para os produtos n\u00e3o enquadrados no mecanismo Cota-Tarifa. Caso essa tend\u00eancia seja mantida e sem mudan\u00e7as vis\u00edveis no cen\u00e1rio externo, as importa\u00e7\u00f5es ter\u00e3o mais um ano de alta em 2026, com varia\u00e7\u00e3o de 10%, para 6,3 milh\u00f5es de toneladas, prev\u00ea o <strong>A\u00e7o Brasil<\/strong>. A produ\u00e7\u00e3o dever\u00e1 registrar mais uma queda, de 2,2%, para 32,4 milh\u00f5es de toneladas. As vendas internas devem cair 1,7%, para 20,8 milh\u00f5es de toneladas. O consumo aparente crescer\u00e1 1%, para 27 milh\u00f5es de toneladas.<\/p>\n<p>Ante a perspectiva de que as importa\u00e7\u00f5es devam permanecer em n\u00edveis muito elevados, a ind\u00fastria do a\u00e7o acredita que o governo adotar\u00e1, de forma c\u00e9lere, mecanismos de defesa comercial mais efetivos. Caso contr\u00e1rio, alerta o setor, a concorr\u00eancia desleal praticada por alguns pa\u00edses n\u00e3o cessar\u00e1, levando a um risco de maior paralisa\u00e7\u00e3o de plantas e perda de empregos. \u201cOs empregos e investimentos cortados na ind\u00fastria do a\u00e7o brasileira s\u00e3o o pre\u00e7o que o Brasil paga por n\u00e3o conseguir reagir contra as importa\u00e7\u00f5es predat\u00f3rias na mesma velocidade verificada em pa\u00edses como Estados Unidos, Uni\u00e3o Europeia e M\u00e9xico\u201d, afirma Andr\u00e9 B. Gerdau Johannpeter, Presidente do Conselho Diretor do Instituto A\u00e7o Brasil e presidente do Conselho de Administra\u00e7\u00e3o da Gerdau. \u201cConfiamos que o Brasil far\u00e1 o mesmo, para que evitemos a transfer\u00eancia de empregos para os pa\u00edses que produzem o a\u00e7o que inunda nosso mercado de forma desleal\u201d.<br \/>\n\u00a0<\/p>\n<p>\t\t\t\t\t\t\t\t\t\t<img loading=\"lazy\" decoding=\"async\" src=\"https:\/\/brasil61.com\/api\/v1\/serve_pixel\/17677\/86730\" alt=\"Pixel Brasil 61\" class=\"b61_pixel\" width=\"0\" height=\"0\"><\/p>\n<input type=\"hidden\" id=\"baseurl\" value=\"https:\/\/noticiasdestaque.com.br\"><input type=\"hidden\" id=\"audio_nonce\" value=\"6a24ca502e\">","protected":false},"excerpt":{"rendered":"<p>Com crescimento de 20,5%, o ingresso de produtos laminados atingir\u00e1 5,7 milh\u00f5es de toneladas, o maior volume em 15 anos.<\/p>\n","protected":false},"author":1,"featured_media":48644,"comment_status":"open","ping_status":"open","sticky":false,"template":"","format":"standard","meta":{"fifu_image_url":"","fifu_image_alt":"","footnotes":""},"categories":[59],"tags":[],"class_list":["post-48643","post","type-post","status-publish","format-standard","has-post-thumbnail","hentry","category-economia"],"distributor_meta":false,"distributor_terms":false,"distributor_media":false,"distributor_original_site_name":"Noticias em Destaque","distributor_original_site_url":"https:\/\/noticiasdestaque.com.br","push-errors":false,"_links":{"self":[{"href":"https:\/\/noticiasdestaque.com.br\/index.php\/wp-json\/wp\/v2\/posts\/48643","targetHints":{"allow":["GET"]}}],"collection":[{"href":"https:\/\/noticiasdestaque.com.br\/index.php\/wp-json\/wp\/v2\/posts"}],"about":[{"href":"https:\/\/noticiasdestaque.com.br\/index.php\/wp-json\/wp\/v2\/types\/post"}],"author":[{"embeddable":true,"href":"https:\/\/noticiasdestaque.com.br\/index.php\/wp-json\/wp\/v2\/users\/1"}],"replies":[{"embeddable":true,"href":"https:\/\/noticiasdestaque.com.br\/index.php\/wp-json\/wp\/v2\/comments?post=48643"}],"version-history":[{"count":0,"href":"https:\/\/noticiasdestaque.com.br\/index.php\/wp-json\/wp\/v2\/posts\/48643\/revisions"}],"wp:featuredmedia":[{"embeddable":true,"href":"https:\/\/noticiasdestaque.com.br\/index.php\/wp-json\/wp\/v2\/media\/48644"}],"wp:attachment":[{"href":"https:\/\/noticiasdestaque.com.br\/index.php\/wp-json\/wp\/v2\/media?parent=48643"}],"wp:term":[{"taxonomy":"category","embeddable":true,"href":"https:\/\/noticiasdestaque.com.br\/index.php\/wp-json\/wp\/v2\/categories?post=48643"},{"taxonomy":"post_tag","embeddable":true,"href":"https:\/\/noticiasdestaque.com.br\/index.php\/wp-json\/wp\/v2\/tags?post=48643"}],"curies":[{"name":"wp","href":"https:\/\/api.w.org\/{rel}","templated":true}]}}