{"id":48639,"date":"2025-12-29T04:15:00","date_gmt":"2025-12-29T07:15:00","guid":{"rendered":"https:\/\/noticiasdestaque.com.br\/index.php\/2025\/12\/29\/isencao-do-ir-ate-r-5-mil-reacende-debate-sobre-taxacao-de-dividendos\/"},"modified":"2025-12-30T22:37:17","modified_gmt":"2025-12-31T01:37:17","slug":"isencao-do-ir-ate-r-5-mil-reacende-debate-sobre-taxacao-de-dividendos","status":"publish","type":"post","link":"https:\/\/noticiasdestaque.com.br\/index.php\/2025\/12\/29\/isencao-do-ir-ate-r-5-mil-reacende-debate-sobre-taxacao-de-dividendos\/","title":{"rendered":"Isen\u00e7\u00e3o do IR at\u00e9 R$ 5 mil reacende debate sobre taxa\u00e7\u00e3o de dividendos"},"content":{"rendered":"<p>\t\t\t\t\t\t\t\t\t\t<audio controls class=\"b61_audio_player\" data-noticia=\"86687\" src=\"https:\/\/brasil61.com\/rails\/active_storage\/blobs\/eyJfcmFpbHMiOnsibWVzc2FnZSI6IkJBaHBBd3pjQXc9PSIsImV4cCI6bnVsbCwicHVyIjoiYmxvYl9pZCJ9fQ==--543db3425bc3848446de9060f0ef64d1e69ad743\/BRAS2515420A\"><\/audio><\/p>\n<p><strong>A partir de 1\u00ba de janeiro de 2026, entra em vigor a <a href=\"https:\/\/www.planalto.gov.br\/ccivil_03\/_ato2023-2026\/2025\/lei\/l15270.htm\" target=\"_blank\">Lei n\u00ba 15.270\/2025<\/a>, que isenta do Imposto de Renda pessoas f\u00edsicas com renda mensal de at\u00e9 R$ 5 mil<\/strong>. A nova legisla\u00e7\u00e3o tamb\u00e9m <strong>reduz as al\u00edquotas para quem recebe entre R$ 5.000,01 e R$ 7.350 por m\u00eas<\/strong>, medida apresentada pelo governo como forma de corrigir a defasagem hist\u00f3rica da tabela do IRPF.<\/p>\n<p>Para compensar a perda de arrecada\u00e7\u00e3o, <strong>o Brasil volta a tributar a distribui\u00e7\u00e3o de lucros e dividendos<\/strong>, encerrando quase tr\u00eas d\u00e9cadas de isen\u00e7\u00e3o. Desde 1996, os valores pagos pelas empresas a s\u00f3cios e acionistas estavam livres de Imposto de Renda na pessoa f\u00edsica, sob o argumento de que o lucro j\u00e1 havia sido tributado na esfera empresarial. Com a nova norma, essa l\u00f3gica passa a ser parcialmente revista.<\/p>\n<p>A partir do pr\u00f3ximo ano, <strong>lucros e dividendos voltam a ser tributados por meio do Imposto de Renda Retido na Fonte (IRRF)<\/strong>. Para pessoas f\u00edsicas residentes no Brasil, a <strong>al\u00edquota ser\u00e1 de 10% sobre os valores distribu\u00eddos que ultrapassarem R$ 50 mil mensais \u2014 ou R$ 600 mil por ano<\/strong> \u2014 por empresa. No caso de benefici\u00e1rios domiciliados no exterior, a al\u00edquota de 10% incidir\u00e1 sobre os dividendos pagos ou remetidos, independentemente do valor.<\/p>\n<p>H\u00e1, ainda, <strong>regras de transi\u00e7\u00e3o. Lucros apurados at\u00e9 31 de dezembro de 2025 permanecem isentos, desde que tenham sido formalmente aprovados at\u00e9 essa data, mesmo que a distribui\u00e7\u00e3o ocorra posteriormente<\/strong>. O objetivo \u00e9 evitar a tributa\u00e7\u00e3o retroativa de resultados acumulados sob o regime anterior.<\/p>\n<h2>Efeitos sobre investimentos e empregos<\/h2>\n<p><strong>Entidades empresariais<\/strong>, como a <a href=\"https:\/\/cacb.org.br\/\" target=\"_blank\">Confedera\u00e7\u00e3o das Associa\u00e7\u00f5es Comerciais e Empresariais do Brasil (CACB)<\/a>, a <a href=\"https:\/\/acsp.com.br\/\" target=\"_blank\">Associa\u00e7\u00e3o Comercial de S\u00e3o Paulo (ACSP)<\/a> e a <a href=\"https:\/\/www.fecomercio.com.br\/\" target=\"_blank\">FecomercioSP<\/a>, <strong>reconhecem que a medida corrige uma distor\u00e7\u00e3o hist\u00f3rica da tabela do IRPF, mas alertam para riscos \u00e0 atividade econ\u00f4mica<\/strong>. Segundo as institui\u00e7\u00f5es, o retorno da tributa\u00e7\u00e3o sobre dividendos pode gerar <strong>inseguran\u00e7a jur\u00eddica, estimular a evas\u00e3o fiscal e aumentar a litigiosidade, al\u00e9m de comprometer investimentos e empregos<\/strong>.<\/p>\n<p>As entidades afirmam que, hoje, as empresas j\u00e1 arcam com uma carga de 34% sobre o lucro (IRPJ e CSLL), al\u00e9m de PIS, Cofins, ISS e ICMS. <strong>A tributa\u00e7\u00e3o adicional sobre dividendos, segundo o manifesto divulgado, \u201ccontraria os princ\u00edpios de simplicidade e transpar\u00eancia tribut\u00e1ria\u201d<\/strong> e coloca em risco especialmente micro, pequenas e m\u00e9dias empresas \u2014 respons\u00e1veis por boa parte da gera\u00e7\u00e3o de empregos e inova\u00e7\u00e3o no pa\u00eds.<\/p>\n<p>\u201cUtilizar o aumento da carga tribut\u00e1ria para viabilizar a medida, na nossa \u00f3tica, significa tirar competitividade das empresas brasileiras, especialmente dos pequenos neg\u00f3cios\u201d, refor\u00e7a o <strong>vice-presidente jur\u00eddico da CACB, Anderson Trautman<\/strong>.\u00a0<\/p>\n<p>Especialistas tamb\u00e9m apontam poss\u00edveis impactos negativos sobre os investimentos produtivos, com <strong>redu\u00e7\u00e3o da atratividade do Brasil no cen\u00e1rio internacional e cria\u00e7\u00e3o de novos obst\u00e1culos ao crescimento econ\u00f4mico<\/strong>.<\/p>\n<p>Na avalia\u00e7\u00e3o do <strong>advogado tributarista Matheus Almeida<\/strong>, a nova tributa\u00e7\u00e3o tende a <strong>afetar diretamente a forma\u00e7\u00e3o de poupan\u00e7a e o reinvestimento por parte da classe empreendedora<\/strong>, que j\u00e1 convive com <strong>elevada carga tribut\u00e1ria<\/strong>.\u00a0<\/p>\n<p>\u201cAl\u00e9m de onerar excessivamente aquela pessoa que j\u00e1 ostenta um risco pr\u00f3prio de empreender no nosso pa\u00eds, que \u00e9 o risco Brasil, a carga tribut\u00e1ria, esses 10% a mais, v\u00e3o afetar a poupan\u00e7a e o reinvestimento, porque s\u00e3o 10% a menos que ficam no mercado circulando. Quem empreende, por si s\u00f3, j\u00e1 toma riscos, j\u00e1 busca outros neg\u00f3cios para investir\u201d, pontua.\u00a0<\/p>\n<p>Segundo ele, empresas capazes de distribuir mais de R$ 600 mil em dividendos por ano geralmente possuem faturamento entre R$ 1 milh\u00e3o e R$ 2 milh\u00f5es, mant\u00eam dezenas de funcion\u00e1rios e j\u00e1 suportam uma pesada cadeia de tributos na pessoa jur\u00eddica. \u201cSobrecarregar esse empreendedor \u00e9 uma medida que, l\u00e1 na frente, vai cobrar um pre\u00e7o muito caro. N\u00e3o faz sentido onerar quem j\u00e1 foi onerado, para compensar uma medida que tamb\u00e9m j\u00e1 deveria ter sido feita.\u201d complementa Almeida.<\/p>\n<p><strong>VEJA MAIS:<\/strong><\/p>\n<ul>\n<li><a href=\"https:\/\/brasil61.com\/n\/ir-tributacao-sobre-lucro-e-dividendo-acima-de-r-50-mil-mensais-afeta-reinvestimento-de-empreendedores-bras2515115\" target=\"_blank\">IR: tributa\u00e7\u00e3o sobre lucro e dividendo acima de R$ 50 mil mensais afeta reinvestimento de empreendedores<\/a><\/li>\n<li><a href=\"https:\/\/brasil61.com\/n\/tributacao-de-dividendos-pode-afetar-investimentos-no-brasil-alertam-especialistas-e-entidades-cacb250057\" target=\"_blank\">Tributa\u00e7\u00e3o de dividendos pode afetar investimentos no Brasil, alertam especialistas e entidades<\/a><\/li>\n<\/ul>\n<p>\t\t\t\t\t\t\t\t\t<img loading=\"lazy\" decoding=\"async\" src=\"https:\/\/brasil61.com\/api\/v1\/serve_pixel\/17677\/86687\" alt=\"Pixel Brasil 61\" class=\"b61_pixel\" width=\"0\" height=\"0\"><\/p>\n<input type=\"hidden\" id=\"baseurl\" value=\"https:\/\/noticiasdestaque.com.br\"><input type=\"hidden\" id=\"audio_nonce\" value=\"6a24ca502e\">","protected":false},"excerpt":{"rendered":"<p>Em vigor em 2026, medida reduz al\u00edquotas da classe m\u00e9dia e imp\u00f5e imposto de 10% sobre lucros distribu\u00eddos acima de R$ 600 mil ao ano<\/p>\n","protected":false},"author":1,"featured_media":48692,"comment_status":"open","ping_status":"open","sticky":false,"template":"","format":"standard","meta":{"fifu_image_url":"","fifu_image_alt":"","footnotes":""},"categories":[59],"tags":[],"class_list":["post-48639","post","type-post","status-publish","format-standard","has-post-thumbnail","hentry","category-economia"],"distributor_meta":false,"distributor_terms":false,"distributor_media":false,"distributor_original_site_name":"Noticias em Destaque","distributor_original_site_url":"https:\/\/noticiasdestaque.com.br","push-errors":false,"_links":{"self":[{"href":"https:\/\/noticiasdestaque.com.br\/index.php\/wp-json\/wp\/v2\/posts\/48639","targetHints":{"allow":["GET"]}}],"collection":[{"href":"https:\/\/noticiasdestaque.com.br\/index.php\/wp-json\/wp\/v2\/posts"}],"about":[{"href":"https:\/\/noticiasdestaque.com.br\/index.php\/wp-json\/wp\/v2\/types\/post"}],"author":[{"embeddable":true,"href":"https:\/\/noticiasdestaque.com.br\/index.php\/wp-json\/wp\/v2\/users\/1"}],"replies":[{"embeddable":true,"href":"https:\/\/noticiasdestaque.com.br\/index.php\/wp-json\/wp\/v2\/comments?post=48639"}],"version-history":[{"count":1,"href":"https:\/\/noticiasdestaque.com.br\/index.php\/wp-json\/wp\/v2\/posts\/48639\/revisions"}],"predecessor-version":[{"id":48691,"href":"https:\/\/noticiasdestaque.com.br\/index.php\/wp-json\/wp\/v2\/posts\/48639\/revisions\/48691"}],"wp:featuredmedia":[{"embeddable":true,"href":"https:\/\/noticiasdestaque.com.br\/index.php\/wp-json\/wp\/v2\/media\/48692"}],"wp:attachment":[{"href":"https:\/\/noticiasdestaque.com.br\/index.php\/wp-json\/wp\/v2\/media?parent=48639"}],"wp:term":[{"taxonomy":"category","embeddable":true,"href":"https:\/\/noticiasdestaque.com.br\/index.php\/wp-json\/wp\/v2\/categories?post=48639"},{"taxonomy":"post_tag","embeddable":true,"href":"https:\/\/noticiasdestaque.com.br\/index.php\/wp-json\/wp\/v2\/tags?post=48639"}],"curies":[{"name":"wp","href":"https:\/\/api.w.org\/{rel}","templated":true}]}}