{"id":48637,"date":"2025-12-28T18:40:00","date_gmt":"2025-12-28T21:40:00","guid":{"rendered":"https:\/\/noticiasdestaque.com.br\/index.php\/2025\/12\/28\/previsao-do-tempo-pancadas-de-chuva-na-regiao-sul-nesta-segunda-feira-29\/"},"modified":"2025-12-28T18:40:00","modified_gmt":"2025-12-28T21:40:00","slug":"previsao-do-tempo-pancadas-de-chuva-na-regiao-sul-nesta-segunda-feira-29","status":"publish","type":"post","link":"https:\/\/noticiasdestaque.com.br\/index.php\/2025\/12\/28\/previsao-do-tempo-pancadas-de-chuva-na-regiao-sul-nesta-segunda-feira-29\/","title":{"rendered":"PREVIS\u00c3O DO TEMPO: Pancadas de chuva na Regi\u00e3o Sul nesta segunda-feira (29)"},"content":{"rendered":"<p>\t\t\t\t\t\t\t\t\t\t\t<audio controls class=\"b61_audio_player\" data-noticia=\"86696\" src=\"https:\/\/brasil61.com\/rails\/active_storage\/blobs\/eyJfcmFpbHMiOnsibWVzc2FnZSI6IkJBaHBBd1hjQXc9PSIsImV4cCI6bnVsbCwicHVyIjoiYmxvYl9pZCJ9fQ==--8375cd272665e304132d9e33f6c7a833356767ed\/PTRS254176A\"><\/audio><\/p>\n<p>A <strong>previs\u00e3o do tempo para a Regi\u00e3o Sul<\/strong>, nesta <strong>segunda-feira (29)<\/strong>, indica c\u00e9u com muitas nuvens no extremo sul do <strong>Rio Grande do Sul<\/strong> \u2014 com possibilidade de chuvas isoladas na faixa central e leste do estado, incluindo a regi\u00e3o de Porto Alegre.<\/p>\n<p>As chuvas s\u00e3o\u00a0mais intensas, ocorrendo na forma de pancadas acompanhadas de trovoadas isoladas, em praticamente todo o territ\u00f3rio do <strong>Paran\u00e1 <\/strong>e de <strong>Santa Catarina<\/strong>, al\u00e9m de grande parte da metade norte e oeste do <strong>Rio Grande do Sul<\/strong>.<\/p>\n<p>Entre as capitais, a temperatura <strong>m\u00ednima prevista \u00e9 de 21\u00b0C, em Porto Alegre e\u00a0Curitiba<\/strong>. J\u00e1 a <strong>m\u00e1xima pode chegar at\u00e9 32\u00b0C, em Curitiba<\/strong>. A umidade relativa do ar varia entre <strong>40% a 100%<\/strong>.<\/p>\n<h2>O que \u00e9 granizo?\u00a0<\/h2>\n<p>Precipita\u00e7\u00e3o originada de nuvens convectivas, sobretudo <em>cumulonimbus<\/em>, que atinge o solo em forma de esferas ou fragmentos irregulares de gelo. Quando o di\u00e2metro das part\u00edculas \u00e9 \u2265 5 mm, classificam-se como granizo; part\u00edculas menores s\u00e3o classificadas como granizo mi\u00fado e\/ou neve granulada (graupel). Em boletins METAR, utiliza-se \u2018GR\u2019 para granizo e \u2018GS\u2019 para granizo mi\u00fado\/neve granulada. Unidades isoladas s\u00e3o chamadas de \u2018pedras de granizo\u2019.<\/p>\n<h2>5 motivos para acompanhar as previs\u00f5es do tempo<\/h2>\n<ul>\n<li>Agricultura: garantia de uma boa colheita;<\/li>\n<li>Marinha: prote\u00e7\u00e3o de marinheiros, navios e passageiros;<\/li>\n<li>Aeron\u00e1utica: seguran\u00e7a de pilotos, aeronaves e passageiros;<\/li>\n<li>Pesca: condi\u00e7\u00f5es favor\u00e1veis e seguras para a atividade;<\/li>\n<li>Turismo: garantia de passeios e viagens tranquilas e agrad\u00e1veis.<\/li>\n<\/ul>\n<h2>Import\u00e2ncia das observa\u00e7\u00f5es meteorol\u00f3gicas no INMET<\/h2>\n<p>As observa\u00e7\u00f5es meteorol\u00f3gicas do <a href=\"https:\/\/portal.inmet.gov.br\/\">INMET<\/a> s\u00e3o essenciais para previs\u00f5es em tempo real, estat\u00edsticas clim\u00e1ticas e coopera\u00e7\u00e3o internacional. Esses dados precisos ajudam a estudar o clima passado e a produzir Normais Climatol\u00f3gicas conforme a <strong>Organiza\u00e7\u00e3o Meteorol\u00f3gica Mundial <\/strong>(<a href=\"https:\/\/worldweather.wmo.int\/pt\/home.html\">OMM<\/a>).<\/p>\n<p>As informa\u00e7\u00f5es s\u00e3o do I<strong>nstituto Nacional de Meteorologia<\/strong> (<a href=\"https:\/\/portal.inmet.gov.br\/\">Inmet<\/a>).<\/p>\n<p>\t\t\t\t\t\t\t\t\t\t<img loading=\"lazy\" decoding=\"async\" src=\"https:\/\/brasil61.com\/api\/v1\/serve_pixel\/17677\/86696\" alt=\"Pixel Brasil 61\" class=\"b61_pixel\" width=\"0\" height=\"0\"><\/p>\n<input type=\"hidden\" id=\"baseurl\" value=\"https:\/\/noticiasdestaque.com.br\"><input type=\"hidden\" id=\"audio_nonce\" value=\"6a24ca502e\">","protected":false},"excerpt":{"rendered":"<p>Entre as capitais, a temperatura m\u00ednima prevista \u00e9 de 21\u00b0C, em Porto Alegre e\u00a0Curitiba. J\u00e1 a m\u00e1xima pode chegar at\u00e9 32\u00b0C, em Curitiba. A umidade relativa do ar varia entre 40% a 100%.<\/p>\n","protected":false},"author":1,"featured_media":48638,"comment_status":"open","ping_status":"open","sticky":false,"template":"","format":"standard","meta":{"fifu_image_url":"","fifu_image_alt":"","footnotes":""},"categories":[58],"tags":[],"class_list":["post-48637","post","type-post","status-publish","format-standard","has-post-thumbnail","hentry","category-cotidiano"],"distributor_meta":false,"distributor_terms":false,"distributor_media":false,"distributor_original_site_name":"Noticias em Destaque","distributor_original_site_url":"https:\/\/noticiasdestaque.com.br","push-errors":false,"_links":{"self":[{"href":"https:\/\/noticiasdestaque.com.br\/index.php\/wp-json\/wp\/v2\/posts\/48637","targetHints":{"allow":["GET"]}}],"collection":[{"href":"https:\/\/noticiasdestaque.com.br\/index.php\/wp-json\/wp\/v2\/posts"}],"about":[{"href":"https:\/\/noticiasdestaque.com.br\/index.php\/wp-json\/wp\/v2\/types\/post"}],"author":[{"embeddable":true,"href":"https:\/\/noticiasdestaque.com.br\/index.php\/wp-json\/wp\/v2\/users\/1"}],"replies":[{"embeddable":true,"href":"https:\/\/noticiasdestaque.com.br\/index.php\/wp-json\/wp\/v2\/comments?post=48637"}],"version-history":[{"count":0,"href":"https:\/\/noticiasdestaque.com.br\/index.php\/wp-json\/wp\/v2\/posts\/48637\/revisions"}],"wp:featuredmedia":[{"embeddable":true,"href":"https:\/\/noticiasdestaque.com.br\/index.php\/wp-json\/wp\/v2\/media\/48638"}],"wp:attachment":[{"href":"https:\/\/noticiasdestaque.com.br\/index.php\/wp-json\/wp\/v2\/media?parent=48637"}],"wp:term":[{"taxonomy":"category","embeddable":true,"href":"https:\/\/noticiasdestaque.com.br\/index.php\/wp-json\/wp\/v2\/categories?post=48637"},{"taxonomy":"post_tag","embeddable":true,"href":"https:\/\/noticiasdestaque.com.br\/index.php\/wp-json\/wp\/v2\/tags?post=48637"}],"curies":[{"name":"wp","href":"https:\/\/api.w.org\/{rel}","templated":true}]}}