{"id":48627,"date":"2025-12-28T04:10:00","date_gmt":"2025-12-28T07:10:00","guid":{"rendered":"https:\/\/noticiasdestaque.com.br\/index.php\/2025\/12\/28\/governo-libera-r-83-bilhoes-para-reparar-perdas-dos-estados\/"},"modified":"2025-12-28T04:10:00","modified_gmt":"2025-12-28T07:10:00","slug":"governo-libera-r-83-bilhoes-para-reparar-perdas-dos-estados","status":"publish","type":"post","link":"https:\/\/noticiasdestaque.com.br\/index.php\/2025\/12\/28\/governo-libera-r-83-bilhoes-para-reparar-perdas-dos-estados\/","title":{"rendered":"Governo libera R$ 8,3 bilh\u00f5es para reparar perdas dos estados"},"content":{"rendered":"<p>\t\t\t\t\t\t\t\t\t\t\t<audio controls class=\"b61_audio_player\" data-noticia=\"86713\" src=\"https:\/\/brasil61.com\/rails\/active_storage\/blobs\/eyJfcmFpbHMiOnsibWVzc2FnZSI6IkJBaHBBeUhjQXc9PSIsImV4cCI6bnVsbCwicHVyIjoiYmxvYl9pZCJ9fQ==--5f16c5207fc5720c225ae0bc27a49cf0c0fa00df\/BRAS2515433A\"><\/audio><\/p>\n<p>No dia 19 de dezembro foi sancionada e entrou em vigor a <a href=\"https:\/\/www.planalto.gov.br\/ccivil_03\/_ato2023-2026\/2025\/lei\/L15296.htm\">Lei n\u00ba 15.296<\/a>, que autoriza a libera\u00e7\u00e3o de R$8,3 bilh\u00f5es para a cria\u00e7\u00e3o do Fundo de Compensa\u00e7\u00e3o de Benef\u00edcios Fiscais. <b>A medida visa garantir que estados e munic\u00edpios n\u00e3o sejam prejudicados financeiramente pela reforma tribut\u00e1ria<\/b>, que promete uma profunda transforma\u00e7\u00e3o no sistema de impostos do pa\u00eds.<\/p>\n<p>O fundo tem como objetivo principal compensar as perdas de arrecada\u00e7\u00e3o dos estados decorrentes da extin\u00e7\u00e3o gradual do<b> ICMS<\/b> (Imposto sobre Circula\u00e7\u00e3o de Mercadorias e Servi\u00e7os) e do <b>ISS<\/b> (Imposto sobre Servi\u00e7os), cujas al\u00edquotas ser\u00e3o reduzidas entre 2029 e 2032, at\u00e9 o fim definitivo em 2033.<\/p>\n<p>De acordo com o Governo Federal, os recursos destinados ao fundo n\u00e3o impactam a meta fiscal do pa\u00eds, j\u00e1 que <b>t\u00eam origem em cancelamentos or\u00e7ament\u00e1rios previstos.<\/b><\/p>\n<p>Segundo o consultor financeiro, Cesar Lima, o repasse n\u00e3o afeta o resultado fiscal planejado para 2025. \u201cComo esses repasses foram de outros cancelamentos que j\u00e1 estavam dentro dos previstos no or\u00e7amento, o impacto fiscal \u00e9 zero. Claro que \u00e9 um gasto a mais que poderia ter diminu\u00eddo o impacto sobre a d\u00edvida p\u00fablica de alguma forma, mas diretamente, no que j\u00e1 estava previsto para o or\u00e7amento do ano de 2025, n\u00e3o h\u00e1 um impacto direto. E assim, \u00e9 um gasto que se faz necess\u00e1rio, porque a reforma tribut\u00e1ria, durante muitos e muitos anos, sempre emperrou na quest\u00e3o das perdas de estados e munic\u00edpios.\u201d<\/p>\n<p>Al\u00e9m disso, a <b>nova lei que teve origem no <\/b><a href=\"https:\/\/www.congressonacional.leg.br\/materias\/pesquisa\/-\/materia\/169311\"><b>PLN 6\/2025<\/b><\/a><b>, <\/b>destina R$398 milh\u00f5es a diversos minist\u00e9rios e R$88 milh\u00f5es ao <b>Instituto Nacional de Coloniza\u00e7\u00e3o e Reforma Agr\u00e1ria (Incra)<\/b>, valores que ser\u00e3o obtidos por meio de remanejamento interno no or\u00e7amento.<\/p>\n<p>\t\t\t\t\t\t\t\t\t\t<img loading=\"lazy\" decoding=\"async\" src=\"https:\/\/brasil61.com\/api\/v1\/serve_pixel\/17677\/86713\" alt=\"Pixel Brasil 61\" class=\"b61_pixel\" width=\"0\" height=\"0\"><\/p>\n<input type=\"hidden\" id=\"baseurl\" value=\"https:\/\/noticiasdestaque.com.br\"><input type=\"hidden\" id=\"audio_nonce\" value=\"6a24ca502e\">","protected":false},"excerpt":{"rendered":"<p>Medida garante que estados e munic\u00edpios n\u00e3o sejam prejudicados financeiramente pela reforma tribut\u00e1ria<\/p>\n","protected":false},"author":1,"featured_media":48628,"comment_status":"open","ping_status":"open","sticky":false,"template":"","format":"standard","meta":{"fifu_image_url":"","fifu_image_alt":"","footnotes":""},"categories":[59],"tags":[],"class_list":["post-48627","post","type-post","status-publish","format-standard","has-post-thumbnail","hentry","category-economia"],"distributor_meta":false,"distributor_terms":false,"distributor_media":false,"distributor_original_site_name":"Noticias em Destaque","distributor_original_site_url":"https:\/\/noticiasdestaque.com.br","push-errors":false,"_links":{"self":[{"href":"https:\/\/noticiasdestaque.com.br\/index.php\/wp-json\/wp\/v2\/posts\/48627","targetHints":{"allow":["GET"]}}],"collection":[{"href":"https:\/\/noticiasdestaque.com.br\/index.php\/wp-json\/wp\/v2\/posts"}],"about":[{"href":"https:\/\/noticiasdestaque.com.br\/index.php\/wp-json\/wp\/v2\/types\/post"}],"author":[{"embeddable":true,"href":"https:\/\/noticiasdestaque.com.br\/index.php\/wp-json\/wp\/v2\/users\/1"}],"replies":[{"embeddable":true,"href":"https:\/\/noticiasdestaque.com.br\/index.php\/wp-json\/wp\/v2\/comments?post=48627"}],"version-history":[{"count":0,"href":"https:\/\/noticiasdestaque.com.br\/index.php\/wp-json\/wp\/v2\/posts\/48627\/revisions"}],"wp:featuredmedia":[{"embeddable":true,"href":"https:\/\/noticiasdestaque.com.br\/index.php\/wp-json\/wp\/v2\/media\/48628"}],"wp:attachment":[{"href":"https:\/\/noticiasdestaque.com.br\/index.php\/wp-json\/wp\/v2\/media?parent=48627"}],"wp:term":[{"taxonomy":"category","embeddable":true,"href":"https:\/\/noticiasdestaque.com.br\/index.php\/wp-json\/wp\/v2\/categories?post=48627"},{"taxonomy":"post_tag","embeddable":true,"href":"https:\/\/noticiasdestaque.com.br\/index.php\/wp-json\/wp\/v2\/tags?post=48627"}],"curies":[{"name":"wp","href":"https:\/\/api.w.org\/{rel}","templated":true}]}}