{"id":48625,"date":"2025-12-28T04:05:00","date_gmt":"2025-12-28T07:05:00","guid":{"rendered":"https:\/\/noticiasdestaque.com.br\/index.php\/2025\/12\/28\/mp-libera-saque-integral-do-fgts-para-trabalhadores-do-saque-aniversario-demitidos-desde-2020\/"},"modified":"2025-12-28T04:05:00","modified_gmt":"2025-12-28T07:05:00","slug":"mp-libera-saque-integral-do-fgts-para-trabalhadores-do-saque-aniversario-demitidos-desde-2020","status":"publish","type":"post","link":"https:\/\/noticiasdestaque.com.br\/index.php\/2025\/12\/28\/mp-libera-saque-integral-do-fgts-para-trabalhadores-do-saque-aniversario-demitidos-desde-2020\/","title":{"rendered":"MP libera saque integral do FGTS para trabalhadores do saque-anivers\u00e1rio demitidos desde 2020"},"content":{"rendered":"<p>\t\t\t\t\t\t\t\t\t\t\t<audio controls class=\"b61_audio_player\" data-noticia=\"86711\" src=\"https:\/\/brasil61.com\/rails\/active_storage\/blobs\/eyJfcmFpbHMiOnsibWVzc2FnZSI6IkJBaHBBeXZjQXc9PSIsImV4cCI6bnVsbCwicHVyIjoiYmxvYl9pZCJ9fQ==--8517f2390e02de6fafeeca8b0a832d7946bd892d\/BRAS2515432A\"><\/audio><\/p>\n<p><strong>Trabalhadores que aderiram \u00e0 modalidade do <a href=\"https:\/\/www.gov.br\/trabalho-e-emprego\/pt-br\/noticias-e-conteudo\/2025\/dezembro\/saiba-como-funciona-o-saque-aniversario\">saque-anivers\u00e1rio<\/a><\/strong> do Fundo de Garantia do Tempo de Servi\u00e7o (<a href=\"https:\/\/www.fgts.gov.br\/Paginas\/home.aspx?\">FGTS<\/a>) <strong>e tiveram os contratos encerrados ou suspensos a partir de 1\u00ba de janeiro de 2020 poder\u00e3o sacar o saldo retido<\/strong>. A norma est\u00e1 prevista na <a href=\"https:\/\/www.planalto.gov.br\/ccivil_03\/_ato2023-2026\/2025\/Mpv\/mpv1331.htm\">Medida Provis\u00f3ria (MP) 1.331\/2025<\/a>, editada pelo presidente Luiz In\u00e1cio Lula da Silva na ter\u00e7a-feira (23).<\/p>\n<p>A MP altera a <a href=\"https:\/\/www.planalto.gov.br\/ccivil_03\/_ato2019-2022\/2019\/lei\/l13932.htm\">Lei 13.932\/2019<\/a>, referente ao saque-anivers\u00e1rio, que permitia a retirada da multa rescis\u00f3ria de 40% em caso de demiss\u00e3o sem justa causa e impedia o acesso ao saldo integral da conta.<\/p>\n<p>Para o ministro do Trabalho e Emprego, Luiz Marinho, por meio da resolu\u00e7\u00e3o, \u201cestamos corrigindo injusti\u00e7as criadas pela lei do saque-anivers\u00e1rio, que castiga o trabalhador quando ele \u00e9 demitido. Estamos fazendo isso enquanto n\u00e3o surgem as condi\u00e7\u00f5es pol\u00edticas para que essa lei seja revogada\u201d.<\/p>\n<p><strong>O benef\u00edcio passa a valer imediatamente por 60 dias<\/strong>, exclu\u00eddos os dias de recesso, o que estende a vig\u00eancia at\u00e9 o in\u00edcio de abril. A medida pode ser prorrogada por mais 60 dias e, para se tornar lei, precisa ser votada pelo Congresso Nacional at\u00e9 abril de 2026.<\/p>\n<h2>Pagamentos<\/h2>\n<p>Segundo o Minist\u00e9rio do Trabalho e Emprego (<a href=\"https:\/\/www.gov.br\/trabalho-e-emprego\/pt-br\">MTE<\/a>), cerca de <strong>40 milh\u00f5es de trabalhadores s\u00e3o adeptos ao saque-anivers\u00e1rio<\/strong>. Desse total, aproximadamente <strong>14,1 milh\u00f5es ser\u00e3o beneficiados<\/strong>, com a l<strong>ibera\u00e7\u00e3o de R$ 7,8 bilh\u00f5es<\/strong>. Os <strong>pagamentos <\/strong>ser\u00e3o realizados em <strong>duas etapas<\/strong>:<\/p>\n<ul>\n<li><strong>at\u00e9 30 de dezembro de 2025:<\/strong> libera\u00e7\u00e3o de at\u00e9 R$ 1.800,00 do saldo dispon\u00edvel;<\/li>\n<li><strong>at\u00e9 12 de fevereiro de 2026: <\/strong>pagamento do valor restante, conforme calend\u00e1rio a ser divulgado pela Caixa Econ\u00f4mica Federal.<\/li>\n<\/ul>\n<p>O <strong>cr\u00e9dito ser\u00e1 depositado automaticamente para 87% dos benefici\u00e1rios<\/strong> que j\u00e1 possuem conta vinculada ao FGTS. Os demais, por volta de <strong>13%<\/strong>,<strong> poder\u00e3o realizar o saque em ag\u00eancias da <a href=\"https:\/\/www.caixa.gov.br\/\">Caixa<\/a><\/strong>, caixas eletr\u00f4nicos ou casas lot\u00e9ricas. Com o t\u00e9rmino da vig\u00eancia da MP, n\u00e3o haver\u00e1 mais possibilidade de saque presencial.<\/p>\n<p>Parte dos trabalhadores t\u00eam o <strong>benef\u00edcio comprometido por empr\u00e9stimos banc\u00e1rios<\/strong> e, por isso, n\u00e3o receber\u00e3o o valor integral. A verifica\u00e7\u00e3o do saldo pode ser feita diretamente pelo <a href=\"https:\/\/www.caixa.gov.br\/atendimento\/aplicativos\/fgts\/Paginas\/default.aspx\">aplicativo do FGTS<\/a>.<\/p>\n<h2>Regras<\/h2>\n<p>O benef\u00edcio vale para <strong>contratos encerrados<\/strong> por:<\/p>\n<ul>\n<li>despedida sem justa causa;<\/li>\n<li>despedida indireta, de culpa rec\u00edproca e de for\u00e7a maior;<\/li>\n<li>rescis\u00e3o por fal\u00eancia, falecimento do empregador individual, empregador dom\u00e9stico ou nulidade do contrato;<\/li>\n<li>extin\u00e7\u00e3o normal do contrato a termo, inclusive o dos trabalhadores tempor\u00e1rios;<\/li>\n<li>suspens\u00e3o total do trabalho avulso.<\/li>\n<\/ul>\n<p>O trabalhador que se enquadra nos crit\u00e9rios, <strong>mesmo que j\u00e1 tenha conseguido novo emprego ou migrado para a modalidade saque-rescis\u00e3o<\/strong>, poder\u00e1 ser contemplado. O contrato anterior, no entanto, <strong>precisa ter sido encerrado enquanto ainda estava no saque-anivers\u00e1rio<\/strong>.<\/p>\n<h2>Modalidades de saque do FGTS<\/h2>\n<p>O <strong>saque-anivers\u00e1rio do FGTS<\/strong>, criado pela Lei 13.932\/2019, permite ao trabalhador retirar anualmente, no m\u00eas do anivers\u00e1rio, uma parcela do saldo da conta acrescida de um valor adicional. A ades\u00e3o, no entanto, limita o acesso ao fundo em caso de demiss\u00e3o sem justa causa: o trabalhador recebe a multa rescis\u00f3ria de 40% e fica impedido de sacar o montante integral.<\/p>\n<p>J\u00e1 na modalidade tradicional, o s<strong>aque-rescis\u00e3o<\/strong>, o trabalhador pode retirar todo o saldo do FGTS mais a multa quando \u00e9 desligado sem justa causa. A <strong>migra\u00e7\u00e3o entre as modalidades \u00e9 poss\u00edvel<\/strong>, mas quem solicita o retorno ao saque-rescis\u00e3o s\u00f3 passa a ter direito ao saque integral ap\u00f3s 25 meses da mudan\u00e7a.<\/p>\n<p>Com informa\u00e7\u00f5es da Ag\u00eancia Senado<\/p>\n<p><strong>VEJA MAIS:<\/strong><\/p>\n<ul>\n<li><a href=\"https:\/\/brasil61.com\/n\/fgts-novas-regras-derrubam-em-80-antecipacao-do-saque-aniversario-parlamentares-articulam-reversao-das-normas-cacb250098\">FGTS: Novas regras derrubam em 80% antecipa\u00e7\u00e3o do saque-anivers\u00e1rio; parlamentares articulam revers\u00e3o das normas<\/a><\/li>\n<li><a href=\"https:\/\/brasil61.com\/n\/fgts-saque-tera-novas-regras-a-partir-de-novembro-bras2514882\">FGTS: saque ter\u00e1 novas regras a partir de novembro<\/a><\/li>\n<\/ul>\n<p>\t\t\t\t\t\t\t\t\t\t<img loading=\"lazy\" decoding=\"async\" src=\"https:\/\/brasil61.com\/api\/v1\/serve_pixel\/17677\/86711\" alt=\"Pixel Brasil 61\" class=\"b61_pixel\" width=\"0\" height=\"0\"><\/p>\n<input type=\"hidden\" id=\"baseurl\" value=\"https:\/\/noticiasdestaque.com.br\"><input type=\"hidden\" id=\"audio_nonce\" value=\"6f73a554f1\">","protected":false},"excerpt":{"rendered":"<p>Medida provis\u00f3ria autoriza retirada do saldo retido, beneficia 14,1 milh\u00f5es de pessoas e prev\u00ea libera\u00e7\u00e3o de R$ 7,8 bilh\u00f5es em duas etapas<\/p>\n","protected":false},"author":1,"featured_media":48626,"comment_status":"open","ping_status":"open","sticky":false,"template":"","format":"standard","meta":{"fifu_image_url":"","fifu_image_alt":"","footnotes":""},"categories":[59],"tags":[],"class_list":["post-48625","post","type-post","status-publish","format-standard","has-post-thumbnail","hentry","category-economia"],"distributor_meta":false,"distributor_terms":false,"distributor_media":false,"distributor_original_site_name":"Noticias em Destaque","distributor_original_site_url":"https:\/\/noticiasdestaque.com.br","push-errors":false,"_links":{"self":[{"href":"https:\/\/noticiasdestaque.com.br\/index.php\/wp-json\/wp\/v2\/posts\/48625","targetHints":{"allow":["GET"]}}],"collection":[{"href":"https:\/\/noticiasdestaque.com.br\/index.php\/wp-json\/wp\/v2\/posts"}],"about":[{"href":"https:\/\/noticiasdestaque.com.br\/index.php\/wp-json\/wp\/v2\/types\/post"}],"author":[{"embeddable":true,"href":"https:\/\/noticiasdestaque.com.br\/index.php\/wp-json\/wp\/v2\/users\/1"}],"replies":[{"embeddable":true,"href":"https:\/\/noticiasdestaque.com.br\/index.php\/wp-json\/wp\/v2\/comments?post=48625"}],"version-history":[{"count":0,"href":"https:\/\/noticiasdestaque.com.br\/index.php\/wp-json\/wp\/v2\/posts\/48625\/revisions"}],"wp:featuredmedia":[{"embeddable":true,"href":"https:\/\/noticiasdestaque.com.br\/index.php\/wp-json\/wp\/v2\/media\/48626"}],"wp:attachment":[{"href":"https:\/\/noticiasdestaque.com.br\/index.php\/wp-json\/wp\/v2\/media?parent=48625"}],"wp:term":[{"taxonomy":"category","embeddable":true,"href":"https:\/\/noticiasdestaque.com.br\/index.php\/wp-json\/wp\/v2\/categories?post=48625"},{"taxonomy":"post_tag","embeddable":true,"href":"https:\/\/noticiasdestaque.com.br\/index.php\/wp-json\/wp\/v2\/tags?post=48625"}],"curies":[{"name":"wp","href":"https:\/\/api.w.org\/{rel}","templated":true}]}}