{"id":4861,"date":"2022-12-07T22:43:20","date_gmt":"2022-12-08T01:43:20","guid":{"rendered":"https:\/\/noticiasdestaque.com.br\/index.php\/2022\/12\/07\/tcu-libera-credito-extraordinario-para-gastos-sociais-e-trabalhistas\/"},"modified":"2022-12-07T22:43:20","modified_gmt":"2022-12-08T01:43:20","slug":"tcu-libera-credito-extraordinario-para-gastos-sociais-e-trabalhistas","status":"publish","type":"post","link":"https:\/\/noticiasdestaque.com.br\/index.php\/2022\/12\/07\/tcu-libera-credito-extraordinario-para-gastos-sociais-e-trabalhistas\/","title":{"rendered":"TCU libera cr\u00e9dito extraordin\u00e1rio para gastos sociais e trabalhistas"},"content":{"rendered":"<style> bloco.meta {font-style: italic; color: #666;font-weight: 600;font-size: .8em; \/* line-height: .3em; *\/}  text h2 { font-weight: 700 !important;  color: #062f46 !important;} text img { width: none; left: none;}<\/style>\n<\/p>\n<p>O Tribunal de Contas da Uni\u00e3o (TCU) aprovou a consulta da Casa Civil para que o governo possa abrir cr\u00e9dito extraordin\u00e1rio (fora do teto de gastos) e impe\u00e7a a interrup\u00e7\u00e3o no pagamento de benef\u00edcios sociais e trabalhistas. Previstos para despesas imprevistas e urgentes, segundo a Constitui\u00e7\u00e3o, os cr\u00e9ditos extraordin\u00e1rios est\u00e3o fora do teto federal de gastos.<\/p>\n<p>Com a aprova\u00e7\u00e3o, o governo poder\u00e1 editar medida provis\u00f3ria para abrir cr\u00e9dito extraordin\u00e1rio para manter o pagamento do Benef\u00edcio de Presta\u00e7\u00e3o Continuada (BPC), do seguro-desemprego e de gastos judiciais, entre outras despesas. Segundo a Casa Civil, a redu\u00e7\u00e3o da fila de libera\u00e7\u00e3o dos benef\u00edcios do Instituto Nacional do Seguro Social (INSS) resultou num gasto superior ao estimado.<\/p>\n<p>No fim de novembro, o<a href=\"https:\/\/agenciabrasil.ebc.com.br\/economia\/noticia\/2022-11\/governo-bloqueia-mais-r-57-bi-do-orcamento-para-cumprir-teto\" target=\"_blank\" rel=\"noopener\"> governo contingenciou<\/a> (bloqueou) R$ 5,7 bilh\u00f5es do Or\u00e7amento Federal para cumprir o teto de gastos. Desse total, a decis\u00e3o \u00e9 necess\u00e1ria para pagar R$ 2,3 bilh\u00f5es adicionais em benef\u00edcios da Previd\u00eancia Social e por causa da suspens\u00e3o da medida provis\u00f3ria que adiava para 2023 o repasse de R$ 3,8 bilh\u00f5es de ajudas para o setor cultural da Lei Aldir Blanc.<\/p>\n<p>Segundo a Casa Civil, que encaminhou a consulta a pedido do Minist\u00e9rio da Economia, n\u00e3o h\u00e1 mais espa\u00e7o no teto para acomodar o aumento de despesas do INSS, o que demandaria o pagamento por meio de cr\u00e9dito extraordin\u00e1rio. De acordo com o governo, o crescimento das despesas ocorreu de forma \u201cimprevis\u00edvel e extraordin\u00e1ria\u201d.<\/p>\n<p>O relator do processo, ministro Antonio Anastasia, emitiu parecer em que recomendava a aprova\u00e7\u00e3o do processo. No entanto, lembrou que o governo \u00e9 respons\u00e1vel por manter a const\u00e2ncia do gasto p\u00fablico. Ele foi acompanhado pela maioria dos ministros. No entanto, alguns criticaram o pedido da Casa Civil.<\/p>\n<p>Para o ministro Vital do R\u00eago, o aumento das despesas com o INSS n\u00e3o foi extraordin\u00e1rio. Segundo ele, o governo teria condi\u00e7\u00f5es de prever o crescimento e abrir cr\u00e9dito suplementar (remanejamento de verbas), que est\u00e1 dentro do teto de gastos.<\/p>\n<p>O ministro Benjamin Zymler disse que o governo est\u00e1 usando os cr\u00e9ditos extraordin\u00e1rios \u201cde forma heterodoxa\u201d. De acordo com ele, a falta de espa\u00e7o fiscal s\u00f3 ocorreu por causa do \u201cexcesso de emendas RP-9\u201d (emendas de relator), que est\u00e3o dentro do teto de gastos.<\/p>\n<p>O ministro-substituto Weder Oliveira votou contra o pedido do governo, argumentando que a demanda n\u00e3o se enquadra nos requisitos exigidos para a abertura dos cr\u00e9ditos extraordin\u00e1rios. Ele foi acompanhado pelos ministros Walton Alencar e Augusto Sherman.<\/p>\n<h2>Elei\u00e7\u00e3o<\/h2>\n<p>Na sess\u00e3o de hoje, o TCU elegeu o ministro Bruno Dantas presidente do \u00f3rg\u00e3o e o ministro Vital do R\u00eago vice-presidente e corregedor. Os dois ter\u00e3o mandato de um ano a partir de 1\u00ba de janeiro, prorrog\u00e1vel por mais um ano, o que lhes permite permanecer nos postos at\u00e9 o fim de 2024.<\/p>\n<p>Desde o fim de julho, quando a ministra Ana Arraes se aposentou compulsoriamente, Dantas comanda o TCU. Ele assumiu a presid\u00eancia em exerc\u00edcio, num mandato tamp\u00e3o, at\u00e9 o fim deste ano. Nesse per\u00edodo, a vice-presid\u00eancia ficou vaga.<\/p>\n<p class=\"alt-font font-italic my-2 small text-info\">\n                                                Edi\u00e7\u00e3o:   F\u00e1bio Massalli                    <\/p>\n<p>            <!-- blog End --><\/p>\n<p>            <!-- tag and share --><\/p>\n<p> Fonte: EBC <\/p>\n<input type=\"hidden\" id=\"baseurl\" value=\"https:\/\/noticiasdestaque.com.br\"><input type=\"hidden\" id=\"audio_nonce\" value=\"62ca87eee3\">","protected":false},"excerpt":{"rendered":"<p>Pedido foi enviado pela Casa Civil no in\u00edcio do m\u00eas<\/p>\n","protected":false},"author":1,"featured_media":4862,"comment_status":"open","ping_status":"open","sticky":false,"template":"","format":"standard","meta":{"fifu_image_url":"","fifu_image_alt":"","footnotes":""},"categories":[59],"tags":[],"class_list":["post-4861","post","type-post","status-publish","format-standard","has-post-thumbnail","hentry","category-economia"],"distributor_meta":false,"distributor_terms":false,"distributor_media":false,"distributor_original_site_name":"Portal de Recupera\u00e7\u00e3o","distributor_original_site_url":"https:\/\/portalderecuperacao.com","push-errors":false,"_links":{"self":[{"href":"https:\/\/noticiasdestaque.com.br\/index.php\/wp-json\/wp\/v2\/posts\/4861","targetHints":{"allow":["GET"]}}],"collection":[{"href":"https:\/\/noticiasdestaque.com.br\/index.php\/wp-json\/wp\/v2\/posts"}],"about":[{"href":"https:\/\/noticiasdestaque.com.br\/index.php\/wp-json\/wp\/v2\/types\/post"}],"author":[{"embeddable":true,"href":"https:\/\/noticiasdestaque.com.br\/index.php\/wp-json\/wp\/v2\/users\/1"}],"replies":[{"embeddable":true,"href":"https:\/\/noticiasdestaque.com.br\/index.php\/wp-json\/wp\/v2\/comments?post=4861"}],"version-history":[{"count":0,"href":"https:\/\/noticiasdestaque.com.br\/index.php\/wp-json\/wp\/v2\/posts\/4861\/revisions"}],"wp:featuredmedia":[{"embeddable":true,"href":"https:\/\/noticiasdestaque.com.br\/index.php\/wp-json\/wp\/v2\/media\/4862"}],"wp:attachment":[{"href":"https:\/\/noticiasdestaque.com.br\/index.php\/wp-json\/wp\/v2\/media?parent=4861"}],"wp:term":[{"taxonomy":"category","embeddable":true,"href":"https:\/\/noticiasdestaque.com.br\/index.php\/wp-json\/wp\/v2\/categories?post=4861"},{"taxonomy":"post_tag","embeddable":true,"href":"https:\/\/noticiasdestaque.com.br\/index.php\/wp-json\/wp\/v2\/tags?post=4861"}],"curies":[{"name":"wp","href":"https:\/\/api.w.org\/{rel}","templated":true}]}}