{"id":48607,"date":"2025-12-27T04:50:00","date_gmt":"2025-12-27T07:50:00","guid":{"rendered":"https:\/\/noticiasdestaque.com.br\/index.php\/2025\/12\/27\/amg-tera-a-primeira-refinaria-de-litio-de-grau-bateria-da-europa\/"},"modified":"2025-12-27T04:50:00","modified_gmt":"2025-12-27T07:50:00","slug":"amg-tera-a-primeira-refinaria-de-litio-de-grau-bateria-da-europa","status":"publish","type":"post","link":"https:\/\/noticiasdestaque.com.br\/index.php\/2025\/12\/27\/amg-tera-a-primeira-refinaria-de-litio-de-grau-bateria-da-europa\/","title":{"rendered":"AMG ter\u00e1 a primeira refinaria de l\u00edtio de grau bateria da Europa"},"content":{"rendered":"<p>A <strong>AMG Lithium GmbH<\/strong>, subsidi\u00e1ria da <strong>AMG Critical Materials NV<\/strong>, informa que se encontra na fase de qualifica\u00e7\u00e3o para a produ\u00e7\u00e3o comercial em larga escala em sua refinaria de hidr\u00f3xido de l\u00edtio em Bitterfeld, Alemanha. Ap\u00f3s a conclus\u00e3o dos testes cont\u00ednuos com amostras de f\u00e1brica, a unidade ser\u00e1 a primeira instala\u00e7\u00e3o de produ\u00e7\u00e3o de hidr\u00f3xido de l\u00edtio de grau industrial para baterias na Europa e, at\u00e9 meados de 2026, dever\u00e1 estar operando em sua capacidade projetada.<\/p>\n<p>Mirando o futuro, a AMG planeja processar tanto sais de l\u00edtio de grau t\u00e9cnico quanto l\u00edtio reciclado na refinaria, produzindo hidr\u00f3xido de l\u00edtio grau bateria e, ao mesmo tempo, promovendo uma economia circular sustent\u00e1vel. Este projeto conta com o apoio de um financiamento de \u20ac 36 milh\u00f5es concedido \u00e0 AMG Lithium pelo Minist\u00e9rio Federal Alem\u00e3o da Economia e Energia.<\/p>\n<p>Segundo o Dr. Stefan Scherer, Diretor Executivo da AMG Lithium GmbH, \u201co financiamento reafirma nossa posi\u00e7\u00e3o de contribuir decisivamente para garantir o fornecimento de l\u00edtio, mat\u00e9ria-prima cr\u00edtica para a ind\u00fastria na Alemanha e na Europa. O estabelecimento de uma cadeia de valor integrada verticalmente para o l\u00edtio tamb\u00e9m contribui para a <strong>Lei Europeia de Mat\u00e9rias-Primas Cr\u00edticas<\/strong> e oferece maior independ\u00eancia para mat\u00e9rias-primas e materiais cr\u00edticos.\u201d<\/p>\n<p>Em setembro de 2024, a AMG inaugurou oficialmente o primeiro m\u00f3dulo da refinaria de l\u00edtio. A capacidade anual de um m\u00f3dulo \u00e9 de 20 mil toneladas \u2013 o suficiente para abastecer as baterias de aproximadamente 500 mil ve\u00edculos el\u00e9tricos.<\/p>\n<h2>Sobre a AMG<\/h2>\n<p>A AMG concentra-se na produ\u00e7\u00e3o e no desenvolvimento de materiais para armazenamento de energia, como l\u00edtio, van\u00e1dio e t\u00e2ntalo. Al\u00e9m disso, seus produtos incluem sistemas de alta engenharia para reduzir as emiss\u00f5es de CO\u2082 em motores aeroespaciais, bem como materiais cr\u00edticos voltados para a redu\u00e7\u00e3o de CO\u2082 em diversos outros mercados de uso final.<\/p>\n<p>O segmento de L\u00edtio da AMG abrange toda a cadeia de valor do l\u00edtio, reduzindo a pegada de carbono tanto de fornecedores quanto de clientes. O segmento de Van\u00e1dio da AMG \u00e9 l\u00edder mundial na reciclagem de van\u00e1dio a partir de res\u00edduos de refino de petr\u00f3leo, abrangendo os neg\u00f3cios de van\u00e1dio, tit\u00e2nio e cromo da empresa. O segmento de Tecnologias da AMG fornece engenharia de equipamentos para o setor de motores aeroespaciais em todo o mundo. Ele serve como sede de engenharia para as baterias LIVA, de r\u00e1pido crescimento da empresa, para a NewMOX SAS, criada para atender o mercado de combust\u00edvel nuclear, e abrange as opera\u00e7\u00f5es de processamento mineral da AMG em grafite, antim\u00f4nio e sil\u00edcio met\u00e1lico.<\/p>\n<p>Com aproximadamente 3.600 funcion\u00e1rios, a <strong>AMG<\/strong> opera globalmente com instala\u00e7\u00f5es de produ\u00e7\u00e3o na Alemanha, Reino Unido, Fran\u00e7a, Estados Unidos, China, M\u00e9xico, Brasil, \u00cdndia e Sri Lanka, e possui escrit\u00f3rios de vendas e atendimento ao cliente no Jap\u00e3o.<\/p>\n<p>No Brasil, a <strong>AMG<\/strong> possui unidades de produ\u00e7\u00e3o em Nazareno e Santiago (MG), onde produz concentrado de t\u00e2ntalo, feldspato, espodum\u00eanio, ni\u00f3bio, pegmatito e estanho.<\/p>\n<p>\t\t\t\t\t\t\t\t\t\t<img loading=\"lazy\" decoding=\"async\" src=\"https:\/\/brasil61.com\/api\/v1\/serve_pixel\/17677\/86729\" alt=\"Pixel Brasil 61\" class=\"b61_pixel\" width=\"0\" height=\"0\"><\/p>\n<input type=\"hidden\" id=\"baseurl\" value=\"https:\/\/noticiasdestaque.com.br\"><input type=\"hidden\" id=\"audio_nonce\" value=\"6a24ca502e\">","protected":false},"excerpt":{"rendered":"<p>Mirando o futuro, a AMG planeja processar tanto sais de l\u00edtio de grau t\u00e9cnico quanto l\u00edtio reciclado na refinaria, produzindo hidr\u00f3xido de l\u00edtio grau bateria e, ao mesmo tempo, promovendo uma economia circular sustent\u00e1vel.<\/p>\n","protected":false},"author":1,"featured_media":48608,"comment_status":"open","ping_status":"open","sticky":false,"template":"","format":"standard","meta":{"fifu_image_url":"","fifu_image_alt":"","footnotes":""},"categories":[59],"tags":[],"class_list":["post-48607","post","type-post","status-publish","format-standard","has-post-thumbnail","hentry","category-economia"],"distributor_meta":false,"distributor_terms":false,"distributor_media":false,"distributor_original_site_name":"Noticias em Destaque","distributor_original_site_url":"https:\/\/noticiasdestaque.com.br","push-errors":false,"_links":{"self":[{"href":"https:\/\/noticiasdestaque.com.br\/index.php\/wp-json\/wp\/v2\/posts\/48607","targetHints":{"allow":["GET"]}}],"collection":[{"href":"https:\/\/noticiasdestaque.com.br\/index.php\/wp-json\/wp\/v2\/posts"}],"about":[{"href":"https:\/\/noticiasdestaque.com.br\/index.php\/wp-json\/wp\/v2\/types\/post"}],"author":[{"embeddable":true,"href":"https:\/\/noticiasdestaque.com.br\/index.php\/wp-json\/wp\/v2\/users\/1"}],"replies":[{"embeddable":true,"href":"https:\/\/noticiasdestaque.com.br\/index.php\/wp-json\/wp\/v2\/comments?post=48607"}],"version-history":[{"count":0,"href":"https:\/\/noticiasdestaque.com.br\/index.php\/wp-json\/wp\/v2\/posts\/48607\/revisions"}],"wp:featuredmedia":[{"embeddable":true,"href":"https:\/\/noticiasdestaque.com.br\/index.php\/wp-json\/wp\/v2\/media\/48608"}],"wp:attachment":[{"href":"https:\/\/noticiasdestaque.com.br\/index.php\/wp-json\/wp\/v2\/media?parent=48607"}],"wp:term":[{"taxonomy":"category","embeddable":true,"href":"https:\/\/noticiasdestaque.com.br\/index.php\/wp-json\/wp\/v2\/categories?post=48607"},{"taxonomy":"post_tag","embeddable":true,"href":"https:\/\/noticiasdestaque.com.br\/index.php\/wp-json\/wp\/v2\/tags?post=48607"}],"curies":[{"name":"wp","href":"https:\/\/api.w.org\/{rel}","templated":true}]}}