{"id":48601,"date":"2025-12-27T04:30:00","date_gmt":"2025-12-27T07:30:00","guid":{"rendered":"https:\/\/noticiasdestaque.com.br\/index.php\/2025\/12\/27\/brasil-continua-sob-calor-intenso-apos-o-natal-inmet-emite-alerta-vermelho-para-oito-estados\/"},"modified":"2025-12-27T04:30:00","modified_gmt":"2025-12-27T07:30:00","slug":"brasil-continua-sob-calor-intenso-apos-o-natal-inmet-emite-alerta-vermelho-para-oito-estados","status":"publish","type":"post","link":"https:\/\/noticiasdestaque.com.br\/index.php\/2025\/12\/27\/brasil-continua-sob-calor-intenso-apos-o-natal-inmet-emite-alerta-vermelho-para-oito-estados\/","title":{"rendered":"Brasil continua sob calor intenso ap\u00f3s o natal; Inmet emite alerta vermelho para oito estados"},"content":{"rendered":"<p>\t\t\t\t\t\t\t\t\t\t\t<audio controls class=\"b61_audio_player\" data-noticia=\"86727\" src=\"https:\/\/brasil61.com\/rails\/active_storage\/blobs\/eyJfcmFpbHMiOnsibWVzc2FnZSI6IkJBaHBBelRjQXc9PSIsImV4cCI6bnVsbCwicHVyIjoiYmxvYl9pZCJ9fQ==--d949f872cbd8841763d4548ac6089cd4a1fc1066\/BRAS2515439A\"><\/audio><\/p>\n<p>O <strong>calor intenso <\/strong>que marcou o Natal n\u00e3o d\u00e1 tr\u00e9gua e <strong>deve continuar dominando grande parte do Brasil <\/strong>ao longo do fim de semana. <strong>O Instituto Nacional de Meteorologia (Inmet)<\/strong> elevou o n\u00edvel de aten\u00e7\u00e3o para o <strong>patamar m\u00e1ximo<\/strong>, emitindo um <strong>alerta vermelho de &#8220;grande perigo&#8221;<\/strong> para uma <strong>onda de calor que abrange oito estados<\/strong> e deve persistir, pelo menos, at\u00e9 a pr\u00f3xima segunda-feira (29).<\/p>\n<p>O <strong>aviso de calor extremo <\/strong>concentra-se especialmente no centro-sul do pa\u00eds, onde o <strong>ar quente segue estagnado<\/strong>. As <strong>\u00e1reas mais afetadas<\/strong> incluem:<\/p>\n<ul>\n<li>Todo o estado de S\u00e3o Paulo (com m\u00e1ximas entre 34\u00b0C e 35\u00b0C na capital);<\/li>\n<li>Rio de Janeiro, com previs\u00e3o de term\u00f4metros atingindo escaldantes 39\u00b0C;<\/li>\n<li>Paran\u00e1 e norte de Santa Catarina;<\/li>\n<li>Mato Grosso do Sul (leste), Goi\u00e1s, Tri\u00e2ngulo Mineiro e sul de Minas Gerais.<\/li>\n<\/ul>\n<p>Nessas localidades, a <strong>persist\u00eancia de temperaturas<\/strong> pelo menos <strong>5\u00b0C acima da m\u00e9dia hist\u00f3rica<\/strong> por mais de cinco dias configura tecnicamente a <strong>onda de calor<\/strong>, elevando drasticamente os riscos de <strong>hipertermia<\/strong> e <strong>desidrata\u00e7\u00e3o<\/strong>.<\/p>\n<p>A <strong>causa principal<\/strong> da manuten\u00e7\u00e3o desse cen\u00e1rio \u00e9 um<strong> bloqueio atmosf\u00e9rico <\/strong>que dificulta a forma\u00e7\u00e3o de nuvens de chuva e impede a chegada de frentes frias. Esse sistema <strong>mant\u00e9m o ar abafado<\/strong> e o <strong>c\u00e9u aberto<\/strong>, permitindo que a radia\u00e7\u00e3o solar aque\u00e7a a superf\u00edcie de forma cont\u00ednua desde as primeiras horas da manh\u00e3.<\/p>\n<p>O padr\u00e3o meteorol\u00f3gico deve come\u00e7ar a apresentar uma<strong> mudan\u00e7a gradual <\/strong>a partir da tarde de s\u00e1bado. A combina\u00e7\u00e3o do<strong> calor acumulado<\/strong> com o <strong>avan\u00e7o de umidade<\/strong> pelas bordas do sistema de alta press\u00e3o deve criar um <strong>cen\u00e1rio de forte instabilidade<\/strong>.\u00a0<\/p>\n<h2>Risco de temporais<\/h2>\n<p>Embora o calor n\u00e3o diminua de forma significativa, a previs\u00e3o indica um aumento no risco de temporais isolados entre a tarde e a noite de s\u00e1bado e domingo.<\/p>\n<p>Especialistas refor\u00e7am a necessidade de hidrata\u00e7\u00e3o constante e aten\u00e7\u00e3o aos sinais de cansa\u00e7o e tontura, sintomas comuns do estresse t\u00e9rmico provocado pela falta de resfriamento noturno nas cidades.<\/p>\n<p>\t\t\t\t\t\t\t\t\t\t<img loading=\"lazy\" decoding=\"async\" src=\"https:\/\/brasil61.com\/api\/v1\/serve_pixel\/17677\/86727\" alt=\"Pixel Brasil 61\" class=\"b61_pixel\" width=\"0\" height=\"0\"><\/p>\n<input type=\"hidden\" id=\"baseurl\" value=\"https:\/\/noticiasdestaque.com.br\"><input type=\"hidden\" id=\"audio_nonce\" value=\"6a24ca502e\">","protected":false},"excerpt":{"rendered":"<p>Bloqueio atmosf\u00e9rico mant\u00e9m temperaturas at\u00e9 5\u00b0C acima da m\u00e9dia e eleva sensa\u00e7\u00e3o de abafamento no centro-sul<\/p>\n","protected":false},"author":1,"featured_media":48602,"comment_status":"open","ping_status":"open","sticky":false,"template":"","format":"standard","meta":{"fifu_image_url":"","fifu_image_alt":"","footnotes":""},"categories":[58],"tags":[],"class_list":["post-48601","post","type-post","status-publish","format-standard","has-post-thumbnail","hentry","category-cotidiano"],"distributor_meta":false,"distributor_terms":false,"distributor_media":false,"distributor_original_site_name":"Noticias em Destaque","distributor_original_site_url":"https:\/\/noticiasdestaque.com.br","push-errors":false,"_links":{"self":[{"href":"https:\/\/noticiasdestaque.com.br\/index.php\/wp-json\/wp\/v2\/posts\/48601","targetHints":{"allow":["GET"]}}],"collection":[{"href":"https:\/\/noticiasdestaque.com.br\/index.php\/wp-json\/wp\/v2\/posts"}],"about":[{"href":"https:\/\/noticiasdestaque.com.br\/index.php\/wp-json\/wp\/v2\/types\/post"}],"author":[{"embeddable":true,"href":"https:\/\/noticiasdestaque.com.br\/index.php\/wp-json\/wp\/v2\/users\/1"}],"replies":[{"embeddable":true,"href":"https:\/\/noticiasdestaque.com.br\/index.php\/wp-json\/wp\/v2\/comments?post=48601"}],"version-history":[{"count":0,"href":"https:\/\/noticiasdestaque.com.br\/index.php\/wp-json\/wp\/v2\/posts\/48601\/revisions"}],"wp:featuredmedia":[{"embeddable":true,"href":"https:\/\/noticiasdestaque.com.br\/index.php\/wp-json\/wp\/v2\/media\/48602"}],"wp:attachment":[{"href":"https:\/\/noticiasdestaque.com.br\/index.php\/wp-json\/wp\/v2\/media?parent=48601"}],"wp:term":[{"taxonomy":"category","embeddable":true,"href":"https:\/\/noticiasdestaque.com.br\/index.php\/wp-json\/wp\/v2\/categories?post=48601"},{"taxonomy":"post_tag","embeddable":true,"href":"https:\/\/noticiasdestaque.com.br\/index.php\/wp-json\/wp\/v2\/tags?post=48601"}],"curies":[{"name":"wp","href":"https:\/\/api.w.org\/{rel}","templated":true}]}}