{"id":4859,"date":"2022-12-07T22:38:43","date_gmt":"2022-12-08T01:38:43","guid":{"rendered":"https:\/\/noticiasdestaque.com.br\/index.php\/2022\/12\/07\/stf-confirma-proibicao-de-reeleicoes-ilimitadas-para-mesa-legislativa\/"},"modified":"2022-12-07T22:38:43","modified_gmt":"2022-12-08T01:38:43","slug":"stf-confirma-proibicao-de-reeleicoes-ilimitadas-para-mesa-legislativa","status":"publish","type":"post","link":"https:\/\/noticiasdestaque.com.br\/index.php\/2022\/12\/07\/stf-confirma-proibicao-de-reeleicoes-ilimitadas-para-mesa-legislativa\/","title":{"rendered":"STF confirma proibi\u00e7\u00e3o de reelei\u00e7\u00f5es ilimitadas para mesa legislativa"},"content":{"rendered":"<style> bloco.meta {font-style: italic; color: #666;font-weight: 600;font-size: .8em; \/* line-height: .3em; *\/}  text h2 { font-weight: 700 !important;  color: #062f46 !important;} text img { width: none; left: none;}<\/style>\n<\/p>\n<p>O Supremo Tribunal Federal (STF) reafirmou hoje (7) a proibi\u00e7\u00e3o de reelei\u00e7\u00f5es ilimitadas para as mesas diretoras de assembleias legislativas. Com o resultado do julgamento, a Corte definiu que s\u00f3 cabe uma reelei\u00e7\u00e3o para a dire\u00e7\u00e3o do Legislativo estadual.<\/p>\n<p>O caso come\u00e7ou a ser analisado em mar\u00e7o deste ano no plen\u00e1rio virtual da Corte, modalidade em que os ministros inserem os votos eletronicamente e n\u00e3o h\u00e1 delibera\u00e7\u00e3o presencial.<\/p>\n<p>Ao retomar o julgamento na sess\u00e3o presencial de hoje, os ministros decidiram estipular um prazo para o cumprimento da decis\u00e3o. Com a modula\u00e7\u00e3o, ficou definido que as composi\u00e7\u00f5es das mesas feitas antes de 7 de janeiro de 2021 n\u00e3o ser\u00e3o afetadas pela decis\u00e3o.<\/p>\n<p>O marco \u00e9 a publica\u00e7\u00e3o da ata da decis\u00e3o do Supremo que, em dezembro de 2020, vetou a recondu\u00e7\u00e3o de presidentes da C\u00e2mara dos Deputados e do Senado dentro da mesma legislatura.<\/p>\n<p>O caso chegou ao STF por meio de a\u00e7\u00f5es protocoladas no ano passado por partidos pol\u00edticos e a Procuradoria-Geral da Rep\u00fablica (PGR). Foram citados casos de deputados estaduais que foram reeleitos por at\u00e9 cinco vezes para a chefia do Legislativo.<\/p>\n<p class=\"alt-font font-italic my-2 small text-info\">\n                                                Edi\u00e7\u00e3o:   Val\u00e9ria Aguiar                    <\/p>\n<p>            <!-- blog End --><\/p>\n<p>            <!-- tag and share --><\/p>\n<p> Fonte: EBC <\/p>\n<input type=\"hidden\" id=\"baseurl\" value=\"https:\/\/noticiasdestaque.com.br\"><input type=\"hidden\" id=\"audio_nonce\" value=\"62ca87eee3\">","protected":false},"excerpt":{"rendered":"<p>S\u00f3 cabe uma reelei\u00e7\u00e3o para a dire\u00e7\u00e3o do Legislativo estadual<\/p>\n","protected":false},"author":1,"featured_media":4860,"comment_status":"open","ping_status":"open","sticky":false,"template":"","format":"standard","meta":{"fifu_image_url":"","fifu_image_alt":"","footnotes":""},"categories":[50],"tags":[],"class_list":["post-4859","post","type-post","status-publish","format-standard","has-post-thumbnail","hentry","category-politica"],"distributor_meta":false,"distributor_terms":false,"distributor_media":false,"distributor_original_site_name":"Portal de Recupera\u00e7\u00e3o","distributor_original_site_url":"https:\/\/portalderecuperacao.com","push-errors":false,"_links":{"self":[{"href":"https:\/\/noticiasdestaque.com.br\/index.php\/wp-json\/wp\/v2\/posts\/4859","targetHints":{"allow":["GET"]}}],"collection":[{"href":"https:\/\/noticiasdestaque.com.br\/index.php\/wp-json\/wp\/v2\/posts"}],"about":[{"href":"https:\/\/noticiasdestaque.com.br\/index.php\/wp-json\/wp\/v2\/types\/post"}],"author":[{"embeddable":true,"href":"https:\/\/noticiasdestaque.com.br\/index.php\/wp-json\/wp\/v2\/users\/1"}],"replies":[{"embeddable":true,"href":"https:\/\/noticiasdestaque.com.br\/index.php\/wp-json\/wp\/v2\/comments?post=4859"}],"version-history":[{"count":0,"href":"https:\/\/noticiasdestaque.com.br\/index.php\/wp-json\/wp\/v2\/posts\/4859\/revisions"}],"wp:featuredmedia":[{"embeddable":true,"href":"https:\/\/noticiasdestaque.com.br\/index.php\/wp-json\/wp\/v2\/media\/4860"}],"wp:attachment":[{"href":"https:\/\/noticiasdestaque.com.br\/index.php\/wp-json\/wp\/v2\/media?parent=4859"}],"wp:term":[{"taxonomy":"category","embeddable":true,"href":"https:\/\/noticiasdestaque.com.br\/index.php\/wp-json\/wp\/v2\/categories?post=4859"},{"taxonomy":"post_tag","embeddable":true,"href":"https:\/\/noticiasdestaque.com.br\/index.php\/wp-json\/wp\/v2\/tags?post=4859"}],"curies":[{"name":"wp","href":"https:\/\/api.w.org\/{rel}","templated":true}]}}