{"id":48583,"date":"2025-12-26T21:15:00","date_gmt":"2025-12-27T00:15:00","guid":{"rendered":"https:\/\/noticiasdestaque.com.br\/index.php\/2025\/12\/26\/previsao-do-tempo-sabado-27-de-calor-intenso-e-tempestades-no-sudeste\/"},"modified":"2025-12-26T21:15:00","modified_gmt":"2025-12-27T00:15:00","slug":"previsao-do-tempo-sabado-27-de-calor-intenso-e-tempestades-no-sudeste","status":"publish","type":"post","link":"https:\/\/noticiasdestaque.com.br\/index.php\/2025\/12\/26\/previsao-do-tempo-sabado-27-de-calor-intenso-e-tempestades-no-sudeste\/","title":{"rendered":"PREVIS\u00c3O DO TEMPO: s\u00e1bado (27) de calor intenso e tempestades no Sudeste"},"content":{"rendered":"<p>\t\t\t\t\t\t\t\t\t\t\t<audio controls class=\"b61_audio_player\" data-noticia=\"86717\" src=\"https:\/\/brasil61.com\/rails\/active_storage\/blobs\/eyJfcmFpbHMiOnsibWVzc2FnZSI6IkJBaHBBeTNjQXc9PSIsImV4cCI6bnVsbCwicHVyIjoiYmxvYl9pZCJ9fQ==--aa164fd2a78144977ecf09ed38611a9553956384\/PTSD254298B\"><\/audio><\/p>\n<p>A <strong>previs\u00e3o do tempo<\/strong> para a <strong>Regi\u00e3o Sudeste<\/strong> do pa\u00eds, neste s\u00e1bado (27), indica <strong>c\u00e9u claro com presen\u00e7a de nuvens<\/strong> em todos os estados.\u00a0<\/p>\n<p>O Instituto Nacional de Meteorologia (Inmet) alerta para <strong>perigo potencial e grande perigo de<\/strong> <strong>onda de calor<\/strong> que afeta todos os territ\u00f3rios sudestinos.<\/p>\n<p>Al\u00e9m disso, o \u00f3rg\u00e3o evidencia a ocorr\u00eancia de <strong>perigo potencial de tempestades<\/strong> em regi\u00f5es de <strong>Minas Gerais (MG)<\/strong>, como Tri\u00e2ngulo Mineiro\/Alto Parana\u00edba, Central Mineira, Oeste de Minas, Sul\/Sudoeste de Minas, Noroeste de Minas, Norte de Minas, Campo das Vertentes e Metropolitana de Belo Horizonte, e em regi\u00f5es de <strong>S\u00e3o Paulo (SP)<\/strong>, como Presidente Prudente, S\u00e3o Jos\u00e9 do Rio Preto, Campinas, Bauru, Piracicaba, Itapetininga, Ribeir\u00e3o Preto, Ara\u00e7atuba, Macro Metropolitana Paulista, Mar\u00edlia, Araraquara, Metropolitana de S\u00e3o Paulo, Assis, Litoral Sul Paulista e Vale do Para\u00edba Paulista.<\/p>\n<p>Entre as capitais, a temperatura m\u00ednima prevista \u00e9 de<strong> 21\u00b0C<\/strong> em Belo Horizonte e S\u00e3o Paulo. J\u00e1 a m\u00e1xima pode chegar at\u00e9 <strong>38\u00b0C<\/strong> no Rio de Janeiro. A umidade relativa do ar varia entre <strong>25%<\/strong> e <strong>95%<\/strong>.<\/p>\n<h2>O que \u00e9 onda de calor?<\/h2>\n<p>Per\u00edodo de cinco ou mais dias consecutivos em que a temperatura m\u00e1xima di\u00e1ria supera, em pelo menos 5\u00b0C, a m\u00e9dia climatol\u00f3gica da temperatura m\u00e1xima para aquele m\u00eas e local.<\/p>\n<h2>5 motivos para acompanhar as previs\u00f5es do tempo<\/h2>\n<ul>\n<li>Agricultura: garantia de uma boa colheita;<\/li>\n<li>Marinha: prote\u00e7\u00e3o de marinheiros, navios e passageiros;<\/li>\n<li>Aeron\u00e1utica: seguran\u00e7a de pilotos, aeronaves e passageiros;<\/li>\n<li>Pesca: condi\u00e7\u00f5es favor\u00e1veis e seguras para a atividade;<\/li>\n<li>Turismo: garantia de passeios e viagens tranquilas e agrad\u00e1veis.<\/li>\n<\/ul>\n<h2>Import\u00e2ncia das observa\u00e7\u00f5es meteorol\u00f3gicas no INMET<\/h2>\n<p>As observa\u00e7\u00f5es meteorol\u00f3gicas do INMET s\u00e3o essenciais para previs\u00f5es em tempo real, estat\u00edsticas clim\u00e1ticas e coopera\u00e7\u00e3o internacional. Esses dados precisos ajudam a estudar o clima passado e a produzir Normais Climatol\u00f3gicas conforme a Organiza\u00e7\u00e3o Meteorol\u00f3gica Mundial (<a href=\"https:\/\/worldweather.wmo.int\/pt\/home.html\">OMM<\/a>).<\/p>\n<p>As informa\u00e7\u00f5es s\u00e3o do Instituto Nacional de Meteorologia (<a href=\"https:\/\/portal.inmet.gov.br\">Inmet<\/a>).<\/p>\n<p>\t\t\t\t\t\t\t\t\t\t<img loading=\"lazy\" decoding=\"async\" src=\"https:\/\/brasil61.com\/api\/v1\/serve_pixel\/17677\/86717\" alt=\"Pixel Brasil 61\" class=\"b61_pixel\" width=\"0\" height=\"0\"><\/p>\n<input type=\"hidden\" id=\"baseurl\" value=\"https:\/\/noticiasdestaque.com.br\"><input type=\"hidden\" id=\"audio_nonce\" value=\"6f73a554f1\">","protected":false},"excerpt":{"rendered":"<p>Temperaturas variam entre 21\u00b0C e 38\u00b0C, enquanto a umidade relativa do ar permanece entre 25% e 95%<\/p>\n","protected":false},"author":1,"featured_media":48584,"comment_status":"open","ping_status":"open","sticky":false,"template":"","format":"standard","meta":{"fifu_image_url":"","fifu_image_alt":"","footnotes":""},"categories":[58],"tags":[],"class_list":["post-48583","post","type-post","status-publish","format-standard","has-post-thumbnail","hentry","category-cotidiano"],"distributor_meta":false,"distributor_terms":false,"distributor_media":false,"distributor_original_site_name":"Noticias em Destaque","distributor_original_site_url":"https:\/\/noticiasdestaque.com.br","push-errors":false,"_links":{"self":[{"href":"https:\/\/noticiasdestaque.com.br\/index.php\/wp-json\/wp\/v2\/posts\/48583","targetHints":{"allow":["GET"]}}],"collection":[{"href":"https:\/\/noticiasdestaque.com.br\/index.php\/wp-json\/wp\/v2\/posts"}],"about":[{"href":"https:\/\/noticiasdestaque.com.br\/index.php\/wp-json\/wp\/v2\/types\/post"}],"author":[{"embeddable":true,"href":"https:\/\/noticiasdestaque.com.br\/index.php\/wp-json\/wp\/v2\/users\/1"}],"replies":[{"embeddable":true,"href":"https:\/\/noticiasdestaque.com.br\/index.php\/wp-json\/wp\/v2\/comments?post=48583"}],"version-history":[{"count":0,"href":"https:\/\/noticiasdestaque.com.br\/index.php\/wp-json\/wp\/v2\/posts\/48583\/revisions"}],"wp:featuredmedia":[{"embeddable":true,"href":"https:\/\/noticiasdestaque.com.br\/index.php\/wp-json\/wp\/v2\/media\/48584"}],"wp:attachment":[{"href":"https:\/\/noticiasdestaque.com.br\/index.php\/wp-json\/wp\/v2\/media?parent=48583"}],"wp:term":[{"taxonomy":"category","embeddable":true,"href":"https:\/\/noticiasdestaque.com.br\/index.php\/wp-json\/wp\/v2\/categories?post=48583"},{"taxonomy":"post_tag","embeddable":true,"href":"https:\/\/noticiasdestaque.com.br\/index.php\/wp-json\/wp\/v2\/tags?post=48583"}],"curies":[{"name":"wp","href":"https:\/\/api.w.org\/{rel}","templated":true}]}}