{"id":4858,"date":"2022-12-07T09:48:40","date_gmt":"2022-12-07T12:48:40","guid":{"rendered":"https:\/\/noticiasdestaque.com.br\/index.php\/2022\/12\/07\/triagem-neonatal-salva-vidas-e-evita-atrasos-no-desenvolvimento\/"},"modified":"2022-12-07T09:48:40","modified_gmt":"2022-12-07T12:48:40","slug":"triagem-neonatal-salva-vidas-e-evita-atrasos-no-desenvolvimento","status":"publish","type":"post","link":"https:\/\/noticiasdestaque.com.br\/index.php\/2022\/12\/07\/triagem-neonatal-salva-vidas-e-evita-atrasos-no-desenvolvimento\/","title":{"rendered":"Triagem neonatal salva vidas e evita atrasos no desenvolvimento"},"content":{"rendered":"<p style=\"text-align: justify;\">No Brasil, todo beb\u00ea tem o direito de ser submetido \u00e0 realiza\u00e7\u00e3o de cinco exames gratuitos muito importantes para a sa\u00fade, logo ap\u00f3s o nascimento. S\u00e3o os chamados \u201cexames da triagem neonatal\u201d: teste do pezinho, teste do olhinho, teste da orelhinha, teste da linguinha e teste do cora\u00e7\u00e3ozinho. Esses exames diagnosticam doen\u00e7as que, quanto mais cedo forem identificadas, apresentam melhores chances de tratamento, podendo salvar vidas ou prevenir sequelas graves.<\/p>\n<p style=\"text-align: justify;\">A triagem neonatal foi iniciada no Brasil na d\u00e9cada de 1980 e institucionalizada em 2001, com a cria\u00e7\u00e3o do Programa Nacional de Triagem Neonatal (PNTN), criado para aumentar o n\u00famero de doen\u00e7as identificadas e de a\u00e7\u00f5es para a preven\u00e7\u00e3o, o tratamento e o cuidado integral. <\/p>\n<p style=\"text-align: justify;\">Os testes s\u00e3o exames cl\u00ednicos ou laboratoriais realizados nos primeiros dias de vida do beb\u00ea. Hoje, os cinco exames s\u00e3o gratuitos pelo Sistema \u00danico de Sa\u00fade (SUS). <\/p>\n<ul>\n<li style=\"text-align: justify;\"><strong>Teste do olhinho:<\/strong> tamb\u00e9m chamado de pesquisa do reflexo do olho vermelho, serve para identificar doen\u00e7as como glaucoma, tumores intraoculares e catarata infantil. Deve ser feito na maternidade antes da alta. <\/li>\n<li style=\"text-align: justify;\"><strong>Teste do cora\u00e7\u00e3ozinho:<\/strong> \u00e9 a oximetria de pulso, medi\u00e7\u00e3o do n\u00edvel de oxig\u00eanio do sangue com o objetivo indicar se o beb\u00ea apresenta alguma doen\u00e7a card\u00edaca grave. <\/li>\n<li style=\"text-align: justify;\"><strong>Teste da orelhinha:<\/strong> triagem para avaliar se h\u00e1 perda na fun\u00e7\u00e3o auditiva do beb\u00ea. Pode ser realizado quando o beb\u00ea ainda est\u00e1 na maternidade ou ap\u00f3s a alta. Deve ser feito at\u00e9 o sexto m\u00eas, mas como uma recomenda\u00e7\u00e3o de uma melhor pr\u00e1tica de ser feito at\u00e9 o segundo m\u00eas de vida. <\/li>\n<li style=\"text-align: justify;\"><strong>Teste da linguinha:<\/strong> mais recente, \u00e9 realizado para identificar se h\u00e1 altera\u00e7\u00e3o em uma membrana na l\u00edngua chamada fr\u00eanulo. Essa membrana causa o que chamamos popularmente de l\u00edngua presa, e pode gerar problemas de suc\u00e7\u00e3o e mastiga\u00e7\u00e3o. Quanto mais precoce for identificado, melhor para o beb\u00ea, para n\u00e3o interferir na amamenta\u00e7\u00e3o. <\/li>\n<li style=\"text-align: justify;\"><strong>O teste do pezinho:<\/strong> \u00e9 um teste muito conhecido que identifica o tipo sangu\u00edneo da crian\u00e7a, verifica se h\u00e1 hemoglobinopatias e fibrose c\u00edstica. S\u00e3o doen\u00e7as que, quando tratadas rapidamente, possuem um desfecho mais favor\u00e1vel.  <\/li>\n<\/ul>\n<p style=\"text-align: justify;\">Segundo o coordenador de UTI pedi\u00e1trica Thallys Ramalho, esses exames s\u00e3o fundamentais para garantir a seguran\u00e7a futura do beb\u00ea. \u201cTodos esses testes, eles identificam doen\u00e7as que, quando tratadas, eles promovem uma qualidade de vida muito melhor para o beb\u00ea. Ent\u00e3o, por exemplo, o teste do olhinho, que identifica a catarata infantil, a crian\u00e7a a partir do momento que ela \u00e9 levada para o hospital, onde \u00e9 feito o tratamento para a doen\u00e7a ela pode ter um desenvolvimento muito pr\u00f3ximo do normal, ou seja, ela vai ter um desenvolvimento neuropsicomotor muito superior ao que ela n\u00e3o teria se n\u00e3o tivesse tratado a doen\u00e7a.\u201d <\/p>\n<p style=\"text-align: justify;\">Para a funcion\u00e1ria p\u00fablica e m\u00e3e de primeira viagem, Paola Botelho, os cuidados preventivos s\u00e3o essenciais. \u201cPelo que eu tenho aprendido, tenho estudado e pelo que eu estudei no curso de doulas, realmente existem esses cuidados inerentes que devem ser feitos assim que o beb\u00ea nasce, ent\u00e3o, realmente \u00e9 preciso para a sa\u00fade do nosso filho, do nosso beb\u00ea\u201d.<\/p>\n<p style=\"text-align: justify;\">Al\u00e9m dos testes preventivos, \u00e9 preciso adotar cuidados importantes nos primeiros dias de vida do rec\u00e9m-nascido, incluindo o processo de amamenta\u00e7\u00e3o. \u201cExistem tamb\u00e9m outros cuidados que os pais devem ter, que \u00e9 com a higiene do coto umbilical, a posi\u00e7\u00e3o para dormir, que deve ser sempre de barriga para cima. Deve-se pensar tamb\u00e9m no transporte do hospital para casa. Algumas vacinas podem ser dadas dentro da maternidade, e um cuidado que hoje \u00e9 fundamental pelo tempo que estamos vivendo, que \u00e9 evitar visitas\u201d, explica o m\u00e9dico pediatra Thallys Ramalho. <\/p>\n<p style=\"text-align: justify;\"><strong>Preven\u00e7\u00e3o da S\u00edndrome de Morte S\u00fabita<\/strong><\/p>\n<p style=\"text-align: justify;\">Desconhecida por muitos, a s\u00edndrome da morte s\u00fabita infantil (SMSI) \u00e9 principal causa de morte entre beb\u00eas com menos de um ano e, embora afete v\u00e1rias fam\u00edlias todos os anos, a origem ainda \u00e9 desconhecida. <\/p>\n<p style=\"text-align: justify;\">Dentre as condi\u00e7\u00f5es associadas \u00e0 morte s\u00fabita est\u00e3o: dormir de barriga para baixo, utiliza\u00e7\u00e3o de travesseiros e protetores de ber\u00e7os muito acolchoados, compartilhamento de leito com os pais, o hist\u00f3rico de um irm\u00e3o com morte s\u00fabita do lactente, o uso de \u00e1lcool, cigarro ou drogas pela m\u00e3e durante a gesta\u00e7\u00e3o, o baixo peso ao nascer e a prematuridade, entre outros.<\/p>\n<p style=\"text-align: justify;\">A S\u00edndrome de Morte S\u00fabita pode ser evitada com cuidados simples. \u201cO ideal \u00e9 que se evite compartilhamento de leitos, que coloque o beb\u00ea para dormir sempre de barriguinha para cima, com a cabe\u00e7a centralizada ou lateralizada, que se evite o uso de drogas, \u00e1lcool e cigarro durante a gesta\u00e7\u00e3o e que se tenha um pr\u00e9-natal bem-feito, bem acompanhado para que o beb\u00ea nas\u00e7a com bom peso, com uma boa idade gestacional. Tamb\u00e9m deve-se evitar os colch\u00f5es, travesseiros e enchimentos e outros adere\u00e7os que possam ocupar espa\u00e7o do ber\u00e7o e dificultar a respira\u00e7\u00e3o do beb\u00ea\u201d, explica o m\u00e9dico pediatra Clodoaldo Abreu da Silveira J\u00fanior.<\/p>\n<p style=\"text-align: justify;\"><strong>Vacina\u00e7\u00e3o Pedi\u00e1trica<\/strong><\/p>\n<p style=\"text-align: justify;\">A Comiss\u00e3o Nacional de Incorpora\u00e7\u00e3o de Tecnologias no Sistema \u00danico de Sa\u00fade (Conitec) aprovou o uso da vacina da Pfizer para beb\u00eas de seis meses a quatro anos, no fim de novembro (29). Atualmente, a imuniza\u00e7\u00e3o deste grupo s\u00f3 est\u00e1 autorizada para crian\u00e7as com comorbidade. Segundo o Minist\u00e9rio da Sa\u00fade, a partir desta semana o tema ser\u00e1 submetido \u00e0 consulta p\u00fablica durante 10 dias, e depois retornar\u00e1 \u00e0 Conitec para uma decis\u00e3o final. <\/p>\n<p>De acordo com dados do Minist\u00e9rio da Sa\u00fade, levantados pelo Observa Inf\u00e2ncia (Fiocruz\/Unifase), cerca de 938.411 crian\u00e7as de tr\u00eas e quaro anos tomaram a primeira dose da vacina contra a Covid-19, enquanto 323.965 tomaram as duas doses do imunizante. No total, cerca de 5,9 milh\u00f5es de crian\u00e7as nessa faixa et\u00e1ria moram no Brasil e devem receber as duas doses da vacina. <\/p>\n<p> Fonte: Brasil61<\/p>\n<input type=\"hidden\" id=\"baseurl\" value=\"https:\/\/noticiasdestaque.com.br\"><input type=\"hidden\" id=\"audio_nonce\" value=\"62ca87eee3\">","protected":false},"excerpt":{"rendered":"<p>Saiba quais s\u00e3o os cinco exames mais importantes para rec\u00e9m-nascidos. E entenda como eles ajudam a garantir a sa\u00fade do beb\u00ea<\/p>\n","protected":false},"author":1,"featured_media":0,"comment_status":"open","ping_status":"open","sticky":false,"template":"","format":"standard","meta":{"fifu_image_url":"","fifu_image_alt":"","footnotes":""},"categories":[51],"tags":[],"class_list":["post-4858","post","type-post","status-publish","format-standard","hentry","category-saude"],"distributor_meta":false,"distributor_terms":false,"distributor_media":false,"distributor_original_site_name":"Portal de Recupera\u00e7\u00e3o","distributor_original_site_url":"https:\/\/portalderecuperacao.com","push-errors":false,"_links":{"self":[{"href":"https:\/\/noticiasdestaque.com.br\/index.php\/wp-json\/wp\/v2\/posts\/4858","targetHints":{"allow":["GET"]}}],"collection":[{"href":"https:\/\/noticiasdestaque.com.br\/index.php\/wp-json\/wp\/v2\/posts"}],"about":[{"href":"https:\/\/noticiasdestaque.com.br\/index.php\/wp-json\/wp\/v2\/types\/post"}],"author":[{"embeddable":true,"href":"https:\/\/noticiasdestaque.com.br\/index.php\/wp-json\/wp\/v2\/users\/1"}],"replies":[{"embeddable":true,"href":"https:\/\/noticiasdestaque.com.br\/index.php\/wp-json\/wp\/v2\/comments?post=4858"}],"version-history":[{"count":0,"href":"https:\/\/noticiasdestaque.com.br\/index.php\/wp-json\/wp\/v2\/posts\/4858\/revisions"}],"wp:attachment":[{"href":"https:\/\/noticiasdestaque.com.br\/index.php\/wp-json\/wp\/v2\/media?parent=4858"}],"wp:term":[{"taxonomy":"category","embeddable":true,"href":"https:\/\/noticiasdestaque.com.br\/index.php\/wp-json\/wp\/v2\/categories?post=4858"},{"taxonomy":"post_tag","embeddable":true,"href":"https:\/\/noticiasdestaque.com.br\/index.php\/wp-json\/wp\/v2\/tags?post=4858"}],"curies":[{"name":"wp","href":"https:\/\/api.w.org\/{rel}","templated":true}]}}