{"id":48577,"date":"2025-12-26T04:45:00","date_gmt":"2025-12-26T07:45:00","guid":{"rendered":"https:\/\/noticiasdestaque.com.br\/index.php\/2025\/12\/26\/brasil-assumira-lideranca-de-gt-de-projetos-nucleares-no-brics\/"},"modified":"2025-12-26T04:45:00","modified_gmt":"2025-12-26T07:45:00","slug":"brasil-assumira-lideranca-de-gt-de-projetos-nucleares-no-brics","status":"publish","type":"post","link":"https:\/\/noticiasdestaque.com.br\/index.php\/2025\/12\/26\/brasil-assumira-lideranca-de-gt-de-projetos-nucleares-no-brics\/","title":{"rendered":"Brasil assumir\u00e1 lideran\u00e7a de GT de projetos nucleares no BRICS"},"content":{"rendered":"<p>A <strong>ABDAN (Associa\u00e7\u00e3o Brasileira para o Desenvolvimento de Atividades Nucleares)<\/strong> foi convidada a assumir a lideran\u00e7a do novo <strong>Grupo de Trabalho de Financiamento para Projetos Nucleares no \u00e2mbito do BRICS<\/strong>, estrutura criada para formular diretrizes e instrumentos financeiros voltados \u00e0 expans\u00e3o segura e sustent\u00e1vel da energia nuclear entre os pa\u00edses-membros. De acordo com a entidade, \u201co convite representa uma conquista para o setor nuclear brasileiro e posiciona o pa\u00eds como protagonista no debate internacional sobre financiamento, sustentabilidade e infraestrutura energ\u00e9tica de longo prazo\u201d.<\/p>\n<p>O <strong>Grupo de Trabalho<\/strong> surge como desdobramento das discuss\u00f5es realizadas em maio de 2025, durante a sess\u00e3o de especialistas da <strong>Nuclear Trade &amp; Technology Exchange (NT2E)<\/strong>, no Brasil, quando representantes de diversos pa\u00edses apontaram a necessidade de criar mecanismos financeiros espec\u00edficos para projetos nucleares, especialmente diante da crescente demanda global por energia de baixo carbono.<\/p>\n<p>Em junho, os participantes da Plataforma Nuclear dos <strong>BRICS <\/strong>formalizaram a cria\u00e7\u00e3o do <strong>GT \u201cInstrumentos de Financiamento dos BRICS para Instala\u00e7\u00f5es Nucleares\u201d<\/strong>, que agora ser\u00e1 conduzido pela <strong>ABDAN<\/strong>. O objetivo do grupo \u00e9 desenvolver estudos, crit\u00e9rios e recomenda\u00e7\u00f5es que orientem bancos de desenvolvimento e institui\u00e7\u00f5es financeiras internacionais na tomada de decis\u00f5es sobre investimentos nucleares.<\/p>\n<p>O escopo do <strong>GT <\/strong>inclui a an\u00e1lise de pr\u00e1ticas regulat\u00f3rias globais, avalia\u00e7\u00e3o de modelos financeiros j\u00e1 utilizados em grandes projetos e elabora\u00e7\u00e3o de propostas que alinhem a pol\u00edtica financeira dos BRICS aos requisitos contempor\u00e2neos de sustentabilidade, considerando as particularidades tecnol\u00f3gicas e ambientais do setor nuclear. O grupo tamb\u00e9m dever\u00e1 examinar crit\u00e9rios \u201cverdes\u201d aplic\u00e1veis a <strong>tecnologias como reatores de \u00e1gua leve (LWR)<\/strong>, <strong>pequenos reatores modulares (SMR) <\/strong>e <strong>usinas nucleares flotantes (FNPP)<\/strong>.<\/p>\n<p>Para Celso Cunha, presidente da <strong>ABDAN<\/strong>, o convite reflete o reconhecimento internacional ao avan\u00e7o do setor nuclear brasileiro e ao papel da ABDAN como articuladora t\u00e9cnica e institucional:<\/p>\n<p>\u201cSer chamado a liderar esse grupo de trabalho \u00e9 um sinal claro de que o Brasil est\u00e1 preparado para contribuir com a constru\u00e7\u00e3o de pol\u00edticas globais de financiamento que garantam seguran\u00e7a, sustentabilidade e previsibilidade aos projetos nucleares. A <strong>ABDAN <\/strong>atuar\u00e1 com responsabilidade e vis\u00e3o estrat\u00e9gica para fortalecer a posi\u00e7\u00e3o do pa\u00eds e apoiar os mercados emergentes dessa nova era da energia.\u201d<\/p>\n<p>\t\t\t\t\t\t\t\t\t\t<img loading=\"lazy\" decoding=\"async\" src=\"https:\/\/brasil61.com\/api\/v1\/serve_pixel\/17677\/86682\" alt=\"Pixel Brasil 61\" class=\"b61_pixel\" width=\"0\" height=\"0\"><\/p>\n<input type=\"hidden\" id=\"baseurl\" value=\"https:\/\/noticiasdestaque.com.br\"><input type=\"hidden\" id=\"audio_nonce\" value=\"6f73a554f1\">","protected":false},"excerpt":{"rendered":"<p>De acordo com a ABDAN, \u201co convite representa uma conquista para o setor nuclear brasileiro e posiciona o pa\u00eds como protagonista no debate internacional sobre financiamento, sustentabilidade e infraestrutura energ\u00e9tica de longo prazo&#8221;.<\/p>\n","protected":false},"author":1,"featured_media":48578,"comment_status":"open","ping_status":"open","sticky":false,"template":"","format":"standard","meta":{"fifu_image_url":"","fifu_image_alt":"","footnotes":""},"categories":[59],"tags":[],"class_list":["post-48577","post","type-post","status-publish","format-standard","has-post-thumbnail","hentry","category-economia"],"distributor_meta":false,"distributor_terms":false,"distributor_media":false,"distributor_original_site_name":"Noticias em Destaque","distributor_original_site_url":"https:\/\/noticiasdestaque.com.br","push-errors":false,"_links":{"self":[{"href":"https:\/\/noticiasdestaque.com.br\/index.php\/wp-json\/wp\/v2\/posts\/48577","targetHints":{"allow":["GET"]}}],"collection":[{"href":"https:\/\/noticiasdestaque.com.br\/index.php\/wp-json\/wp\/v2\/posts"}],"about":[{"href":"https:\/\/noticiasdestaque.com.br\/index.php\/wp-json\/wp\/v2\/types\/post"}],"author":[{"embeddable":true,"href":"https:\/\/noticiasdestaque.com.br\/index.php\/wp-json\/wp\/v2\/users\/1"}],"replies":[{"embeddable":true,"href":"https:\/\/noticiasdestaque.com.br\/index.php\/wp-json\/wp\/v2\/comments?post=48577"}],"version-history":[{"count":0,"href":"https:\/\/noticiasdestaque.com.br\/index.php\/wp-json\/wp\/v2\/posts\/48577\/revisions"}],"wp:featuredmedia":[{"embeddable":true,"href":"https:\/\/noticiasdestaque.com.br\/index.php\/wp-json\/wp\/v2\/media\/48578"}],"wp:attachment":[{"href":"https:\/\/noticiasdestaque.com.br\/index.php\/wp-json\/wp\/v2\/media?parent=48577"}],"wp:term":[{"taxonomy":"category","embeddable":true,"href":"https:\/\/noticiasdestaque.com.br\/index.php\/wp-json\/wp\/v2\/categories?post=48577"},{"taxonomy":"post_tag","embeddable":true,"href":"https:\/\/noticiasdestaque.com.br\/index.php\/wp-json\/wp\/v2\/tags?post=48577"}],"curies":[{"name":"wp","href":"https:\/\/api.w.org\/{rel}","templated":true}]}}