{"id":48569,"date":"2025-12-25T18:40:00","date_gmt":"2025-12-25T21:40:00","guid":{"rendered":"https:\/\/noticiasdestaque.com.br\/index.php\/2025\/12\/25\/previsao-do-tempo-chuvas-em-todos-os-estados-na-regiao-sul-nesta-sexta-feira-26\/"},"modified":"2025-12-25T18:40:00","modified_gmt":"2025-12-25T21:40:00","slug":"previsao-do-tempo-chuvas-em-todos-os-estados-na-regiao-sul-nesta-sexta-feira-26","status":"publish","type":"post","link":"https:\/\/noticiasdestaque.com.br\/index.php\/2025\/12\/25\/previsao-do-tempo-chuvas-em-todos-os-estados-na-regiao-sul-nesta-sexta-feira-26\/","title":{"rendered":"PREVIS\u00c3O DO TEMPO: Chuvas em todos os estados na Regi\u00e3o Sul nesta sexta-feira (26)"},"content":{"rendered":"<p>\t\t\t\t\t\t\t\t\t\t\t<audio controls class=\"b61_audio_player\" data-noticia=\"86654\" src=\"https:\/\/brasil61.com\/rails\/active_storage\/blobs\/eyJfcmFpbHMiOnsibWVzc2FnZSI6IkJBaHBBL0xhQXc9PSIsImV4cCI6bnVsbCwicHVyIjoiYmxvYl9pZCJ9fQ==--b67f7e9703d3ceca5feb6cb9c15ac62877066689\/PTRS254173A\"><\/audio><\/p>\n<p>A <strong>previs\u00e3o do tempo<\/strong> para o <strong>Sul<\/strong> do pa\u00eds, nesta <strong>sexta-feira (26)<\/strong>, indica <strong>muitas<\/strong> <strong>nuvens<\/strong> para toda a regi\u00e3o, com <strong>chuvas<\/strong> <strong>isoladas<\/strong> para todos os estados, exceto pela \u00e1rea central do norte do Paran\u00e1, onde <strong>n\u00e3o deve chover<\/strong>.<\/p>\n<p>As <strong>chuvas<\/strong> devem ser <strong>mais intensas<\/strong> em todo estado do Rio Grande do Sul, extremo-sudoeste do Paran\u00e1 e extremos-oeste e leste de Santa Catarina.<\/p>\n<p>Al\u00e9m disso, as <strong>pancadas de chuva <\/strong>devem vir <strong>acompanhadas de trovoadas<\/strong> em todo norte do estado ga\u00facho, extremo-sudoeste do Paran\u00e1 e extremos-oeste e leste de Santa Catarina.<\/p>\n<p>Entre as <strong>capitais<\/strong>, a <strong>temperatura m\u00ednima<\/strong> prevista \u00e9 de <strong>21\u00b0C<\/strong>, em <strong>Curitiba<\/strong> e <strong>Porto Alegre<\/strong>. J\u00e1 a <strong>m\u00e1xima<\/strong> pode chegar at\u00e9 <strong>33\u00b0C<\/strong>, em <strong>Curitiba<\/strong>. A <strong>umidade relativa do ar<\/strong> varia entre <strong>50%<\/strong> e <strong>100%<\/strong>.<\/p>\n<p>\u00a0<\/p>\n<h2>5 motivos para acompanhar as previs\u00f5es do tempo<\/h2>\n<ul>\n<li>Agricultura: garantia de uma boa colheita;<\/li>\n<li>Marinha: prote\u00e7\u00e3o de marinheiros, navios e passageiros;<\/li>\n<li>Aeron\u00e1utica: seguran\u00e7a de pilotos, aeronaves e passageiros;<\/li>\n<li>Pesca: condi\u00e7\u00f5es favor\u00e1veis e seguras para a atividade;<\/li>\n<li>Turismo: garantia de passeios e viagens tranquilas e agrad\u00e1veis.<\/li>\n<\/ul>\n<h2>Import\u00e2ncia das observa\u00e7\u00f5es meteorol\u00f3gicas no INMET<\/h2>\n<p>As observa\u00e7\u00f5es meteorol\u00f3gicas do INMET s\u00e3o essenciais para previs\u00f5es em tempo real, estat\u00edsticas clim\u00e1ticas e coopera\u00e7\u00e3o internacional. Esses dados precisos ajudam a estudar o clima passado e a produzir Normais Climatol\u00f3gicas conforme a Organiza\u00e7\u00e3o Meteorol\u00f3gica Mundial (<a href=\"https:\/\/worldweather.wmo.int\/pt\/home.html\">OMM<\/a>).<\/p>\n<p>As informa\u00e7\u00f5es s\u00e3o do Instituto Nacional de Meteorologia (<a href=\"https:\/\/portal.inmet.gov.br\">Inmet<\/a>).<\/p>\n<p>\t\t\t\t\t\t\t\t\t\t<img loading=\"lazy\" decoding=\"async\" src=\"https:\/\/brasil61.com\/api\/v1\/serve_pixel\/17677\/86654\" alt=\"Pixel Brasil 61\" class=\"b61_pixel\" width=\"0\" height=\"0\"><\/p>\n<input type=\"hidden\" id=\"baseurl\" value=\"https:\/\/noticiasdestaque.com.br\"><input type=\"hidden\" id=\"audio_nonce\" value=\"5128c810d9\">","protected":false},"excerpt":{"rendered":"<p>Precipita\u00e7\u00f5es devem ser mais intensas mais ao sul da regi\u00e3o; temperaturas variam entre 21\u00b0C e 33\u00b0C<\/p>\n","protected":false},"author":1,"featured_media":48570,"comment_status":"open","ping_status":"open","sticky":false,"template":"","format":"standard","meta":{"fifu_image_url":"","fifu_image_alt":"","footnotes":""},"categories":[58],"tags":[],"class_list":["post-48569","post","type-post","status-publish","format-standard","has-post-thumbnail","hentry","category-cotidiano"],"distributor_meta":false,"distributor_terms":false,"distributor_media":false,"distributor_original_site_name":"Noticias em Destaque","distributor_original_site_url":"https:\/\/noticiasdestaque.com.br","push-errors":false,"_links":{"self":[{"href":"https:\/\/noticiasdestaque.com.br\/index.php\/wp-json\/wp\/v2\/posts\/48569","targetHints":{"allow":["GET"]}}],"collection":[{"href":"https:\/\/noticiasdestaque.com.br\/index.php\/wp-json\/wp\/v2\/posts"}],"about":[{"href":"https:\/\/noticiasdestaque.com.br\/index.php\/wp-json\/wp\/v2\/types\/post"}],"author":[{"embeddable":true,"href":"https:\/\/noticiasdestaque.com.br\/index.php\/wp-json\/wp\/v2\/users\/1"}],"replies":[{"embeddable":true,"href":"https:\/\/noticiasdestaque.com.br\/index.php\/wp-json\/wp\/v2\/comments?post=48569"}],"version-history":[{"count":0,"href":"https:\/\/noticiasdestaque.com.br\/index.php\/wp-json\/wp\/v2\/posts\/48569\/revisions"}],"wp:featuredmedia":[{"embeddable":true,"href":"https:\/\/noticiasdestaque.com.br\/index.php\/wp-json\/wp\/v2\/media\/48570"}],"wp:attachment":[{"href":"https:\/\/noticiasdestaque.com.br\/index.php\/wp-json\/wp\/v2\/media?parent=48569"}],"wp:term":[{"taxonomy":"category","embeddable":true,"href":"https:\/\/noticiasdestaque.com.br\/index.php\/wp-json\/wp\/v2\/categories?post=48569"},{"taxonomy":"post_tag","embeddable":true,"href":"https:\/\/noticiasdestaque.com.br\/index.php\/wp-json\/wp\/v2\/tags?post=48569"}],"curies":[{"name":"wp","href":"https:\/\/api.w.org\/{rel}","templated":true}]}}