{"id":48563,"date":"2025-12-25T18:00:00","date_gmt":"2025-12-25T21:00:00","guid":{"rendered":"https:\/\/noticiasdestaque.com.br\/index.php\/2025\/12\/25\/previsao-do-tempo-chuvas-no-interior-nesta-sexta-feira-26-no-nordeste\/"},"modified":"2025-12-25T18:00:00","modified_gmt":"2025-12-25T21:00:00","slug":"previsao-do-tempo-chuvas-no-interior-nesta-sexta-feira-26-no-nordeste","status":"publish","type":"post","link":"https:\/\/noticiasdestaque.com.br\/index.php\/2025\/12\/25\/previsao-do-tempo-chuvas-no-interior-nesta-sexta-feira-26-no-nordeste\/","title":{"rendered":"PREVIS\u00c3O DO TEMPO: Chuvas no interior nesta sexta-feira (26) no Nordeste"},"content":{"rendered":"<p>\t\t\t\t\t\t\t\t\t\t\t<audio controls class=\"b61_audio_player\" data-noticia=\"86651\" src=\"https:\/\/brasil61.com\/rails\/active_storage\/blobs\/eyJfcmFpbHMiOnsibWVzc2FnZSI6IkJBaHBBL0RhQXc9PSIsImV4cCI6bnVsbCwicHVyIjoiYmxvYl9pZCJ9fQ==--4c9bc538954886f1e11367043443c69c65cf3e5c\/PTND254902A\"><\/audio><\/p>\n<p>A <strong>previs\u00e3o do tempo <\/strong>para a <strong>Regi\u00e3o Nordeste <\/strong>do pa\u00eds, nesta <strong>sexta-feira (26)<\/strong>, indica c\u00e9u de <strong>muitas<\/strong> <strong>nuvens<\/strong> para quase toda a regi\u00e3o \u2014 com exce\u00e7\u00e3o da coluna central da Bahia \u2014, com <strong>chuvas isoladas<\/strong> em todo estado do Maranh\u00e3o, Piau\u00ed, sudoeste do Cear\u00e1, extremo-noroeste de Pernambuco, extremo-sul do litoral de Sergipe e no extremo-oeste da Bahia e centro-norte do litoral do estado.<\/p>\n<p>As <strong>chuvas<\/strong> devem ser <strong>mais intensas <\/strong>em quase todo o Maranh\u00e3o, exceto pelo norte do estado, e no extremo-oeste do Piau\u00ed. As <strong>pancadas de chuva<\/strong> devem vir <strong>acompanhadas de trovoadas isoladas<\/strong> em alguns pontos isolados do nordeste do Maranh\u00e3o e do centro-norte, extremo-oeste e extremo-sudoeste do Piau\u00ed.<\/p>\n<p>Entre as <strong>capitais<\/strong>, a <strong>temperatura m\u00ednima<\/strong> prevista \u00e9 de <strong>22\u00b0C<\/strong> em <strong>Aracaju<\/strong> e <strong>Macei\u00f3<\/strong>. J\u00e1 a <strong>m\u00e1xima<\/strong> pode chegar at\u00e9 <strong>36\u00b0C<\/strong> em <strong>Teresina<\/strong>. A <strong>umidade relativa do ar<\/strong> varia entre <strong>30%<\/strong> e <strong>100%<\/strong>.<\/p>\n<p>\u00a0<\/p>\n<h2>5 motivos para acompanhar as previs\u00f5es do tempo<\/h2>\n<p>\u00a0<\/p>\n<ul>\n<li>Agricultura: garantia de uma boa colheita;<\/li>\n<li>Marinha: prote\u00e7\u00e3o de marinheiros, navios e passageiros;<\/li>\n<li>Aeron\u00e1utica: seguran\u00e7a de pilotos, aeronaves e passageiros;<\/li>\n<li>Pesca: condi\u00e7\u00f5es favor\u00e1veis e seguras para a atividade;<\/li>\n<li>Turismo: garantia de passeios e viagens tranquilas e agrad\u00e1veis.<\/li>\n<\/ul>\n<p>\u00a0<\/p>\n<h2>Import\u00e2ncia das observa\u00e7\u00f5es meteorol\u00f3gicas no INMET<\/h2>\n<p>\u00a0<\/p>\n<p>As observa\u00e7\u00f5es meteorol\u00f3gicas do INMET s\u00e3o essenciais para previs\u00f5es em tempo real, estat\u00edsticas clim\u00e1ticas e coopera\u00e7\u00e3o internacional. Esses dados precisos ajudam a estudar o clima passado e a produzir Normais Climatol\u00f3gicas conforme a Organiza\u00e7\u00e3o Meteorol\u00f3gica Mundial (<a href=\"https:\/\/worldweather.wmo.int\/pt\/home.html\">OMM<\/a>).<\/p>\n<p>\u00a0<\/p>\n<p>As informa\u00e7\u00f5es s\u00e3o do Instituto Nacional de Meteorologia (<a href=\"https:\/\/portal.inmet.gov.br\">Inmet<\/a>).<\/p>\n<p>\u00a0<\/p>\n<p>\t\t\t\t\t\t\t\t\t\t<img loading=\"lazy\" decoding=\"async\" src=\"https:\/\/brasil61.com\/api\/v1\/serve_pixel\/17677\/86651\" alt=\"Pixel Brasil 61\" class=\"b61_pixel\" width=\"0\" height=\"0\"><\/p>\n<input type=\"hidden\" id=\"baseurl\" value=\"https:\/\/noticiasdestaque.com.br\"><input type=\"hidden\" id=\"audio_nonce\" value=\"6f73a554f1\">","protected":false},"excerpt":{"rendered":"<p>H\u00e1 previs\u00e3o de chuvas para todo o oeste e litoral noroeste da regi\u00e3o; temperaturas variam entre 22\u00b0C e 36\u00b0C<\/p>\n","protected":false},"author":1,"featured_media":48564,"comment_status":"open","ping_status":"open","sticky":false,"template":"","format":"standard","meta":{"fifu_image_url":"","fifu_image_alt":"","footnotes":""},"categories":[58],"tags":[],"class_list":["post-48563","post","type-post","status-publish","format-standard","has-post-thumbnail","hentry","category-cotidiano"],"distributor_meta":false,"distributor_terms":false,"distributor_media":false,"distributor_original_site_name":"Noticias em Destaque","distributor_original_site_url":"https:\/\/noticiasdestaque.com.br","push-errors":false,"_links":{"self":[{"href":"https:\/\/noticiasdestaque.com.br\/index.php\/wp-json\/wp\/v2\/posts\/48563","targetHints":{"allow":["GET"]}}],"collection":[{"href":"https:\/\/noticiasdestaque.com.br\/index.php\/wp-json\/wp\/v2\/posts"}],"about":[{"href":"https:\/\/noticiasdestaque.com.br\/index.php\/wp-json\/wp\/v2\/types\/post"}],"author":[{"embeddable":true,"href":"https:\/\/noticiasdestaque.com.br\/index.php\/wp-json\/wp\/v2\/users\/1"}],"replies":[{"embeddable":true,"href":"https:\/\/noticiasdestaque.com.br\/index.php\/wp-json\/wp\/v2\/comments?post=48563"}],"version-history":[{"count":0,"href":"https:\/\/noticiasdestaque.com.br\/index.php\/wp-json\/wp\/v2\/posts\/48563\/revisions"}],"wp:featuredmedia":[{"embeddable":true,"href":"https:\/\/noticiasdestaque.com.br\/index.php\/wp-json\/wp\/v2\/media\/48564"}],"wp:attachment":[{"href":"https:\/\/noticiasdestaque.com.br\/index.php\/wp-json\/wp\/v2\/media?parent=48563"}],"wp:term":[{"taxonomy":"category","embeddable":true,"href":"https:\/\/noticiasdestaque.com.br\/index.php\/wp-json\/wp\/v2\/categories?post=48563"},{"taxonomy":"post_tag","embeddable":true,"href":"https:\/\/noticiasdestaque.com.br\/index.php\/wp-json\/wp\/v2\/tags?post=48563"}],"curies":[{"name":"wp","href":"https:\/\/api.w.org\/{rel}","templated":true}]}}