{"id":4856,"date":"2022-12-06T10:54:10","date_gmt":"2022-12-06T13:54:10","guid":{"rendered":"https:\/\/noticiasdestaque.com.br\/index.php\/2022\/12\/06\/sul-coreanos-em-sp-lamentam-derrota-mas-vibram-com-gols-do-brasil\/"},"modified":"2022-12-06T10:54:10","modified_gmt":"2022-12-06T13:54:10","slug":"sul-coreanos-em-sp-lamentam-derrota-mas-vibram-com-gols-do-brasil","status":"publish","type":"post","link":"https:\/\/noticiasdestaque.com.br\/index.php\/2022\/12\/06\/sul-coreanos-em-sp-lamentam-derrota-mas-vibram-com-gols-do-brasil\/","title":{"rendered":"Sul-coreanos em SP lamentam derrota mas vibram com gols do Brasil"},"content":{"rendered":"<style> bloco.meta {font-style: italic; color: #666;font-weight: 600;font-size: .8em; \/* line-height: .3em; *\/}  text h2 { font-weight: 700 !important;  color: #062f46 !important;} text img { width: none; left: none;}<\/style>\n<\/p>\n<p>Reunidos em um <em>shopping <\/em>no Bom Retiro, tradicional bairro de imigrantes na capital paulista, sul-coreanos e descendentes nascidos no Brasil lamentaram a derrota da Coreia do Sul para a sele\u00e7\u00e3o brasileira por 4 a 1 na tarde de hoje (5), nas oitavas de final da Copa do Mundo de Futebol no Catar. A cada gol do Brasil, no entanto, a torcida coreana, assim como os brasileiros, tamb\u00e9m comemorava com entusiasmo.<\/p>\n<p>\u201cO que acontece \u00e9 que os mais novos torcem mais pelo Brasil. As gera\u00e7\u00f5es mais antigas torcem mais pela Coreia. Parece que tem mais torcida brasileira do que coreana aqui\u201d, disse o coreano Nino Kim, da Associa\u00e7\u00e3o Futebol dos Coreanos no Brasil, um dos animadores da torcida. <\/p>\n<p>\u201cInfelizmente o time do Brasil \u00e9 muito forte. A gente tinha esperan\u00e7a que a Coreia virasse, mas n\u00e3o deu\u201d, lamentou. \u201cA partir de agora, todo mundo passa a torcer pelo Brasil. O cora\u00e7\u00e3o \u00e9 Brasil\u201d.<\/p>\n<p>Al\u00e9m dos gritos de guerra tradicionais, a torcida foi animada por instrumentos de bateria t\u00edpicos da Coreia. Nas poucas vezes em que o time asi\u00e1tico atacou o Brasil, bandeirinhas da Coreia do Sul eram agitadas pelos torcedores e pratos e bumbos ressoavam.<\/p>\n<p>Ainda no intervalo do jogo, quando o Brasil ganhava por 4 a 0, o jovem Enzo Shoi era um dos poucos a ainda acreditar na Coreia e dizia ter esperan\u00e7a na vit\u00f3ria \u2013 o que n\u00e3o se confirmou. \u201cO cora\u00e7\u00e3o est\u00e1 partido. O Brasil j\u00e1 est\u00e1 com quatro e n\u00e3o deixa a Coreia fazer nada. Mas eu n\u00e3o vou perder a esperan\u00e7a, tenho sangue coreano\u201d, disse Shoi, de 10 anos, vestindo o uniforme completo da sua sele\u00e7\u00e3o de cora\u00e7\u00e3o.<\/p>\n<p>Dados do Consulado Geral da Rep\u00fablica da Coreia mostram que, em 2017, cerca de 50 mil sul-coreanos e descendentes viviam no Brasil. Entre as principais atividades executadas aqui, est\u00e1 a fabrica\u00e7\u00e3o de vestu\u00e1rio.<\/p>\n<p class=\"alt-font font-italic my-2 small text-info\">\n                                                Edi\u00e7\u00e3o:   F\u00e1bio Massalli                    <\/p>\n<p>            <!-- blog End --><\/p>\n<p>            <!-- tag and share --><\/p>\n<p> Fonte: EBC <\/p>\n<\/div>\n<input type=\"hidden\" id=\"baseurl\" value=\"https:\/\/noticiasdestaque.com.br\"><input type=\"hidden\" id=\"audio_nonce\" value=\"62ca87eee3\">","protected":false},"excerpt":{"rendered":"<p>Torcedores se reuniram em um shopping no Bom Retiro<\/p>\n","protected":false},"author":1,"featured_media":4857,"comment_status":"open","ping_status":"open","sticky":false,"template":"","format":"standard","meta":{"fifu_image_url":"","fifu_image_alt":"","footnotes":""},"categories":[47],"tags":[],"class_list":["post-4856","post","type-post","status-publish","format-standard","has-post-thumbnail","hentry","category-esportes"],"distributor_meta":false,"distributor_terms":false,"distributor_media":false,"distributor_original_site_name":"Portal de Recupera\u00e7\u00e3o","distributor_original_site_url":"https:\/\/portalderecuperacao.com","push-errors":false,"_links":{"self":[{"href":"https:\/\/noticiasdestaque.com.br\/index.php\/wp-json\/wp\/v2\/posts\/4856","targetHints":{"allow":["GET"]}}],"collection":[{"href":"https:\/\/noticiasdestaque.com.br\/index.php\/wp-json\/wp\/v2\/posts"}],"about":[{"href":"https:\/\/noticiasdestaque.com.br\/index.php\/wp-json\/wp\/v2\/types\/post"}],"author":[{"embeddable":true,"href":"https:\/\/noticiasdestaque.com.br\/index.php\/wp-json\/wp\/v2\/users\/1"}],"replies":[{"embeddable":true,"href":"https:\/\/noticiasdestaque.com.br\/index.php\/wp-json\/wp\/v2\/comments?post=4856"}],"version-history":[{"count":0,"href":"https:\/\/noticiasdestaque.com.br\/index.php\/wp-json\/wp\/v2\/posts\/4856\/revisions"}],"wp:featuredmedia":[{"embeddable":true,"href":"https:\/\/noticiasdestaque.com.br\/index.php\/wp-json\/wp\/v2\/media\/4857"}],"wp:attachment":[{"href":"https:\/\/noticiasdestaque.com.br\/index.php\/wp-json\/wp\/v2\/media?parent=4856"}],"wp:term":[{"taxonomy":"category","embeddable":true,"href":"https:\/\/noticiasdestaque.com.br\/index.php\/wp-json\/wp\/v2\/categories?post=4856"},{"taxonomy":"post_tag","embeddable":true,"href":"https:\/\/noticiasdestaque.com.br\/index.php\/wp-json\/wp\/v2\/tags?post=4856"}],"curies":[{"name":"wp","href":"https:\/\/api.w.org\/{rel}","templated":true}]}}