{"id":48551,"date":"2025-12-24T18:40:00","date_gmt":"2025-12-24T21:40:00","guid":{"rendered":"https:\/\/noticiasdestaque.com.br\/index.php\/2025\/12\/24\/previsao-do-tempo-quinta-feira-25-de-calor-e-tempo-instavel-no-sul\/"},"modified":"2025-12-24T18:40:00","modified_gmt":"2025-12-24T21:40:00","slug":"previsao-do-tempo-quinta-feira-25-de-calor-e-tempo-instavel-no-sul","status":"publish","type":"post","link":"https:\/\/noticiasdestaque.com.br\/index.php\/2025\/12\/24\/previsao-do-tempo-quinta-feira-25-de-calor-e-tempo-instavel-no-sul\/","title":{"rendered":"PREVIS\u00c3O DO TEMPO: quinta-feira (25) de calor e tempo inst\u00e1vel no Sul"},"content":{"rendered":"<p>\t\t\t\t\t\t\t\t\t\t\t<audio controls class=\"b61_audio_player\" data-noticia=\"86681\" src=\"https:\/\/brasil61.com\/rails\/active_storage\/blobs\/eyJfcmFpbHMiOnsibWVzc2FnZSI6IkJBaHBBd1BiQXc9PSIsImV4cCI6bnVsbCwicHVyIjoiYmxvYl9pZCJ9fQ==--77ed46ca0a45557581f7b97af5f97c9ff5de7e0e\/PTRS254175A\"><\/audio><\/p>\n<p>A <strong>previs\u00e3o do tempo<\/strong> para a <strong>Regi\u00e3o Sul<\/strong> do pa\u00eds, nesta quinta-feira (25), indica <strong>instabilidade<\/strong> na maior parte dos estados.<\/p>\n<p>Os territ\u00f3rios de <strong>Santa Catarina (SC) <\/strong>e <strong>Rio Grande do Sul (RS)<\/strong> apresentam <strong>alta nebulosidade<\/strong>, acompanhada por <strong>pancadas de chuva e trovoadas<\/strong>.<\/p>\n<p>O Sudeste Rio-Grandense, o Norte Catarinense e as regi\u00f5es Sudoeste, Centro-Sul, Sudeste e Metropolitana de Curitiba, no <strong>Paran\u00e1 (PR)<\/strong>, registram <strong>elevada cobertura de nuvens<\/strong>, com <strong>possibilidade de chuvas isoladas<\/strong>.<\/p>\n<p>Em contraste, as demais \u00e1reas do PR devem ter condi\u00e7\u00f5es mais est\u00e1veis, com <strong>predomin\u00e2ncia de c\u00e9u claro e presen\u00e7a de nuvens<\/strong>.<\/p>\n<p>O Instituto Nacional de Meteorologia (Inmet) emitiu <strong>alerta de perigo potencial de onda de calor<\/strong> para SC e PR.<\/p>\n<p>Entre as capitais, a temperatura m\u00ednima prevista \u00e9 de<strong> 21\u00b0C<\/strong> em Curitiba. J\u00e1 a m\u00e1xima pode chegar at\u00e9 <strong>33\u00b0C<\/strong> em Florian\u00f3polis. A umidade relativa do ar varia entre <strong>45%<\/strong> e<strong> 100%<\/strong>.<\/p>\n<h2>O que \u00e9 onda de calor?<\/h2>\n<p><span style=\"font-size: 13px\">Per\u00edodo de cinco ou mais dias consecutivos em que a temperatura m\u00e1xima di\u00e1ria supera, em pelo menos 5\u00b0C, a m\u00e9dia climatol\u00f3gica da temperatura m\u00e1xima para aquele m\u00eas e local.<\/span><\/p>\n<h2>5 motivos para acompanhar as previs\u00f5es do tempo<\/h2>\n<ul>\n<li>Agricultura: garantia de uma boa colheita;<\/li>\n<li>Marinha: prote\u00e7\u00e3o de marinheiros, navios e passageiros;<\/li>\n<li>Aeron\u00e1utica: seguran\u00e7a de pilotos, aeronaves e passageiros;<\/li>\n<li>Pesca: condi\u00e7\u00f5es favor\u00e1veis e seguras para a atividade;<\/li>\n<li>Turismo: garantia de passeios e viagens tranquilas e agrad\u00e1veis.<\/li>\n<\/ul>\n<h2>Import\u00e2ncia das observa\u00e7\u00f5es meteorol\u00f3gicas no INMET<\/h2>\n<p>As observa\u00e7\u00f5es meteorol\u00f3gicas do INMET s\u00e3o essenciais para previs\u00f5es em tempo real, estat\u00edsticas clim\u00e1ticas e coopera\u00e7\u00e3o internacional. Esses dados precisos ajudam a estudar o clima passado e a produzir Normais Climatol\u00f3gicas conforme a Organiza\u00e7\u00e3o Meteorol\u00f3gica Mundial (<a href=\"https:\/\/worldweather.wmo.int\/pt\/home.html\">OMM<\/a>).<\/p>\n<p>As informa\u00e7\u00f5es s\u00e3o do Instituto Nacional de Meteorologia (<a href=\"https:\/\/portal.inmet.gov.br\">Inmet<\/a>).<\/p>\n<p>\t\t\t\t\t\t\t\t\t\t<img loading=\"lazy\" decoding=\"async\" src=\"https:\/\/brasil61.com\/api\/v1\/serve_pixel\/17677\/86681\" alt=\"Pixel Brasil 61\" class=\"b61_pixel\" width=\"0\" height=\"0\"><\/p>\n<input type=\"hidden\" id=\"baseurl\" value=\"https:\/\/noticiasdestaque.com.br\"><input type=\"hidden\" id=\"audio_nonce\" value=\"6f73a554f1\">","protected":false},"excerpt":{"rendered":"<p>Inmet alerta para perigo potencial de onda de calor em SC e PR; temperaturas variam entre 21\u00b0C e 33\u00b0C<\/p>\n","protected":false},"author":1,"featured_media":48552,"comment_status":"open","ping_status":"open","sticky":false,"template":"","format":"standard","meta":{"fifu_image_url":"","fifu_image_alt":"","footnotes":""},"categories":[58],"tags":[],"class_list":["post-48551","post","type-post","status-publish","format-standard","has-post-thumbnail","hentry","category-cotidiano"],"distributor_meta":false,"distributor_terms":false,"distributor_media":false,"distributor_original_site_name":"Noticias em Destaque","distributor_original_site_url":"https:\/\/noticiasdestaque.com.br","push-errors":false,"_links":{"self":[{"href":"https:\/\/noticiasdestaque.com.br\/index.php\/wp-json\/wp\/v2\/posts\/48551","targetHints":{"allow":["GET"]}}],"collection":[{"href":"https:\/\/noticiasdestaque.com.br\/index.php\/wp-json\/wp\/v2\/posts"}],"about":[{"href":"https:\/\/noticiasdestaque.com.br\/index.php\/wp-json\/wp\/v2\/types\/post"}],"author":[{"embeddable":true,"href":"https:\/\/noticiasdestaque.com.br\/index.php\/wp-json\/wp\/v2\/users\/1"}],"replies":[{"embeddable":true,"href":"https:\/\/noticiasdestaque.com.br\/index.php\/wp-json\/wp\/v2\/comments?post=48551"}],"version-history":[{"count":0,"href":"https:\/\/noticiasdestaque.com.br\/index.php\/wp-json\/wp\/v2\/posts\/48551\/revisions"}],"wp:featuredmedia":[{"embeddable":true,"href":"https:\/\/noticiasdestaque.com.br\/index.php\/wp-json\/wp\/v2\/media\/48552"}],"wp:attachment":[{"href":"https:\/\/noticiasdestaque.com.br\/index.php\/wp-json\/wp\/v2\/media?parent=48551"}],"wp:term":[{"taxonomy":"category","embeddable":true,"href":"https:\/\/noticiasdestaque.com.br\/index.php\/wp-json\/wp\/v2\/categories?post=48551"},{"taxonomy":"post_tag","embeddable":true,"href":"https:\/\/noticiasdestaque.com.br\/index.php\/wp-json\/wp\/v2\/tags?post=48551"}],"curies":[{"name":"wp","href":"https:\/\/api.w.org\/{rel}","templated":true}]}}