{"id":48547,"date":"2025-12-24T18:20:00","date_gmt":"2025-12-24T21:20:00","guid":{"rendered":"https:\/\/noticiasdestaque.com.br\/index.php\/2025\/12\/24\/previsao-do-tempo-quinta-feira-25-de-tempo-estavel-e-calor-intenso-no-sudeste\/"},"modified":"2025-12-24T18:20:00","modified_gmt":"2025-12-24T21:20:00","slug":"previsao-do-tempo-quinta-feira-25-de-tempo-estavel-e-calor-intenso-no-sudeste","status":"publish","type":"post","link":"https:\/\/noticiasdestaque.com.br\/index.php\/2025\/12\/24\/previsao-do-tempo-quinta-feira-25-de-tempo-estavel-e-calor-intenso-no-sudeste\/","title":{"rendered":"PREVIS\u00c3O DO TEMPO: quinta-feira (25) de tempo est\u00e1vel e calor intenso no Sudeste"},"content":{"rendered":"<p>\t\t\t\t\t\t\t\t\t\t\t<audio controls class=\"b61_audio_player\" data-noticia=\"86679\" src=\"https:\/\/brasil61.com\/rails\/active_storage\/blobs\/eyJfcmFpbHMiOnsibWVzc2FnZSI6IkJBaHBBd1hiQXc9PSIsImV4cCI6bnVsbCwicHVyIjoiYmxvYl9pZCJ9fQ==--591d0e8cf6699818a46730b101586787dd49d48e\/PTSD254294A\"><\/audio><\/p>\n<p>A<strong> previs\u00e3o do tempo<\/strong> para a <strong>Regi\u00e3o Sudeste<\/strong> do pa\u00eds, nesta quinta-feira (25), indica <strong>c\u00e9u predominantemente claro com presen\u00e7a de nuvens<\/strong> em todos os estados.\u00a0<\/p>\n<p>Em contraste, o Litoral Sul de <strong>S\u00e3o Paulo (SP)<\/strong> registra possibilidade de chuva isolada.<\/p>\n<p>O Instituto Nacional de Meteorologia (Inmet) alerta para perigo potencial de onda de calor que afeta todos os territ\u00f3rios da regi\u00e3o.<\/p>\n<p>Entre as capitais, a temperatura m\u00ednima prevista \u00e9 de<strong> 17\u00b0C<\/strong> em Belo Horizonte. J\u00e1 a m\u00e1xima pode chegar at\u00e9 <strong>38\u00b0C<\/strong> no Rio de Janeiro. A umidade relativa do ar varia entre <strong>20%<\/strong> e <strong>90%<\/strong>.<\/p>\n<h2>O que \u00e9 onda de calor?<\/h2>\n<p>Per\u00edodo de cinco ou mais dias consecutivos em que a temperatura m\u00e1xima di\u00e1ria supera, em pelo menos 5\u00b0C, a m\u00e9dia climatol\u00f3gica da temperatura m\u00e1xima para aquele m\u00eas e local.<\/p>\n<h2>5 motivos para acompanhar as previs\u00f5es do tempo<\/h2>\n<ul>\n<li>Agricultura: garantia de uma boa colheita;<\/li>\n<li>Marinha: prote\u00e7\u00e3o de marinheiros, navios e passageiros;<\/li>\n<li>Aeron\u00e1utica: seguran\u00e7a de pilotos, aeronaves e passageiros;<\/li>\n<li>Pesca: condi\u00e7\u00f5es favor\u00e1veis e seguras para a atividade;<\/li>\n<li>Turismo: garantia de passeios e viagens tranquilas e agrad\u00e1veis.<\/li>\n<\/ul>\n<h2>Import\u00e2ncia das observa\u00e7\u00f5es meteorol\u00f3gicas no INMET<\/h2>\n<p>As observa\u00e7\u00f5es meteorol\u00f3gicas do INMET s\u00e3o essenciais para previs\u00f5es em tempo real, estat\u00edsticas clim\u00e1ticas e coopera\u00e7\u00e3o internacional. Esses dados precisos ajudam a estudar o clima passado e a produzir Normais Climatol\u00f3gicas conforme a Organiza\u00e7\u00e3o Meteorol\u00f3gica Mundial (<a href=\"https:\/\/worldweather.wmo.int\/pt\/home.html\">OMM<\/a>).<\/p>\n<p>As informa\u00e7\u00f5es s\u00e3o do Instituto Nacional de Meteorologia (<a href=\"https:\/\/portal.inmet.gov.br\">Inmet<\/a>).<\/p>\n<p>\t\t\t\t\t\t\t\t\t\t<img loading=\"lazy\" decoding=\"async\" src=\"https:\/\/brasil61.com\/api\/v1\/serve_pixel\/17677\/86679\" alt=\"Pixel Brasil 61\" class=\"b61_pixel\" width=\"0\" height=\"0\"><\/p>\n<input type=\"hidden\" id=\"baseurl\" value=\"https:\/\/noticiasdestaque.com.br\"><input type=\"hidden\" id=\"audio_nonce\" value=\"6a24ca502e\">","protected":false},"excerpt":{"rendered":"<p>Inmet alerta para onda de calor na regi\u00e3o; temperaturas variam entre 17\u00b0C e 38\u00b0C<\/p>\n","protected":false},"author":1,"featured_media":48548,"comment_status":"open","ping_status":"open","sticky":false,"template":"","format":"standard","meta":{"fifu_image_url":"","fifu_image_alt":"","footnotes":""},"categories":[58],"tags":[],"class_list":["post-48547","post","type-post","status-publish","format-standard","has-post-thumbnail","hentry","category-cotidiano"],"distributor_meta":false,"distributor_terms":false,"distributor_media":false,"distributor_original_site_name":"Noticias em Destaque","distributor_original_site_url":"https:\/\/noticiasdestaque.com.br","push-errors":false,"_links":{"self":[{"href":"https:\/\/noticiasdestaque.com.br\/index.php\/wp-json\/wp\/v2\/posts\/48547","targetHints":{"allow":["GET"]}}],"collection":[{"href":"https:\/\/noticiasdestaque.com.br\/index.php\/wp-json\/wp\/v2\/posts"}],"about":[{"href":"https:\/\/noticiasdestaque.com.br\/index.php\/wp-json\/wp\/v2\/types\/post"}],"author":[{"embeddable":true,"href":"https:\/\/noticiasdestaque.com.br\/index.php\/wp-json\/wp\/v2\/users\/1"}],"replies":[{"embeddable":true,"href":"https:\/\/noticiasdestaque.com.br\/index.php\/wp-json\/wp\/v2\/comments?post=48547"}],"version-history":[{"count":0,"href":"https:\/\/noticiasdestaque.com.br\/index.php\/wp-json\/wp\/v2\/posts\/48547\/revisions"}],"wp:featuredmedia":[{"embeddable":true,"href":"https:\/\/noticiasdestaque.com.br\/index.php\/wp-json\/wp\/v2\/media\/48548"}],"wp:attachment":[{"href":"https:\/\/noticiasdestaque.com.br\/index.php\/wp-json\/wp\/v2\/media?parent=48547"}],"wp:term":[{"taxonomy":"category","embeddable":true,"href":"https:\/\/noticiasdestaque.com.br\/index.php\/wp-json\/wp\/v2\/categories?post=48547"},{"taxonomy":"post_tag","embeddable":true,"href":"https:\/\/noticiasdestaque.com.br\/index.php\/wp-json\/wp\/v2\/tags?post=48547"}],"curies":[{"name":"wp","href":"https:\/\/api.w.org\/{rel}","templated":true}]}}