{"id":48543,"date":"2025-12-24T04:40:00","date_gmt":"2025-12-24T07:40:00","guid":{"rendered":"https:\/\/noticiasdestaque.com.br\/index.php\/2025\/12\/24\/ipca-15-sobe-025-em-dezembro-e-fecha-2025-dentro-da-meta-de-inflacao\/"},"modified":"2025-12-24T04:40:00","modified_gmt":"2025-12-24T07:40:00","slug":"ipca-15-sobe-025-em-dezembro-e-fecha-2025-dentro-da-meta-de-inflacao","status":"publish","type":"post","link":"https:\/\/noticiasdestaque.com.br\/index.php\/2025\/12\/24\/ipca-15-sobe-025-em-dezembro-e-fecha-2025-dentro-da-meta-de-inflacao\/","title":{"rendered":"IPCA-15 sobe 0,25% em dezembro e fecha 2025 dentro da meta de infla\u00e7\u00e3o"},"content":{"rendered":"<p>\t\t\t\t\t\t\t\t\t\t\t<audio controls class=\"b61_audio_player\" data-noticia=\"86665\" src=\"https:\/\/brasil61.com\/rails\/active_storage\/blobs\/eyJfcmFpbHMiOnsibWVzc2FnZSI6IkJBaHBBd0xiQXc9PSIsImV4cCI6bnVsbCwicHVyIjoiYmxvYl9pZCJ9fQ==--fc8ce6049c466891badc23bfbf068e76c07c76e4\/BRAS2515407A\"><\/audio><\/p>\n<p>O IPCA-15, pr\u00e9via da infla\u00e7\u00e3o oficial, subiu 0,25% em dezembro, segundo dados divulgados pelo IBGE nesta ter\u00e7a-feira (23). No acumulado de 2025, o \u00edndice alcan\u00e7ou 4,41%, resultado que confirma a desacelera\u00e7\u00e3o da infla\u00e7\u00e3o ao longo do ano e mant\u00e9m o indicador dentro da meta de 3%, com teto de toler\u00e2ncia de 4,5%.<\/p>\n<p>Em dezembro, sete dos nove grupos de produtos e servi\u00e7os pesquisados registraram alta. O principal impacto veio de <strong>Transportes<\/strong>, que avan\u00e7ou 0,69% e respondeu por 0,14 ponto percentual do \u00edndice, pressionado sobretudo pelas passagens a\u00e9reas, que subiram 12,71%, e pelo transporte por aplicativo, com alta de 9,00%.\u00a0<\/p>\n<p><strong>Vestu\u00e1rio<\/strong> tamb\u00e9m teve eleva\u00e7\u00e3o de 0,69%, puxado pelo encarecimento das roupas infantil, feminina e masculina. J\u00e1 <strong>Habita\u00e7\u00e3o<\/strong> variou 0,17%, influenciada por reajustes de alugu\u00e9is e das tarifas de \u00e1gua e esgoto.<\/p>\n<p>Regionalmente, o IBGE apurou aumento de pre\u00e7os em dez das onze \u00e1reas pesquisadas. Porto Alegre apresentou a maior varia\u00e7\u00e3o, de 0,50%, impactada por passagens a\u00e9reas e energia el\u00e9trica. Tamb\u00e9m houve altas em regi\u00f5es como S\u00e3o Paulo, Rio de Janeiro, Belo Horizonte, Recife, Salvador, Fortaleza, Curitiba, Goi\u00e2nia e Bras\u00edlia. A \u00fanica <strong>queda foi registrada em Bel\u00e9m<\/strong> (-0,35%), puxada principalmente pela forte redu\u00e7\u00e3o nos pre\u00e7os de hospedagem.<br \/>\nQuedas e desacelera\u00e7\u00f5es<\/p>\n<p>Entre os recuos, <strong>Artigos de resid\u00eancia caiu 0,64%<\/strong> pelo quarto m\u00eas consecutivo, com destaque para a <strong>queda nos pre\u00e7os de eletrodom\u00e9sticos e de itens de TV, som e inform\u00e1tica<\/strong>. Alimenta\u00e7\u00e3o no domic\u00edlio recuou 0,08%, acumulando o s\u00e9timo m\u00eas seguido de queda, influenciada por produtos como tomate, leite longa vida e arroz, apesar das altas observadas em carnes e frutas.<\/p>\n<p>Para o economista Renan Pieri, o comportamento da infla\u00e7\u00e3o em 12 meses \u00e9 uma sinaliza\u00e7\u00e3o positiva. Segundo ele, a converg\u00eancia do \u00edndice para a meta abre espa\u00e7o para um ciclo de redu\u00e7\u00e3o da taxa Selic no primeiro semestre de 2026, em linha com o movimento de corte de juros nos Estados Unidos.\u00a0<\/p>\n<p>Pieri ressalta, no entanto, que o mercado de trabalho segue aquecido, com gera\u00e7\u00e3o recorde de empregos desde 2022, o que sustenta a press\u00e3o sobre os pre\u00e7os de servi\u00e7os por meio do aumento da massa salarial. Ainda assim, o economista avalia que a infla\u00e7\u00e3o permanece sob controle e dentro do objetivo perseguido pelo Banco Central, cujo horizonte de atua\u00e7\u00e3o se estende at\u00e9 meados de 2027.<\/p>\n<p>\u201cOs sinais s\u00e3o positivos no sentido de se esperar um in\u00edcio de ciclo de corte de juros \u00a0j\u00e1 no come\u00e7o do ano, n\u00e3o se sabe exatamente o m\u00eas, mas certamente teremos um ciclo de redu\u00e7\u00e3o da taxa Selic no primeiro semestre do ano que vem, principalmente porque os americanos tamb\u00e9m reduziram suas taxas de juros, ent\u00e3o isso torna nossos juros relativos a deles mais atrativos\u201d, destaca.<br \/>\n\u00a0<\/p>\n<p>\t\t\t\t\t\t\t\t\t\t<img loading=\"lazy\" decoding=\"async\" src=\"https:\/\/brasil61.com\/api\/v1\/serve_pixel\/17677\/86665\" alt=\"Pixel Brasil 61\" class=\"b61_pixel\" width=\"0\" height=\"0\"><\/p>\n<input type=\"hidden\" id=\"baseurl\" value=\"https:\/\/noticiasdestaque.com.br\"><input type=\"hidden\" id=\"audio_nonce\" value=\"6a24ca502e\">","protected":false},"excerpt":{"rendered":"<p>Pr\u00e9via do IBGE mostra desacelera\u00e7\u00e3o ao longo do ano, com press\u00e3o de transportes e sinais de espa\u00e7o para corte de juros em 2026<\/p>\n","protected":false},"author":1,"featured_media":48544,"comment_status":"open","ping_status":"open","sticky":false,"template":"","format":"standard","meta":{"fifu_image_url":"","fifu_image_alt":"","footnotes":""},"categories":[59],"tags":[],"class_list":["post-48543","post","type-post","status-publish","format-standard","has-post-thumbnail","hentry","category-economia"],"distributor_meta":false,"distributor_terms":false,"distributor_media":false,"distributor_original_site_name":"Noticias em Destaque","distributor_original_site_url":"https:\/\/noticiasdestaque.com.br","push-errors":false,"_links":{"self":[{"href":"https:\/\/noticiasdestaque.com.br\/index.php\/wp-json\/wp\/v2\/posts\/48543","targetHints":{"allow":["GET"]}}],"collection":[{"href":"https:\/\/noticiasdestaque.com.br\/index.php\/wp-json\/wp\/v2\/posts"}],"about":[{"href":"https:\/\/noticiasdestaque.com.br\/index.php\/wp-json\/wp\/v2\/types\/post"}],"author":[{"embeddable":true,"href":"https:\/\/noticiasdestaque.com.br\/index.php\/wp-json\/wp\/v2\/users\/1"}],"replies":[{"embeddable":true,"href":"https:\/\/noticiasdestaque.com.br\/index.php\/wp-json\/wp\/v2\/comments?post=48543"}],"version-history":[{"count":0,"href":"https:\/\/noticiasdestaque.com.br\/index.php\/wp-json\/wp\/v2\/posts\/48543\/revisions"}],"wp:featuredmedia":[{"embeddable":true,"href":"https:\/\/noticiasdestaque.com.br\/index.php\/wp-json\/wp\/v2\/media\/48544"}],"wp:attachment":[{"href":"https:\/\/noticiasdestaque.com.br\/index.php\/wp-json\/wp\/v2\/media?parent=48543"}],"wp:term":[{"taxonomy":"category","embeddable":true,"href":"https:\/\/noticiasdestaque.com.br\/index.php\/wp-json\/wp\/v2\/categories?post=48543"},{"taxonomy":"post_tag","embeddable":true,"href":"https:\/\/noticiasdestaque.com.br\/index.php\/wp-json\/wp\/v2\/tags?post=48543"}],"curies":[{"name":"wp","href":"https:\/\/api.w.org\/{rel}","templated":true}]}}