{"id":4854,"date":"2022-12-06T10:48:41","date_gmt":"2022-12-06T13:48:41","guid":{"rendered":"https:\/\/noticiasdestaque.com.br\/index.php\/2022\/12\/06\/tite-celebra-lideranca-tecnica-de-neymar-diante-da-coreia-do-sul\/"},"modified":"2022-12-06T10:48:41","modified_gmt":"2022-12-06T13:48:41","slug":"tite-celebra-lideranca-tecnica-de-neymar-diante-da-coreia-do-sul","status":"publish","type":"post","link":"https:\/\/noticiasdestaque.com.br\/index.php\/2022\/12\/06\/tite-celebra-lideranca-tecnica-de-neymar-diante-da-coreia-do-sul\/","title":{"rendered":"Tite celebra lideran\u00e7a t\u00e9cnica de Neymar diante da Coreia do Sul"},"content":{"rendered":"<style> bloco.meta {font-style: italic; color: #666;font-weight: 600;font-size: .8em; \/* line-height: .3em; *\/}  text h2 { font-weight: 700 !important;  color: #062f46 !important;} text img { width: none; left: none;}<\/style>\n<\/p>\n<p>O t\u00e9cnico Tite celebrou a lideran\u00e7a do atacante Neymar na vit\u00f3ria de 4 a 1 do Brasil sobre a Coreia do Sul, resultado que valeu a vaga nas quartas de final da Copa do Catar. Na entrevista coletiva concedida nesta segunda-feira (5) ap\u00f3s a partida, o treinador tamb\u00e9m falou da versatilidade dos jogadores da sele\u00e7\u00e3o brasileira.<\/p>\n<p>\u201c[Neymar] \u00e9 a lideran\u00e7a t\u00e9cnica da equipe brasileira. Cada um tem uma caracter\u00edstica marcante, e ele \u00e9 o centro que potencializa os demais\u201d, declarou Tite sobre o seu camisa 10, que retornava de uma les\u00e3o que o deixou de fora da vit\u00f3ria sobre a Su\u00ed\u00e7a e da derrota para Camar\u00f5es.<\/p>\n<p>Na entrevista o comandante da sele\u00e7\u00e3o brasileira tamb\u00e9m falou de uma caracter\u00edstica dos jogadores convocados que o tem ajudado a lidar com in\u00fameras les\u00f5es: a versatilidade. \u201cAs op\u00e7\u00f5es [que fizemos] foram por jogadores vers\u00e1teis, que jogam em duas, tr\u00eas fun\u00e7\u00f5es. O Danilo [lateral-direito] jogou, e joga, muito pela esquerda, ou com tr\u00eas zagueiros ou como lateral. Convocamos jogadores com essa versatilidade\u201d.<\/p>\n<p>Essa caracter\u00edstica tem sido importante em uma Copa na qual o Brasil j\u00e1 teve que cortar, por les\u00e3o, o atacante Gabriel Jesus e o lateral Alex Telles, e na qual j\u00e1 ficou desfalcado de Neymar, Danilo e Alex Sandro.<\/p>\n<p class=\"alt-font font-italic my-2 small text-info\">\n                                                Edi\u00e7\u00e3o:   F\u00e1bio Lisboa                    <\/p>\n<p>            <!-- blog End --><\/p>\n<p>            <!-- tag and share --><\/p>\n<p> Fonte: EBC <\/p>\n<input type=\"hidden\" id=\"baseurl\" value=\"https:\/\/noticiasdestaque.com.br\"><input type=\"hidden\" id=\"audio_nonce\" value=\"62ca87eee3\">","protected":false},"excerpt":{"rendered":"<p>Treinador elogia a versatilidade dos jogadores convocados<\/p>\n","protected":false},"author":1,"featured_media":4855,"comment_status":"open","ping_status":"open","sticky":false,"template":"","format":"standard","meta":{"fifu_image_url":"","fifu_image_alt":"","footnotes":""},"categories":[47],"tags":[],"class_list":["post-4854","post","type-post","status-publish","format-standard","has-post-thumbnail","hentry","category-esportes"],"distributor_meta":false,"distributor_terms":false,"distributor_media":false,"distributor_original_site_name":"Portal de Recupera\u00e7\u00e3o","distributor_original_site_url":"https:\/\/portalderecuperacao.com","push-errors":false,"_links":{"self":[{"href":"https:\/\/noticiasdestaque.com.br\/index.php\/wp-json\/wp\/v2\/posts\/4854","targetHints":{"allow":["GET"]}}],"collection":[{"href":"https:\/\/noticiasdestaque.com.br\/index.php\/wp-json\/wp\/v2\/posts"}],"about":[{"href":"https:\/\/noticiasdestaque.com.br\/index.php\/wp-json\/wp\/v2\/types\/post"}],"author":[{"embeddable":true,"href":"https:\/\/noticiasdestaque.com.br\/index.php\/wp-json\/wp\/v2\/users\/1"}],"replies":[{"embeddable":true,"href":"https:\/\/noticiasdestaque.com.br\/index.php\/wp-json\/wp\/v2\/comments?post=4854"}],"version-history":[{"count":0,"href":"https:\/\/noticiasdestaque.com.br\/index.php\/wp-json\/wp\/v2\/posts\/4854\/revisions"}],"wp:featuredmedia":[{"embeddable":true,"href":"https:\/\/noticiasdestaque.com.br\/index.php\/wp-json\/wp\/v2\/media\/4855"}],"wp:attachment":[{"href":"https:\/\/noticiasdestaque.com.br\/index.php\/wp-json\/wp\/v2\/media?parent=4854"}],"wp:term":[{"taxonomy":"category","embeddable":true,"href":"https:\/\/noticiasdestaque.com.br\/index.php\/wp-json\/wp\/v2\/categories?post=4854"},{"taxonomy":"post_tag","embeddable":true,"href":"https:\/\/noticiasdestaque.com.br\/index.php\/wp-json\/wp\/v2\/tags?post=4854"}],"curies":[{"name":"wp","href":"https:\/\/api.w.org\/{rel}","templated":true}]}}