{"id":48533,"date":"2025-12-23T20:53:00","date_gmt":"2025-12-23T23:53:00","guid":{"rendered":"https:\/\/noticiasdestaque.com.br\/index.php\/2025\/12\/23\/previsao-do-tempo-quarta-feira-24-de-calor-e-tempestades-no-sul\/"},"modified":"2025-12-23T20:53:00","modified_gmt":"2025-12-23T23:53:00","slug":"previsao-do-tempo-quarta-feira-24-de-calor-e-tempestades-no-sul","status":"publish","type":"post","link":"https:\/\/noticiasdestaque.com.br\/index.php\/2025\/12\/23\/previsao-do-tempo-quarta-feira-24-de-calor-e-tempestades-no-sul\/","title":{"rendered":"PREVIS\u00c3O DO TEMPO: quarta-feira (24) de calor e tempestades no Sul"},"content":{"rendered":"<p>\t\t\t\t\t\t\t\t\t\t\t<audio controls class=\"b61_audio_player\" data-noticia=\"86668\" src=\"https:\/\/brasil61.com\/rails\/active_storage\/blobs\/eyJfcmFpbHMiOnsibWVzc2FnZSI6IkJBaHBBK1hhQXc9PSIsImV4cCI6bnVsbCwicHVyIjoiYmxvYl9pZCJ9fQ==--113da59881c09eecdf5bde54d63987aca53a94c1\/PTRS254174A\"><\/audio><\/p>\n<p>A <strong>previs\u00e3o do tempo<\/strong> para a <strong>Regi\u00e3o Sul <\/strong>do pa\u00eds, nesta quarta-feira (24), indica <strong>instabilidade<\/strong> em todos os estados.\u00a0<\/p>\n<p>Em <strong>Santa Catarina (SC)<\/strong>; nas regi\u00f5es Oeste, Sudoeste, Centro-Sul e Sudeste do <strong>Paran\u00e1 (PR)<\/strong>; al\u00e9m da maior parte do <strong>Rio Grande do Sul (RS)<\/strong>, o tempo apresenta <strong>alta nebulosidade<\/strong>, acompanhada por <strong>pancadas de chuva e trovoadas isoladas<\/strong>.<\/p>\n<p>A exce\u00e7\u00e3o \u00e9 o Sudeste Rio-Grandense e as demais \u00e1reas do PR, que devem apresentar <strong>condi\u00e7\u00f5es mais est\u00e1veis<\/strong>, com predomin\u00e2ncia de <strong>c\u00e9u claro e presen\u00e7a de nuvens<\/strong>.<\/p>\n<p>O Instituto Nacional de Meteorologia (Inmet) emitiu <strong>alerta de perigo e perigo potencial de tempestade<\/strong> para as \u00e1reas da regi\u00e3o. O \u00f3rg\u00e3o tamb\u00e9m evidenciou o risco de <strong>onda de calor<\/strong> nos territ\u00f3rios de SC e PR.<\/p>\n<p>Entre as capitais, a temperatura m\u00ednima prevista \u00e9 de <strong>21\u00b0C<\/strong> em Curitiba. J\u00e1 a m\u00e1xima pode chegar at\u00e9 <strong>33\u00b0C<\/strong> em Florian\u00f3polis. A umidade relativa do ar varia entre <strong>30%<\/strong> e <strong>100%<\/strong>.<\/p>\n<h2>O que \u00e9 onda de calor?<\/h2>\n<p>Per\u00edodo de cinco ou mais dias consecutivos em que a temperatura m\u00e1xima di\u00e1ria supera, em pelo menos 5 \u00b0C, a m\u00e9dia climatol\u00f3gica da temperatura m\u00e1xima para aquele m\u00eas e local.<\/p>\n<h2>5 motivos para acompanhar as previs\u00f5es do tempo<\/h2>\n<ul>\n<li>Agricultura: garantia de uma boa colheita;<\/li>\n<li>Marinha: prote\u00e7\u00e3o de marinheiros, navios e passageiros;<\/li>\n<li>Aeron\u00e1utica: seguran\u00e7a de pilotos, aeronaves e passageiros;<\/li>\n<li>Pesca: condi\u00e7\u00f5es favor\u00e1veis e seguras para a atividade;<\/li>\n<li>Turismo: garantia de passeios e viagens tranquilas e agrad\u00e1veis.<\/li>\n<\/ul>\n<h2>Import\u00e2ncia das observa\u00e7\u00f5es meteorol\u00f3gicas no INMET<\/h2>\n<p>As observa\u00e7\u00f5es meteorol\u00f3gicas do INMET s\u00e3o essenciais para previs\u00f5es em tempo real, estat\u00edsticas clim\u00e1ticas e coopera\u00e7\u00e3o internacional. Esses dados precisos ajudam a estudar o clima passado e a produzir Normais Climatol\u00f3gicas conforme a Organiza\u00e7\u00e3o Meteorol\u00f3gica Mundial (<a href=\"https:\/\/worldweather.wmo.int\/pt\/home.html\">OMM<\/a>).<\/p>\n<p>As informa\u00e7\u00f5es s\u00e3o do Instituto Nacional de Meteorologia (<a href=\"https:\/\/portal.inmet.gov.br\">Inmet<\/a>).<\/p>\n<p>\t\t\t\t\t\t\t\t\t\t<img loading=\"lazy\" decoding=\"async\" src=\"https:\/\/brasil61.com\/api\/v1\/serve_pixel\/17677\/86668\" alt=\"Pixel Brasil 61\" class=\"b61_pixel\" width=\"0\" height=\"0\"><\/p>\n<input type=\"hidden\" id=\"baseurl\" value=\"https:\/\/noticiasdestaque.com.br\"><input type=\"hidden\" id=\"audio_nonce\" value=\"6a24ca502e\">","protected":false},"excerpt":{"rendered":"<p>Inmet alerta para perigo potencial de tempestades nos estados da regi\u00e3o; temperaturas variam entre 21\u00b0C e 33\u00b0C<\/p>\n","protected":false},"author":1,"featured_media":48534,"comment_status":"open","ping_status":"open","sticky":false,"template":"","format":"standard","meta":{"fifu_image_url":"","fifu_image_alt":"","footnotes":""},"categories":[58],"tags":[],"class_list":["post-48533","post","type-post","status-publish","format-standard","has-post-thumbnail","hentry","category-cotidiano"],"distributor_meta":false,"distributor_terms":false,"distributor_media":false,"distributor_original_site_name":"Noticias em Destaque","distributor_original_site_url":"https:\/\/noticiasdestaque.com.br","push-errors":false,"_links":{"self":[{"href":"https:\/\/noticiasdestaque.com.br\/index.php\/wp-json\/wp\/v2\/posts\/48533","targetHints":{"allow":["GET"]}}],"collection":[{"href":"https:\/\/noticiasdestaque.com.br\/index.php\/wp-json\/wp\/v2\/posts"}],"about":[{"href":"https:\/\/noticiasdestaque.com.br\/index.php\/wp-json\/wp\/v2\/types\/post"}],"author":[{"embeddable":true,"href":"https:\/\/noticiasdestaque.com.br\/index.php\/wp-json\/wp\/v2\/users\/1"}],"replies":[{"embeddable":true,"href":"https:\/\/noticiasdestaque.com.br\/index.php\/wp-json\/wp\/v2\/comments?post=48533"}],"version-history":[{"count":0,"href":"https:\/\/noticiasdestaque.com.br\/index.php\/wp-json\/wp\/v2\/posts\/48533\/revisions"}],"wp:featuredmedia":[{"embeddable":true,"href":"https:\/\/noticiasdestaque.com.br\/index.php\/wp-json\/wp\/v2\/media\/48534"}],"wp:attachment":[{"href":"https:\/\/noticiasdestaque.com.br\/index.php\/wp-json\/wp\/v2\/media?parent=48533"}],"wp:term":[{"taxonomy":"category","embeddable":true,"href":"https:\/\/noticiasdestaque.com.br\/index.php\/wp-json\/wp\/v2\/categories?post=48533"},{"taxonomy":"post_tag","embeddable":true,"href":"https:\/\/noticiasdestaque.com.br\/index.php\/wp-json\/wp\/v2\/tags?post=48533"}],"curies":[{"name":"wp","href":"https:\/\/api.w.org\/{rel}","templated":true}]}}