{"id":48521,"date":"2025-12-23T04:30:00","date_gmt":"2025-12-23T07:30:00","guid":{"rendered":"https:\/\/noticiasdestaque.com.br\/index.php\/2025\/12\/23\/inss-divulga-funcionamento-das-agencias-e-da-central-135-no-natal-e-ano-novo\/"},"modified":"2025-12-23T04:30:00","modified_gmt":"2025-12-23T07:30:00","slug":"inss-divulga-funcionamento-das-agencias-e-da-central-135-no-natal-e-ano-novo","status":"publish","type":"post","link":"https:\/\/noticiasdestaque.com.br\/index.php\/2025\/12\/23\/inss-divulga-funcionamento-das-agencias-e-da-central-135-no-natal-e-ano-novo\/","title":{"rendered":"INSS divulga funcionamento das ag\u00eancias e da Central 135 no Natal e Ano Novo"},"content":{"rendered":"<p>\t\t\t\t\t\t\t\t\t\t\t<audio controls class=\"b61_audio_player\" data-noticia=\"86625\" src=\"https:\/\/brasil61.com\/rails\/active_storage\/blobs\/eyJfcmFpbHMiOnsibWVzc2FnZSI6IkJBaHBBMUxhQXc9PSIsImV4cCI6bnVsbCwicHVyIjoiYmxvYl9pZCJ9fQ==--b4d390d348831c354fb53f957ea82efb38e264d0\/BRAS2515392A\"><\/audio><\/p>\n<p>As ag\u00eancias do Instituto Nacional do Seguro Social ter\u00e3o funcionamento alterado em todo o pa\u00eds durante o per\u00edodo de festas, conforme calend\u00e1rio de feriados e pontos facultativos definido pelo Governo Federal. Nos dias 24 e 31 de dezembro, v\u00e9speras de Natal e Ano Novo, o expediente \u00e9 de ponto facultativo a partir das 13h, com atendimento ao p\u00fablico somente at\u00e9 esse hor\u00e1rio e de forma reduzida.\u200b<\/p>\n<p>Nos dias 25 de dezembro (Natal) e 1\u00ba de janeiro (Confraterniza\u00e7\u00e3o Universal), n\u00e3o haver\u00e1 atendimento ao p\u00fablico nas ag\u00eancias, por se tratarem de feriados nacionais previstos na legisla\u00e7\u00e3o federal. O atendimento presencial volta ao normal nos dias 26 de dezembro e 2 de janeiro, quando as Ag\u00eancias da Previd\u00eancia Social retomam o hor\u00e1rio habitual e seguem normalmente os agendamentos j\u00e1 marcados.\u200b<\/p>\n<p><strong>Funcionamento da Central 135<\/strong><\/p>\n<p>A Central Telef\u00f4nica 135 tamb\u00e9m opera em regime especial no fim de ano, garantindo alternativas de atendimento remoto aos segurados. Nos dias 24 e 31 de dezembro, o atendimento humano estar\u00e1 dispon\u00edvel at\u00e9 as 18h; ap\u00f3s esse hor\u00e1rio, o servi\u00e7o permanece somente em formato eletr\u00f4nico, com respostas automatizadas.\u200b<\/p>\n<p>J\u00e1 nos dias 25 de dezembro e 1\u00ba de janeiro, a Central 135 prestar\u00e1 exclusivamente atendimento eletr\u00f4nico, sem participa\u00e7\u00e3o de atendentes. A partir de 26 de dezembro e 2 de janeiro, o canal volta ao padr\u00e3o usual de funcionamento, com oferta de atendimento humano dentro do hor\u00e1rio regular.<\/p>\n<p><strong>Canais digitais do Meu INSS<\/strong><\/p>\n<p>Mesmo com as altera\u00e7\u00f5es no atendimento presencial e telef\u00f4nico, os servi\u00e7os digitais do Meu INSS seguem dispon\u00edveis 24 horas por dia, inclusive em feriados. Pelo portal e aplicativo, \u00e9 poss\u00edvel solicitar benef\u00edcios, emitir extratos, acompanhar requerimentos e acessar diversas informa\u00e7\u00f5es sem necessidade de deslocamento at\u00e9 uma ag\u00eancia.<\/p>\n<p>\t\t\t\t\t\t\t\t\t\t<img loading=\"lazy\" decoding=\"async\" src=\"https:\/\/brasil61.com\/api\/v1\/serve_pixel\/17677\/86625\" alt=\"Pixel Brasil 61\" class=\"b61_pixel\" width=\"0\" height=\"0\"><\/p>\n<input type=\"hidden\" id=\"baseurl\" value=\"https:\/\/noticiasdestaque.com.br\"><input type=\"hidden\" id=\"audio_nonce\" value=\"6a24ca502e\">","protected":false},"excerpt":{"rendered":"<p>Nos dias 25 de dezembro (Natal) e 1\u00ba de janeiro (Confraterniza\u00e7\u00e3o Universal), n\u00e3o haver\u00e1 atendimento ao p\u00fablico nas ag\u00eancias<\/p>\n","protected":false},"author":1,"featured_media":48522,"comment_status":"open","ping_status":"open","sticky":false,"template":"","format":"standard","meta":{"fifu_image_url":"","fifu_image_alt":"","footnotes":""},"categories":[59],"tags":[],"class_list":["post-48521","post","type-post","status-publish","format-standard","has-post-thumbnail","hentry","category-economia"],"distributor_meta":false,"distributor_terms":false,"distributor_media":false,"distributor_original_site_name":"Noticias em Destaque","distributor_original_site_url":"https:\/\/noticiasdestaque.com.br","push-errors":false,"_links":{"self":[{"href":"https:\/\/noticiasdestaque.com.br\/index.php\/wp-json\/wp\/v2\/posts\/48521","targetHints":{"allow":["GET"]}}],"collection":[{"href":"https:\/\/noticiasdestaque.com.br\/index.php\/wp-json\/wp\/v2\/posts"}],"about":[{"href":"https:\/\/noticiasdestaque.com.br\/index.php\/wp-json\/wp\/v2\/types\/post"}],"author":[{"embeddable":true,"href":"https:\/\/noticiasdestaque.com.br\/index.php\/wp-json\/wp\/v2\/users\/1"}],"replies":[{"embeddable":true,"href":"https:\/\/noticiasdestaque.com.br\/index.php\/wp-json\/wp\/v2\/comments?post=48521"}],"version-history":[{"count":0,"href":"https:\/\/noticiasdestaque.com.br\/index.php\/wp-json\/wp\/v2\/posts\/48521\/revisions"}],"wp:featuredmedia":[{"embeddable":true,"href":"https:\/\/noticiasdestaque.com.br\/index.php\/wp-json\/wp\/v2\/media\/48522"}],"wp:attachment":[{"href":"https:\/\/noticiasdestaque.com.br\/index.php\/wp-json\/wp\/v2\/media?parent=48521"}],"wp:term":[{"taxonomy":"category","embeddable":true,"href":"https:\/\/noticiasdestaque.com.br\/index.php\/wp-json\/wp\/v2\/categories?post=48521"},{"taxonomy":"post_tag","embeddable":true,"href":"https:\/\/noticiasdestaque.com.br\/index.php\/wp-json\/wp\/v2\/tags?post=48521"}],"curies":[{"name":"wp","href":"https:\/\/api.w.org\/{rel}","templated":true}]}}