{"id":4851,"date":"2022-12-05T10:03:50","date_gmt":"2022-12-05T13:03:50","guid":{"rendered":"https:\/\/noticiasdestaque.com.br\/index.php\/2022\/12\/05\/previsao-de-chuvas-fortes-pelo-pais-ao-longo-da-semana-levantam-sinal-de-alerta\/"},"modified":"2022-12-05T10:03:50","modified_gmt":"2022-12-05T13:03:50","slug":"previsao-de-chuvas-fortes-pelo-pais-ao-longo-da-semana-levantam-sinal-de-alerta","status":"publish","type":"post","link":"https:\/\/noticiasdestaque.com.br\/index.php\/2022\/12\/05\/previsao-de-chuvas-fortes-pelo-pais-ao-longo-da-semana-levantam-sinal-de-alerta\/","title":{"rendered":"Previs\u00e3o de chuvas fortes pelo pa\u00eds ao longo da semana levantam sinal de alerta"},"content":{"rendered":"<p>O Brasil ter\u00e1 uma semana com temperaturas mais elevadas e alta umidade do ar, o que favorece maiores instabilidades no tempo, com chuvas em boa parte do pa\u00eds. Segundo o meteorologista do Instituto Nacional de Meteorologia <a href=\"https:\/\/portal.inmet.gov.br\/\">(Inmet)<\/a>, Olivio Bahia, as condi\u00e7\u00f5es ser\u00e3o intensificadas por alguma \u00e1rea de baixa press\u00e3o. Segundo ele, a popula\u00e7\u00e3o dos locais mais afetados deve manter a aten\u00e7\u00e3o e tomar cuidados para evitar acidentes. <\/p>\n<p>\u201cSempre destacamos que a popula\u00e7\u00e3o dessas regi\u00f5es atingidas deve ficar sempre atenta, porque o solo est\u00e1 encharcado e o n\u00edvel dos rios ainda est\u00e3o elevados. Ent\u00e3o, qualquer chuva, mesmo que em pouco volume, pode provocar algum transtorno, algum deslizamento de terra. Ent\u00e3o, as pessoas devem se manter atentas nesse per\u00edodo de chuva\u201d, orienta. <\/p>\n<h2>Norte<\/h2>\n<p>Na regi\u00e3o Norte, o tempo ficar\u00e1 mais fechado ao longo da semana, com pancadas de chuvas que podem vir acompanhadas de raios e rajadas de vento. Em algumas \u00e1reas dos estados do Amazonas, Roraima e Par\u00e1, os volumes devem ser mais expressivos, acima de 80 mm em 24 horas. <\/p>\n<p>No Acre, a Defesa Civil destaca a preocupa\u00e7\u00e3o diante do impacto das fortes chuvas registradas em Rio Branco, desde a \u00faltima sexta-feira (2). O ac\u00famulo de chuvas chegava a 136 mm. Na capital, o Corpo de Bombeiros Militar atendeu pelo menos oito ocorr\u00eancias de pontos de alagamentos.<\/p>\n<h2>Nordeste <\/h2>\n<p>Nos \u00faltimos dias, o Nordeste brasileiro registrou maiores volumes de chuva na Bahia e a tend\u00eancia \u00e9 que essa condi\u00e7\u00e3o seja mantida ao longo da semana, principalmente no litoral sul do estado. <\/p>\n<p>A Superintend\u00eancia de Prote\u00e7\u00e3o e Defesa Civil da Bahia (Sudec) informou, no in\u00edcio do m\u00eas, que pelo menos 342 pessoas estavam desabrigadas e 3.684 desalojadas. O n\u00famero total de atingidos chegava a 52.224 pessoas. Cerca de 37 munic\u00edpios foram afetados. Entre eles est\u00e3o Baixa Grande, Itabuna, Santa Cruz Cabr\u00e1lia, C\u00edcero Dantas, Ibicu\u00ed, Itamb\u00e9, Nova Vi\u00e7osa, Prado, Vereda, Itamaraju, Wenceslau Guimar\u00e3es, Marcion\u00edlio Souza e Aiquara.<\/p>\n<p>A previs\u00e3o \u00e9 de que tamb\u00e9m haja chuva forte em \u00e1reas do Maranh\u00e3o e do Piau\u00ed. Apesar disso, a expectativa \u00e9 de que os volumes comecem a diminuir no decorrer da semana. <\/p>\n<h2>Sudeste <\/h2>\n<p>O Sudeste do Brasil tamb\u00e9m contou com uma semana de chuvas intensas, principalmente no Esp\u00edrito Santo, leste e nordeste de Minas Gerais, onde alguns pontos registraram 300 mm. A proje\u00e7\u00e3o \u00e9 de que ainda caia chuva at\u00e9 o fim desta semana. <\/p>\n<p>De acordo com a Defesa Civil de Minas, pelo menos 38 munic\u00edpios est\u00e3o em situa\u00e7\u00e3o de emerg\u00eancia. Cerca de 2.369 pessoas est\u00e3o desalojadas e 553 desabrigadas. Um morador de Pira\u00faba, na Zona da Mata mineira, morreu. O \u00f3rg\u00e3o informa, ainda, que entre as localidades mais afetadas est\u00e3o Jequitinhonha, Mucuri, Rio Doce, Zona da Mata e Regi\u00e3o Metropolitana de Belo Horizonte, inclusive a capital.<\/p>\n<p>Em algumas \u00e1reas do estado mineiro, pode haver, inclusive, queda de granizo. No entanto, a chuva come\u00e7a a se direcionar para S\u00e3o Paulo, outra \u00e1rea de risco que merece aten\u00e7\u00e3o da popula\u00e7\u00e3o e das autoridades. Em alguns per\u00edodos, as chuvas podem vir acompanhadas de raios e ventos que podem chegar a 80km\/h. <\/p>\n<h2>Sul<\/h2>\n<p>Na regi\u00e3o Sul, os \u00faltimos dias tamb\u00e9m foram de registros de fortes chuvas, sobretudo no centro-oeste do Paran\u00e1 e leste de Santa Catarina. A expectativa \u00e9 de que essas condi\u00e7\u00f5es sejam mantidas no in\u00edcio desta semana, at\u00e9 mesmo com queda de granizo em alguns pontos. <\/p>\n<p>De acordo com o relat\u00f3rio elaborado pelo Grupo de A\u00e7\u00f5es Coordenadas da Defesa Civil (Grac-DCSC)  de Santa Catarina, divulgado na \u00faltima sexta-feira (2), 32 munic\u00edpios reportaram ocorr\u00eancias em virtude do evento de chuvas intensas. Foram registradas tr\u00eas mortes. Entre os munic\u00edpios que j\u00e1 decretaram situa\u00e7\u00e3o de emerg\u00eancia est\u00e3o Araquari, Campo Alegre, Canelinha, Canoinhas, Corup\u00e1, Doutor Pedrinho, Garuva, Gaspar, Guaramirim, Itaja\u00ed, Itapo\u00e1, Jaragu\u00e1 do Sul, Joinville e Luiz Alves. <\/p>\n<p>A partir de quarta-feira (7), a previs\u00e3o \u00e9 de que os volumes sejam reduzidos, mas a partir do pr\u00f3ximo fim de semana as condi\u00e7\u00f5es clim\u00e1ticas podem proporcionar a vinda de novos temporais. <\/p>\n<h2>Centro-Oeste<\/h2>\n<p>No Centro-Oeste, uma massa quente ajudar\u00e1 a manter as condi\u00e7\u00f5es favor\u00e1veis para chuvas, principalmente entre a tarde e a noite. As previs\u00f5es apontam para poss\u00edveis quedas de granizo em algumas \u00e1reas da regi\u00e3o, principalmente no sul de Goi\u00e1s e em pontos do Mato Grosso do Sul, no decorrer da semana. Em Goi\u00e1s, por exemplo, entre os munic\u00edpios mais afetados est\u00e3o \u00c1gua Fria de Goi\u00e1s, Alto Para\u00edso de Goi\u00e1s, Cavalcante, Campo Belos, Divin\u00f3polis de Goi\u00e1s, Faina, Formosa, Hidrolina, Guarani de Goi\u00e1s, Itapirapu\u00e3 e Itapaci. <\/p>\n<p><strong><a href=\"https:\/\/brasil61.com\/n\/inmet-alerta-para-o-risco-de-chuvas-volumosas-pelo-pais-bras227525\">INMET alerta para o risco de chuvas volumosas pelo pa\u00eds<\/a><\/strong><\/p>\n<\/p>\n<p>De acordo com o Inmet, h\u00e1 risco de alagamentos, deslizamentos de encostas e transbordamentos de rios nas \u00e1reas. A Defesa Civil alerta para os cuidados em rela\u00e7\u00e3o \u00e0s medidas de prote\u00e7\u00e3o. \u201cEm caso de tempestade, caso o cidad\u00e3o esteja ao ar livre, ele dever\u00e1 sempre procurar um abrigo seguro, longe de \u00e1rvores, de antenas. Evitar para quem est\u00e1 em casa, o uso do eletrodom\u00e9stico, do telefone e, sobretudo, em hip\u00f3tese alguma, usar o aparelho celular plugado \u00e0 tomada, pois corre risco de choque el\u00e9trico. Tamb\u00e9m, caso esteja conduzindo um ve\u00edculo, o cidad\u00e3o dever\u00e1 procurar um local elevado, evitando assim a enxurrada\u201d, explica o secret\u00e1rio de Estado da Defesa Civil (Sedec) do Piau\u00ed, Jos\u00e9 Augusto Nunes.  \n <\/p>\n<p> Fonte: Brasil61<\/p>\n<input type=\"hidden\" id=\"baseurl\" value=\"https:\/\/noticiasdestaque.com.br\"><input type=\"hidden\" id=\"audio_nonce\" value=\"62ca87eee3\">","protected":false},"excerpt":{"rendered":"<p>De acordo com o Inmet, nos pontos mais cr\u00edticos h\u00e1 risco de alagamentos, deslizamentos de encostas e transbordamentos de rios <\/p>\n","protected":false},"author":1,"featured_media":0,"comment_status":"open","ping_status":"open","sticky":false,"template":"","format":"standard","meta":{"fifu_image_url":"","fifu_image_alt":"","footnotes":""},"categories":[58],"tags":[],"class_list":["post-4851","post","type-post","status-publish","format-standard","hentry","category-cotidiano"],"distributor_meta":false,"distributor_terms":false,"distributor_media":false,"distributor_original_site_name":"Portal de Recupera\u00e7\u00e3o","distributor_original_site_url":"https:\/\/portalderecuperacao.com","push-errors":false,"_links":{"self":[{"href":"https:\/\/noticiasdestaque.com.br\/index.php\/wp-json\/wp\/v2\/posts\/4851","targetHints":{"allow":["GET"]}}],"collection":[{"href":"https:\/\/noticiasdestaque.com.br\/index.php\/wp-json\/wp\/v2\/posts"}],"about":[{"href":"https:\/\/noticiasdestaque.com.br\/index.php\/wp-json\/wp\/v2\/types\/post"}],"author":[{"embeddable":true,"href":"https:\/\/noticiasdestaque.com.br\/index.php\/wp-json\/wp\/v2\/users\/1"}],"replies":[{"embeddable":true,"href":"https:\/\/noticiasdestaque.com.br\/index.php\/wp-json\/wp\/v2\/comments?post=4851"}],"version-history":[{"count":0,"href":"https:\/\/noticiasdestaque.com.br\/index.php\/wp-json\/wp\/v2\/posts\/4851\/revisions"}],"wp:attachment":[{"href":"https:\/\/noticiasdestaque.com.br\/index.php\/wp-json\/wp\/v2\/media?parent=4851"}],"wp:term":[{"taxonomy":"category","embeddable":true,"href":"https:\/\/noticiasdestaque.com.br\/index.php\/wp-json\/wp\/v2\/categories?post=4851"},{"taxonomy":"post_tag","embeddable":true,"href":"https:\/\/noticiasdestaque.com.br\/index.php\/wp-json\/wp\/v2\/tags?post=4851"}],"curies":[{"name":"wp","href":"https:\/\/api.w.org\/{rel}","templated":true}]}}