{"id":48503,"date":"2025-12-22T04:55:00","date_gmt":"2025-12-22T07:55:00","guid":{"rendered":"https:\/\/noticiasdestaque.com.br\/index.php\/2025\/12\/22\/plano-safra-25-26-pequenos-produtores-concentram-quase-60-do-credito-na-amazonia\/"},"modified":"2025-12-22T04:55:00","modified_gmt":"2025-12-22T07:55:00","slug":"plano-safra-25-26-pequenos-produtores-concentram-quase-60-do-credito-na-amazonia","status":"publish","type":"post","link":"https:\/\/noticiasdestaque.com.br\/index.php\/2025\/12\/22\/plano-safra-25-26-pequenos-produtores-concentram-quase-60-do-credito-na-amazonia\/","title":{"rendered":"Plano Safra 25\/26: pequenos produtores concentram quase 60% do cr\u00e9dito na Amaz\u00f4nia"},"content":{"rendered":"<p>\t\t\t\t\t\t\t\t\t\t\t<audio controls class=\"b61_audio_player\" data-noticia=\"86606\" src=\"https:\/\/brasil61.com\/rails\/active_storage\/blobs\/eyJfcmFpbHMiOnsibWVzc2FnZSI6IkJBaHBBNnZaQXc9PSIsImV4cCI6bnVsbCwicHVyIjoiYmxvYl9pZCJ9fQ==--289e2dc1e73d89742494734a64f473ecbfae2677\/BASA250139A\"><\/audio><\/p>\n<p>At\u00e9 setembro de 2025, <strong>as opera\u00e7\u00f5es destinadas a empreendimentos de pequeno porte responderam por 59,6% do volume contratado no Plano Safra 2025\/2026 na Regi\u00e3o Amaz\u00f4nica<\/strong>, viabilizado pelo <a href=\"https:\/\/www.bancoamazonia.com.br\/\" target=\"_blank\">Banco da Amaz\u00f4nia<\/a>. No per\u00edodo, as contrata\u00e7\u00f5es alcan\u00e7aram <strong>R$ 2,2 bilh\u00f5es<\/strong> na agricultura empresarial, representando um crescimento de 4,4% em rela\u00e7\u00e3o ao mesmo per\u00edodo de 2024. Do total, o Fundo Constitucional de Financiamento do Norte (FNO) concentrou <strong>R$ 1,7 bilh\u00e3o.<\/strong><\/p>\n<p>Pelo<strong> Programa Nacional de Fortalecimento da Agricultura Familiar (PRONAF), foram liberados R$ 496,1 milh\u00f5es em 13,9 mil opera\u00e7\u00f5es.<\/strong> De acordo com a institui\u00e7\u00e3o, o cen\u00e1rio mostra que houve amplia\u00e7\u00e3o do acesso ao cr\u00e9dito para pequenos produtores e agricultores familiares.<\/p>\n<p>Os dados comp\u00f5em o<a href=\"https:\/\/api.mziq.com\/mzfilemanager\/v2\/d\/348fb9a6-7a7d-45a4-8beb-a6941accbe1d\/db9e3bac-c33a-a20a-6622-3e0fca567b09?origin=1\" target=\"_blank\"> Relat\u00f3rio da Administra\u00e7\u00e3o 9M2025<\/a>, que apresenta os resultados dos nove primeiros meses de 2025.\u00a0<\/p>\n<h2>Desenvolvimento regional<\/h2>\n<p><strong>Conforme a publica\u00e7\u00e3o, entre julho e setembro de 2025 o banco avan\u00e7ou na execu\u00e7\u00e3o Plano Safra 2025\/2026 \u2013 que se consolidou como o maior de toda a nossa hist\u00f3ria da institui\u00e7\u00e3o financeira. O volume de aportes, segundo o relat\u00f3rio, afirma o papel do Banco da Amaz\u00f4nia como agente financeiro de desenvolvimento na Regi\u00e3o Amaz\u00f4nica.<\/strong><\/p>\n<p>O presidente do Banco da Amaz\u00f4nia, Luiz Lessa, afirma que<strong> a expectativa \u00e9 de manuten\u00e7\u00e3o de incentivos positivos para o setor, com crescimento cont\u00ednuo dos investimentos destinados aos agricultores ao longo dos anos. <\/strong>Segundo ele, os produtores rurais de pequeno porte est\u00e3o entre as principais prioridades da institui\u00e7\u00e3o.<\/p>\n<p>\u201cOu seja, a gente vem num crescimento forte de aloca\u00e7\u00e3o de recursos e isso vai continuar. Isso \u00e9 um mantra aqui para gente, que os pequenos portes s\u00e3o prioridades do banco\u201d, diz Lessa.\u00a0<\/p>\n<p>O <strong>Plano Safra 2025\/2026 foi lan\u00e7ado em julho com R$ 1,8 bilh\u00e3o destinado exclusivamente \u00e0 agricultura familiar. O montante representa um aumento de 38% em rela\u00e7\u00e3o \u00e0 safra anterior e buscou refor\u00e7ar o compromisso da institui\u00e7\u00e3o com o financiamento de pr\u00e1ticas sustent\u00e1veis na Regi\u00e3o Norte.\u00a0<\/strong><\/p>\n<h2>Panorama econ\u00f4mico<\/h2>\n<p><strong>O relat\u00f3rio pontua que apesar de um cen\u00e1rio macroecon\u00f4mico marcado por crescimento moderado, juros elevados \u2013 com a Taxa Selic permanecendo em 15,0% ao ano \u2013 e incertezas no ambiente internacional, o Banco mant\u00e9m sua atua\u00e7\u00e3o firme como agente estrat\u00e9gico de desenvolvimento.<\/strong><\/p>\n<p>Segundo a institui\u00e7\u00e3o, sua atua\u00e7\u00e3o vem refor\u00e7ando o compromisso com pr\u00e1ticas voltadas ao desenvolvimento regional sustent\u00e1vel.<\/p>\n<p>Al\u00e9m disso, mesmo diante das restri\u00e7\u00f5es impostas pelo contexto nacional e global \u2013 com tarifas comerciais elevadas \u2013 a institui\u00e7\u00e3o segue \u201cfortalecendo o cr\u00e9dito, modernizando nossos canais e promovendo solu\u00e7\u00f5es que aliam crescimento econ\u00f4mico \u00e0 sustentabilidade da Amaz\u00f4nia\u201d, diz um trecho do relat\u00f3rio.<\/p>\n<p>Para saber mais sobre as linhas de cr\u00e9dito do Banco da Amaz\u00f4nia acesse:<a href=\"https:\/\/www.bancoamazonia.com.br\/\" target=\"_blank\"> www.bancoamazonia.com.br.\u00a0<\/a><br \/>\n\u00a0<\/p>\n<p>\t\t\t\t\t\t\t\t\t\t<img loading=\"lazy\" decoding=\"async\" src=\"https:\/\/brasil61.com\/api\/v1\/serve_pixel\/17677\/86606\" alt=\"Pixel Brasil 61\" class=\"b61_pixel\" width=\"0\" height=\"0\"><\/p>\n<input type=\"hidden\" id=\"baseurl\" value=\"https:\/\/noticiasdestaque.com.br\"><input type=\"hidden\" id=\"audio_nonce\" value=\"6f73a554f1\">","protected":false},"excerpt":{"rendered":"<p>Contrata\u00e7\u00f5es at\u00e9 setembro no Banco da Amaz\u00f4nia somaram R$ 2,2 bilh\u00f5es na Agricultura Empresarial; do total, FNO respondeu por R$ 1,7 bilh\u00e3o, com forte presen\u00e7a de empreendimentos de pequeno porte e agricultura familiar<\/p>\n","protected":false},"author":1,"featured_media":48504,"comment_status":"open","ping_status":"open","sticky":false,"template":"","format":"standard","meta":{"fifu_image_url":"","fifu_image_alt":"","footnotes":""},"categories":[59],"tags":[],"class_list":["post-48503","post","type-post","status-publish","format-standard","has-post-thumbnail","hentry","category-economia"],"distributor_meta":false,"distributor_terms":false,"distributor_media":false,"distributor_original_site_name":"Noticias em Destaque","distributor_original_site_url":"https:\/\/noticiasdestaque.com.br","push-errors":false,"_links":{"self":[{"href":"https:\/\/noticiasdestaque.com.br\/index.php\/wp-json\/wp\/v2\/posts\/48503","targetHints":{"allow":["GET"]}}],"collection":[{"href":"https:\/\/noticiasdestaque.com.br\/index.php\/wp-json\/wp\/v2\/posts"}],"about":[{"href":"https:\/\/noticiasdestaque.com.br\/index.php\/wp-json\/wp\/v2\/types\/post"}],"author":[{"embeddable":true,"href":"https:\/\/noticiasdestaque.com.br\/index.php\/wp-json\/wp\/v2\/users\/1"}],"replies":[{"embeddable":true,"href":"https:\/\/noticiasdestaque.com.br\/index.php\/wp-json\/wp\/v2\/comments?post=48503"}],"version-history":[{"count":0,"href":"https:\/\/noticiasdestaque.com.br\/index.php\/wp-json\/wp\/v2\/posts\/48503\/revisions"}],"wp:featuredmedia":[{"embeddable":true,"href":"https:\/\/noticiasdestaque.com.br\/index.php\/wp-json\/wp\/v2\/media\/48504"}],"wp:attachment":[{"href":"https:\/\/noticiasdestaque.com.br\/index.php\/wp-json\/wp\/v2\/media?parent=48503"}],"wp:term":[{"taxonomy":"category","embeddable":true,"href":"https:\/\/noticiasdestaque.com.br\/index.php\/wp-json\/wp\/v2\/categories?post=48503"},{"taxonomy":"post_tag","embeddable":true,"href":"https:\/\/noticiasdestaque.com.br\/index.php\/wp-json\/wp\/v2\/tags?post=48503"}],"curies":[{"name":"wp","href":"https:\/\/api.w.org\/{rel}","templated":true}]}}