{"id":4850,"date":"2022-12-05T09:57:00","date_gmt":"2022-12-05T12:57:00","guid":{"rendered":"https:\/\/noticiasdestaque.com.br\/index.php\/2022\/12\/05\/casos-de-dengue-aumentam-em-um-ano\/"},"modified":"2022-12-05T09:57:00","modified_gmt":"2022-12-05T12:57:00","slug":"casos-de-dengue-aumentam-em-um-ano","status":"publish","type":"post","link":"https:\/\/noticiasdestaque.com.br\/index.php\/2022\/12\/05\/casos-de-dengue-aumentam-em-um-ano\/","title":{"rendered":"Casos de dengue aumentam 180,5% em um ano"},"content":{"rendered":"<p>A preocupa\u00e7\u00e3o com a prolifera\u00e7\u00e3o do mosquito transmissor da dengue, o <em>Aedes aegypti<\/em>, cresce na temporada das chuvas. Em 2022, houve aumento de 180,5% dos casos da doen\u00e7a quando comparado ao mesmo per\u00edodo do ano passado, de acordo com o <a href=\"https:\/\/www.gov.br\/saude\/pt-br\/centrais-de-conteudo\/publicacoes\/boletins\/epidemiologicos\/edicoes\/2022\/boletim-epidemiologico-vol-53-no43\/view\">boletim epidemiol\u00f3gico<\/a> divulgado pelo Minist\u00e9rio da Sa\u00fade (MS).<\/p>\n<p>A regi\u00e3o com maior taxa de incid\u00eancia de dengue foi o Centro-Oeste, com 1.955,6 casos\/100 mil habitantes. J\u00e1 o munic\u00edpio com maior n\u00famero de casos prov\u00e1veis da doen\u00e7a foi Bras\u00edlia (DF), com 66.080 registros.<\/p>\n<h2>A\u00e7\u00f5es de combate ao mosquito<\/h2>\n<p>Segundo o coordenador-geral de Vigil\u00e2ncia de Arboviroses do Minist\u00e9rio da Sa\u00fade, C\u00e1ssio Peterka, o controle do vetor da dengue \u00e9 o principal m\u00e9todo para a preven\u00e7\u00e3o e combate \u00e0 doen\u00e7a. \u201cO v\u00edrus da dengue tem um potencial de distribui\u00e7\u00e3o geogr\u00e1fica muito r\u00e1pida e muito grande, porque a gente tem o vetor. O vetor estando presente, isso faz com que a gente tenha uma maior transmiss\u00e3o e as pessoas infectadas transitam por essas regi\u00f5es\u201d, afirma.<\/p>\n<p>O MS destaca a\u00e7\u00f5es preventivas como estruturas de pesquisa, uso de inseticidas e atua\u00e7\u00e3o de agentes de sa\u00fade para evitar a prolifera\u00e7\u00e3o do <em>Aedes aegypti<\/em>.<\/p>\n<p>No Distrito Federal, a Secretaria de Sa\u00fade informou que adquiriu 4,5 toneladas de inseticidas e fortaleceu estoques e insumos para preven\u00e7\u00e3o e cuidados com pacientes com dengue. Tamb\u00e9m investiu na capacita\u00e7\u00e3o de profissionais, manuten\u00e7\u00e3o de m\u00e1quinas e a\u00e7\u00f5es de inspe\u00e7\u00f5es em todas as regi\u00f5es administrativas do DF.<\/p>\n<p>A Secretaria ainda explica que h\u00e1 a\u00e7\u00f5es de combate ao mosquito diariamente em todas as 33 regi\u00f5es administrativas, com atividades educativas, vistorias dos agentes de vigil\u00e2ncia ambiental e pulveriza\u00e7\u00e3o de inseticida.<\/p>\n<p>Toda semana \u00e9 feita an\u00e1lise da incid\u00eancia de casos por regi\u00e3o e tamb\u00e9m das cidades em que h\u00e1 maior presen\u00e7a do mosquito. Ap\u00f3s essa an\u00e1lise, as regi\u00f5es com maior aumento passam a receber uma intensifica\u00e7\u00e3o das a\u00e7\u00f5es, inclusive com o uso do UBV Pesado (fumac\u00ea).<\/p>\n<p>Al\u00e9m disso, ao longo do ano, s\u00e3o realizados tratamentos focais em poss\u00edveis criadouros, al\u00e9m do tratamento costal dentro de terrenos com o foco na elimina\u00e7\u00e3o das f\u00eameas infectadas com os poss\u00edveis v\u00edrus causadores de arboviroses.<\/p>\n<p><a href=\"https:\/\/www.saude.df.gov.br\/documents\/37101\/554390\/Plano-de-enfrentamento-arboviroses.pdf\/8de76d6f-354b-b06b-d723-eed39e6112c8?t=1650308113182\">Saiba mais sobre o plano de enfretamento da dengue e outras arboviroses clicando aqui.<\/a><\/p>\n<h2>Alerta para a popula\u00e7\u00e3o<\/h2>\n<p>O governo investe em a\u00e7\u00f5es preventivas, mas tamb\u00e9m convoca a popula\u00e7\u00e3o para eliminar o mosquito transmissor da doen\u00e7a. De acordo com Divino Valerio, diretor de Vigil\u00e2ncia \u00e0 Sa\u00fade da SES\/DF, mais de 97% dos focos de mosquito s\u00e3o encontrados nas resid\u00eancias e ambientes de trabalho, e o maior obst\u00e1culo do enfrentamento da dengue \u00e9 a falta de preocupa\u00e7\u00e3o da popula\u00e7\u00e3o com a preven\u00e7\u00e3o do <em>Aedes aegypti<\/em>. \u201cEnt\u00e3o \u00e9 importante voc\u00ea estar o tempo todo observando o quintal, se n\u00e3o h\u00e1 nenhum dep\u00f3sito que tenha o que possa conter \u00e1gua, um pneu, uma lata, um balde, uma bacia, um ambiente prop\u00edcio a fazer cole\u00e7\u00f5es h\u00eddricas, porque \u00e9 a\u00ed que o mosquito desova\u201d, alerta.<\/p>\n<p><img decoding=\"async\" alt=\"\" src=\"dengue\"><img decoding=\"async\" alt=\"\" src=\"\/\/s3-sa-east-1.amazonaws.com\/agencia-radio-arb\/5186\/content_Prevenir_Dengue.png\" style=\"width: 100%;\"><\/p>\n<p>J\u00e1 em locais de trabalho, quem trabalha em ambientes mais fechados, escuros e silenciosos deve ter aten\u00e7\u00e3o \u00e0s picadas do mosquito durante o dia. \u201cEnt\u00e3o voc\u00ea pare as suas atividades, jogue um bom ar debaixo da mesa, areje seu ar esta\u00e7\u00e3o de trabalho, seu ambiente de trabalho&#8221;, afirma Divino.<\/p>\n<p>Moradores de \u00e1reas end\u00eamicas, ou que tenham den\u00fancias de poss\u00edveis focos do mosquito tamb\u00e9m podem entrar em contato com a Diretoria e Vigil\u00e2ncia Ambiental (Dival-SES), por meio do telefone 160.<\/p>\n<h2>Minist\u00e9rio da Sa\u00fade oferece cursos gratuitos voltados ao combate \u00e0 dengue<\/h2>\n<p>O Minist\u00e9rio da Sa\u00fade, em parceria com Secretaria de Gest\u00e3o do Trabalho e da Educa\u00e7\u00e3o na Sa\u00fade, oferece dois cursos gratuitos para atualizar profissionais de sa\u00fade sobre o diagn\u00f3stico e tratamento da dengue, de acordo com as recomenda\u00e7\u00f5es atuais do MS.<\/p>\n<p>Os cursos s\u00e3o voltados principalmente aos profissionais da sa\u00fade de n\u00edvel superior, que atuam na Aten\u00e7\u00e3o B\u00e1sica. Possuem carga hor\u00e1ria de 10 horas-aula e j\u00e1 capacitaram mais de 4 mil e 700 profissionais.<\/p>\n<p>As habilita\u00e7\u00f5es seguem com inscri\u00e7\u00f5es abertas at\u00e9 o dia 17 de dezembro. Para participar, basta acessar a plataforma <a href=\"https:\/\/www.unasus.gov.br\/\">UNA-SUS<\/a> e fazer a matr\u00edcula. N\u00e3o \u00e9 necess\u00e1rio passar por processo seletivo.<\/p>\n<p> Fonte: Brasil61<\/p>\n<input type=\"hidden\" id=\"baseurl\" value=\"https:\/\/noticiasdestaque.com.br\"><input type=\"hidden\" id=\"audio_nonce\" value=\"62ca87eee3\">","protected":false},"excerpt":{"rendered":"<p>Minist\u00e9rio da Sa\u00fade alerta para a  necessidade de preven\u00e7\u00e3o da doen\u00e7a<\/p>\n","protected":false},"author":1,"featured_media":0,"comment_status":"open","ping_status":"open","sticky":false,"template":"","format":"standard","meta":{"fifu_image_url":"","fifu_image_alt":"","footnotes":""},"categories":[51],"tags":[],"class_list":["post-4850","post","type-post","status-publish","format-standard","hentry","category-saude"],"distributor_meta":false,"distributor_terms":false,"distributor_media":false,"distributor_original_site_name":"Portal de Recupera\u00e7\u00e3o","distributor_original_site_url":"https:\/\/portalderecuperacao.com","push-errors":false,"_links":{"self":[{"href":"https:\/\/noticiasdestaque.com.br\/index.php\/wp-json\/wp\/v2\/posts\/4850","targetHints":{"allow":["GET"]}}],"collection":[{"href":"https:\/\/noticiasdestaque.com.br\/index.php\/wp-json\/wp\/v2\/posts"}],"about":[{"href":"https:\/\/noticiasdestaque.com.br\/index.php\/wp-json\/wp\/v2\/types\/post"}],"author":[{"embeddable":true,"href":"https:\/\/noticiasdestaque.com.br\/index.php\/wp-json\/wp\/v2\/users\/1"}],"replies":[{"embeddable":true,"href":"https:\/\/noticiasdestaque.com.br\/index.php\/wp-json\/wp\/v2\/comments?post=4850"}],"version-history":[{"count":0,"href":"https:\/\/noticiasdestaque.com.br\/index.php\/wp-json\/wp\/v2\/posts\/4850\/revisions"}],"wp:attachment":[{"href":"https:\/\/noticiasdestaque.com.br\/index.php\/wp-json\/wp\/v2\/media?parent=4850"}],"wp:term":[{"taxonomy":"category","embeddable":true,"href":"https:\/\/noticiasdestaque.com.br\/index.php\/wp-json\/wp\/v2\/categories?post=4850"},{"taxonomy":"post_tag","embeddable":true,"href":"https:\/\/noticiasdestaque.com.br\/index.php\/wp-json\/wp\/v2\/tags?post=4850"}],"curies":[{"name":"wp","href":"https:\/\/api.w.org\/{rel}","templated":true}]}}