{"id":48495,"date":"2025-12-21T18:20:00","date_gmt":"2025-12-21T21:20:00","guid":{"rendered":"https:\/\/noticiasdestaque.com.br\/index.php\/2025\/12\/21\/previsao-do-tempo-sudeste-tem-chuva-concentrada-em-pontos-de-sao-paulo-minas-gerais-e-espirito-santo-nesta-segunda-feira-22\/"},"modified":"2025-12-21T18:20:00","modified_gmt":"2025-12-21T21:20:00","slug":"previsao-do-tempo-sudeste-tem-chuva-concentrada-em-pontos-de-sao-paulo-minas-gerais-e-espirito-santo-nesta-segunda-feira-22","status":"publish","type":"post","link":"https:\/\/noticiasdestaque.com.br\/index.php\/2025\/12\/21\/previsao-do-tempo-sudeste-tem-chuva-concentrada-em-pontos-de-sao-paulo-minas-gerais-e-espirito-santo-nesta-segunda-feira-22\/","title":{"rendered":"PREVIS\u00c3O DO TEMPO: Sudeste tem chuva concentrada em pontos de S\u00e3o Paulo, Minas Gerais e Esp\u00edrito Santo nesta segunda-feira (22)"},"content":{"rendered":"<p>\t\t\t\t\t\t\t\t\t\t\t<audio controls class=\"b61_audio_player\" data-noticia=\"86582\" src=\"https:\/\/brasil61.com\/rails\/active_storage\/blobs\/eyJfcmFpbHMiOnsibWVzc2FnZSI6IkJBaHBBNWpaQXc9PSIsImV4cCI6bnVsbCwicHVyIjoiYmxvYl9pZCJ9fQ==--a8dbfa1b16c0a5991894572ea7ad07c0d5c227d9\/PTSD254288A\"><\/audio><\/p>\n<p>\u00a0<\/p>\n<\/p>\n<p>A segunda-feira (22) ser\u00e1 marcada por <strong>varia\u00e7\u00e3o nas condi\u00e7\u00f5es do tempo<\/strong> na Regi\u00e3o Sudeste do Brasil.<\/p>\n<p>Em S\u00e3o Paulo, a<strong> chuva se concentra em \u00e1reas do oeste paulista e do sudoeste do estado<\/strong>. H\u00e1 previs\u00e3o de <strong>precipita\u00e7\u00f5es <\/strong>nos munic\u00edpios de Flora Rica e Presidente Prudente, localizados no oeste, e tamb\u00e9m em Itapeva, no sudoeste paulista. Nas demais \u00e1reas do estado, o tempo segue com varia\u00e7\u00e3o de nebulosidade.<\/p>\n<p>Em Minas Gerais, a <strong>expectativa <\/strong>\u00e9 de <strong>chuva com maior intensidade<\/strong> no norte e nordeste mineiro, especialmente nos munic\u00edpios de Ponto dos Volantes, S\u00e3o Jos\u00e9 do Divino e Rubim. No restante do estado, o tempo varia entre muitas nuvens e per\u00edodos de abertura.<\/p>\n<p>No Esp\u00edrito Santo, a <strong>chuva ocorre ao longo de todo o estado<\/strong>, com registros mais intensos no litoral norte capixaba, atingindo munic\u00edpios como Concei\u00e7\u00e3o da Barra, S\u00e3o Mateus e Linhares.<\/p>\n<p>J\u00e1 no Rio de Janeiro, o <strong>tempo permanece claro na maior parte do estado<\/strong>, com exce\u00e7\u00e3o de \u00e1reas do noroeste fluminense e do norte fluminense. Nessas regi\u00f5es, h\u00e1 <strong>previs\u00e3o de chuva<\/strong> nos munic\u00edpios de Natividade, Bom Jesus do Itabapoana, Itaperuna e S\u00e3o Jo\u00e3o da Barra.<\/p>\n<p>Entre as capitais, a temperatura m\u00ednima prevista \u00e9 de 17\u00b0C, em Belo Horizonte. J\u00e1 a m\u00e1xima pode chegar at\u00e9 33\u00b0C, no Rio de Janeiro. A \u00a0umidade relativa do ar varia entre 40% e 100%.<\/p>\n<p><strong>5 motivos para acompanhar as previs\u00f5es do tempo<\/strong><\/p>\n<ul>\n<li>Agricultura: garantia de uma boa colheita;<\/li>\n<li>Marinha: prote\u00e7\u00e3o de marinheiros, navios e passageiros;<\/li>\n<li>Aeron\u00e1utica: seguran\u00e7a de pilotos, aeronaves e passageiros;<\/li>\n<li>Pesca: condi\u00e7\u00f5es favor\u00e1veis e seguras para a atividade;<\/li>\n<li>Turismo: garantia de passeios e viagens tranquilas e agrad\u00e1veis.<\/li>\n<\/ul>\n<p><strong>Import\u00e2ncia das observa\u00e7\u00f5es meteorol\u00f3gicas no INMET<\/strong><\/p>\n<p>As observa\u00e7\u00f5es meteorol\u00f3gicas do <a href=\"https:\/\/portal.inmet.gov.br\/\">INMET <\/a>s\u00e3o essenciais para previs\u00f5es em tempo real, estat\u00edsticas clim\u00e1ticas e coopera\u00e7\u00e3o internacional. Esses dados precisos ajudam a estudar o clima passado e a produzir Normais Climatol\u00f3gicas conforme a <strong>Organiza\u00e7\u00e3o Meteorol\u00f3gica Mundial<\/strong> (<a href=\"https:\/\/worldweather.wmo.int\/pt\/home.html\">OMM<\/a>).<\/p>\n<p>As informa\u00e7\u00f5es s\u00e3o do <strong>Instituto Nacional de Meteorologia<\/strong> (<a href=\"https:\/\/portal.inmet.gov.br\/\">Inmet<\/a>).<br \/>\n\u00a0<\/p>\n<p>\t\t\t\t\t\t\t\t\t\t<img loading=\"lazy\" decoding=\"async\" src=\"https:\/\/brasil61.com\/api\/v1\/serve_pixel\/17677\/86582\" alt=\"Pixel Brasil 61\" class=\"b61_pixel\" width=\"0\" height=\"0\"><\/p>\n<input type=\"hidden\" id=\"baseurl\" value=\"https:\/\/noticiasdestaque.com.br\"><input type=\"hidden\" id=\"audio_nonce\" value=\"6f73a554f1\">","protected":false},"excerpt":{"rendered":"<p>Em S\u00e3o Paulo, a chuva se concentra em \u00e1reas do oeste paulista e do sudoeste do estado. H\u00e1 previs\u00e3o de precipita\u00e7\u00f5es nos munic\u00edpios de Flora Rica e Presidente Prudente, localizados no oeste, e tamb\u00e9m em Itapeva, no sudoeste paulista<\/p>\n","protected":false},"author":1,"featured_media":48496,"comment_status":"open","ping_status":"open","sticky":false,"template":"","format":"standard","meta":{"fifu_image_url":"","fifu_image_alt":"","footnotes":""},"categories":[58],"tags":[],"class_list":["post-48495","post","type-post","status-publish","format-standard","has-post-thumbnail","hentry","category-cotidiano"],"distributor_meta":false,"distributor_terms":false,"distributor_media":false,"distributor_original_site_name":"Noticias em Destaque","distributor_original_site_url":"https:\/\/noticiasdestaque.com.br","push-errors":false,"_links":{"self":[{"href":"https:\/\/noticiasdestaque.com.br\/index.php\/wp-json\/wp\/v2\/posts\/48495","targetHints":{"allow":["GET"]}}],"collection":[{"href":"https:\/\/noticiasdestaque.com.br\/index.php\/wp-json\/wp\/v2\/posts"}],"about":[{"href":"https:\/\/noticiasdestaque.com.br\/index.php\/wp-json\/wp\/v2\/types\/post"}],"author":[{"embeddable":true,"href":"https:\/\/noticiasdestaque.com.br\/index.php\/wp-json\/wp\/v2\/users\/1"}],"replies":[{"embeddable":true,"href":"https:\/\/noticiasdestaque.com.br\/index.php\/wp-json\/wp\/v2\/comments?post=48495"}],"version-history":[{"count":0,"href":"https:\/\/noticiasdestaque.com.br\/index.php\/wp-json\/wp\/v2\/posts\/48495\/revisions"}],"wp:featuredmedia":[{"embeddable":true,"href":"https:\/\/noticiasdestaque.com.br\/index.php\/wp-json\/wp\/v2\/media\/48496"}],"wp:attachment":[{"href":"https:\/\/noticiasdestaque.com.br\/index.php\/wp-json\/wp\/v2\/media?parent=48495"}],"wp:term":[{"taxonomy":"category","embeddable":true,"href":"https:\/\/noticiasdestaque.com.br\/index.php\/wp-json\/wp\/v2\/categories?post=48495"},{"taxonomy":"post_tag","embeddable":true,"href":"https:\/\/noticiasdestaque.com.br\/index.php\/wp-json\/wp\/v2\/tags?post=48495"}],"curies":[{"name":"wp","href":"https:\/\/api.w.org\/{rel}","templated":true}]}}