{"id":4848,"date":"2022-12-03T15:41:34","date_gmt":"2022-12-03T18:41:34","guid":{"rendered":"https:\/\/noticiasdestaque.com.br\/index.php\/2022\/12\/03\/cerca-de-da-populacao-estavam-em-situacao-de-pobreza-em\/"},"modified":"2022-12-03T15:41:34","modified_gmt":"2022-12-03T18:41:34","slug":"cerca-de-da-populacao-estavam-em-situacao-de-pobreza-em","status":"publish","type":"post","link":"https:\/\/noticiasdestaque.com.br\/index.php\/2022\/12\/03\/cerca-de-da-populacao-estavam-em-situacao-de-pobreza-em\/","title":{"rendered":"Cerca de 30% da popula\u00e7\u00e3o estavam em situa\u00e7\u00e3o de pobreza em 2021"},"content":{"rendered":"<style> bloco.meta {font-style: italic; color: #666;font-weight: 600;font-size: .8em; \/* line-height: .3em; *\/}  text h2 { font-weight: 700 !important;  color: #062f46 !important;} text img { width: none; left: none;}<\/style>\n<\/p>\n<p>O Brasil bateu o recorde de pessoas em situa\u00e7\u00e3o de pobreza e de extrema pobreza em 2021. Ao todo, quase uma em cada tr\u00eas pessoas no pa\u00eds, o equivalente a 29,4% da popula\u00e7\u00e3o, estava em situa\u00e7\u00e3o de pobreza at\u00e9 pelo menos o ano passado e quase uma a cada dez pessoas, 8,4% estava na pobreza extrema.<\/p>\n<p>Os dados fazem parte da pesquisa S\u00edntese de Indicadores Sociais (SIS): uma an\u00e1lise das condi\u00e7\u00f5es de vida da popula\u00e7\u00e3o brasileira 2022, divulgada hoje (2), pelo Instituto Brasileiro de Geografia e Estat\u00edstica (IBGE), no Rio de Janeiro.<\/p>\n<p>Segundo a publica\u00e7\u00e3o, o pa\u00eds tinha, at\u00e9 o ano passado, 62,5 milh\u00f5es de pessoas em situa\u00e7\u00e3o de pobreza, ou seja, com uma renda di\u00e1ria de menos de US$ 5,5 d\u00f3lares por dia, e 17,9 milh\u00f5es em situa\u00e7\u00e3o de extrema pobreza, com renda di\u00e1ria de menos US$ 1,90 por dia, segundo os crit\u00e9rios do Banco Mundial. Tanto os n\u00fameros absolutos quanto as porcentagens s\u00e3o as maiores desde o in\u00edcio da s\u00e9rie hist\u00f3rica, em 2012.<\/p>\n<p>N\u00e3o apenas os n\u00fameros s\u00e3o recordes como o aumento entre 2020 e 2021, em meio a pandemia de covid-19, tamb\u00e9m \u00e9. Nesse per\u00edodo, o contingente abaixo da linha de pobreza cresceu 22,7%, o que significa mais 11,6 milh\u00f5es de pessoas nessa situa\u00e7\u00e3o, e o das pessoas na extrema pobreza aumentou 48,2%, ou mais 5,8 milh\u00f5es.<\/p>\n<p>As crian\u00e7as e adolescentes com menos de 14 anos s\u00e3o as maiores v\u00edtimas da pobreza. At\u00e9 o ano passado, 46,2% dessa popula\u00e7\u00e3o estava abaixo da linha da pobreza, o maior percentual da s\u00e9rie, iniciada em 2012.<\/p>\n<h2>Desigualdade<\/h2>\n<p>A pobreza n\u00e3o atinge igualmente a todos os grupos sociais. A publica\u00e7\u00e3o mostra que a propor\u00e7\u00e3o de pretos e pardos, conforme a defini\u00e7\u00e3o do IBGE, abaixo da linha de pobreza (37,7%), \u00e9 praticamente o dobro da propor\u00e7\u00e3o de brancos (18,6%). Considerando as regi\u00f5es do pa\u00eds, o Nordeste (48,7%) e o Norte (44,9%) tinham as maiores propor\u00e7\u00f5es de pessoas pobres na sua popula\u00e7\u00e3o.<\/p>\n<p>Em 2021, o <a href=\"http:\/\/agenciabrasil.ebc.com.br\/economia\/noticia\/2022-06\/rendimento-dos-brasileiros-e-o-menor-desde-2012-aponta-ibge\">rendimento domiciliar<\/a> por pessoa caiu para R$ 1.353, o menor n\u00edvel desde 2012. e o \u00cdndice de Gini voltou a crescer e chegou a 0,544, segundo maior patamar da s\u00e9rie.<\/p>\n<p>O \u00cdndice de Gini \u00e9 um instrumento para medir o grau de concentra\u00e7\u00e3o de renda, apontando a diferen\u00e7a entre os rendimentos dos mais pobres e dos mais ricos. O \u00edndice varia de zero a um, sendo que zero representa a situa\u00e7\u00e3o de igualdade, ou seja, todos t\u00eam a mesma renda. J\u00e1 o um significa o extremo da desigualdade, ou seja, uma s\u00f3 pessoa det\u00e9m toda a riqueza.<\/p>\n<p>Os 10% da popula\u00e7\u00e3o com os menores rendimentos tiveram a maior redu\u00e7\u00e3o, perdendo em torno de um ter\u00e7o do rendimento entre 2020 e 2021. O mesmo grupo teve o dobro de perdas das demais classes de rendimento entre 2019 e 2021. No extremo oposto, os 10% mais ricos perderam, entre 2019 e 2021, 11,2% dos rendimentos e, entre 2020 e 2021, 4,5%.<\/p>\n<h2>Inseguran\u00e7a alimentar<\/h2>\n<p>A pesquisa SIS mostra, ainda, que aumentou a inseguran\u00e7a alimentar no pa\u00eds. Isso acontece quando as pessoas n\u00e3o t\u00eam acesso regular e permanente a alimentos em quantidade e qualidade suficiente para sua sobreviv\u00eancia.<\/p>\n<p>O percentual de domic\u00edlios do pa\u00eds em situa\u00e7\u00e3o de seguran\u00e7a alimentar caiu de 65,1%, em 2004, para 63,3% em 2018 e para 41,3% em 2021. Segundo a publica\u00e7\u00e3o, como o principal acesso a alimentos \u00e9 realizado via mercado, a evolu\u00e7\u00e3o da renda m\u00e9dia e das condi\u00e7\u00f5es do mercado de trabalho s\u00e3o fatores determinantes para a determina\u00e7\u00e3o do n\u00edvel de seguran\u00e7a alimentar, dado que o ato de se alimentar depende, essencialmente, do poder aquisitivo da pessoa.<\/p>\n<p>Segundo a SIS, a desvaloriza\u00e7\u00e3o do real, a infla\u00e7\u00e3o, o aumento do trabalho informal s\u00e3o tamb\u00e9m fatores que impactaram na seguran\u00e7a alimentar da popula\u00e7\u00e3o durante a pandemia.<\/p>\n<p class=\"alt-font font-italic my-2 small text-info\">\n                                                Edi\u00e7\u00e3o:   Kleber Sampaio                    <\/p>\n<p>            <!-- blog End --><\/p>\n<p>            <!-- tag and share --><\/p>\n<p> Fonte: EBC <\/p>\n<input type=\"hidden\" id=\"baseurl\" value=\"https:\/\/noticiasdestaque.com.br\"><input type=\"hidden\" id=\"audio_nonce\" value=\"62ca87eee3\">","protected":false},"excerpt":{"rendered":"<p>Contingente abaixo da linha de pobreza cresce 22,7%<\/p>\n","protected":false},"author":1,"featured_media":4849,"comment_status":"open","ping_status":"open","sticky":false,"template":"","format":"standard","meta":{"fifu_image_url":"","fifu_image_alt":"","footnotes":""},"categories":[48],"tags":[],"class_list":["post-4848","post","type-post","status-publish","format-standard","has-post-thumbnail","hentry","category-mundo"],"distributor_meta":false,"distributor_terms":false,"distributor_media":false,"distributor_original_site_name":"Portal de Recupera\u00e7\u00e3o","distributor_original_site_url":"https:\/\/portalderecuperacao.com","push-errors":false,"_links":{"self":[{"href":"https:\/\/noticiasdestaque.com.br\/index.php\/wp-json\/wp\/v2\/posts\/4848","targetHints":{"allow":["GET"]}}],"collection":[{"href":"https:\/\/noticiasdestaque.com.br\/index.php\/wp-json\/wp\/v2\/posts"}],"about":[{"href":"https:\/\/noticiasdestaque.com.br\/index.php\/wp-json\/wp\/v2\/types\/post"}],"author":[{"embeddable":true,"href":"https:\/\/noticiasdestaque.com.br\/index.php\/wp-json\/wp\/v2\/users\/1"}],"replies":[{"embeddable":true,"href":"https:\/\/noticiasdestaque.com.br\/index.php\/wp-json\/wp\/v2\/comments?post=4848"}],"version-history":[{"count":0,"href":"https:\/\/noticiasdestaque.com.br\/index.php\/wp-json\/wp\/v2\/posts\/4848\/revisions"}],"wp:featuredmedia":[{"embeddable":true,"href":"https:\/\/noticiasdestaque.com.br\/index.php\/wp-json\/wp\/v2\/media\/4849"}],"wp:attachment":[{"href":"https:\/\/noticiasdestaque.com.br\/index.php\/wp-json\/wp\/v2\/media?parent=4848"}],"wp:term":[{"taxonomy":"category","embeddable":true,"href":"https:\/\/noticiasdestaque.com.br\/index.php\/wp-json\/wp\/v2\/categories?post=4848"},{"taxonomy":"post_tag","embeddable":true,"href":"https:\/\/noticiasdestaque.com.br\/index.php\/wp-json\/wp\/v2\/tags?post=4848"}],"curies":[{"name":"wp","href":"https:\/\/api.w.org\/{rel}","templated":true}]}}