{"id":48474,"date":"2025-12-20T04:50:00","date_gmt":"2025-12-20T07:50:00","guid":{"rendered":"https:\/\/noticiasdestaque.com.br\/index.php\/2025\/12\/20\/anm-ibama-e-icmbio-alinham-processos-regulatorios-no-setor-mineral\/"},"modified":"2025-12-20T04:50:00","modified_gmt":"2025-12-20T07:50:00","slug":"anm-ibama-e-icmbio-alinham-processos-regulatorios-no-setor-mineral","status":"publish","type":"post","link":"https:\/\/noticiasdestaque.com.br\/index.php\/2025\/12\/20\/anm-ibama-e-icmbio-alinham-processos-regulatorios-no-setor-mineral\/","title":{"rendered":"ANM, Ibama e ICMBio alinham processos regulat\u00f3rios no setor mineral"},"content":{"rendered":"<p>A <strong>Ag\u00eancia Nacional de Minera\u00e7\u00e3o (ANM)<\/strong> participou, dia 17 de dezembro, da oficina promovida pelo Instituto Brasileiro do Meio Ambiente e dos Recursos Naturais Renov\u00e1veis (Ibama) voltada ao alinhamento de procedimentos no licenciamento ambiental da minera\u00e7\u00e3o. A a\u00e7\u00e3o fortalece a integra\u00e7\u00e3o entre os \u00f3rg\u00e3os federais e promove maior clareza nos processos regulat\u00f3rios do setor mineral, al\u00e9m de integrar o <strong>Acordo de Coopera\u00e7\u00e3o T\u00e9cnica (n\u00ba 11\/2024)<\/strong> firmado entre ANM, <strong>Ibama e Instituto Chico Mendes de Conserva\u00e7\u00e3o da Biodiversidade (ICMBio)<\/strong>. A mesa de abertura contou com F\u00e1bio Perlatti, gerente de Fechamento de Mina da ANM; Liceros Reis, diretor substituto de Licenciamento Ambiental do Ibama; Edmilson Comparini Maturana, coordenador-geral de <strong>Licenciamento Ambiental do Ibama<\/strong>; e Eduardo Farah, coordenador de Manifesta\u00e7\u00e3o para Licenciamento Ambiental do <strong>ICMBio<\/strong>. Durante a oficina, temas como a <strong>Pol\u00edtica Nacional do Meio Ambiente (Lei n\u00ba 6.938\/1981)<\/strong>, recupera\u00e7\u00e3o de \u00e1reas degradadas, ritos do licenciamento e avalia\u00e7\u00e3o de impacto ambiental estiveram em pauta. Tamb\u00e9m houve debate sobre fechamento de mina, atribui\u00e7\u00e3o da ANM, e a recupera\u00e7\u00e3o ambiental, compet\u00eancia do Ibama, destacando a necessidade de atua\u00e7\u00e3o articulada entre os \u00f3rg\u00e3os.<\/p>\n<p>O Brasil \u00e9 um dos principais produtores de min\u00e9rio do mundo, e o licenciamento ambiental \u00e9 considerado um dos pontos mais sens\u00edveis para o setor. \u201cA import\u00e2ncia desse encontro \u00e9 colocar os tr\u00eas \u00f3rg\u00e3os na mesma p\u00e1gina. Se temos essa articula\u00e7\u00e3o, fica muito mais f\u00e1cil trabalhar os gargalos\u201d, afirmou F\u00e1bio Perlatti. A iniciativa \u00e9 um passo decisivo para harmonizar procedimentos.<\/p>\n<p>Perlatti destacou que a primeira fase do acordo, com oficinas e trocas de experi\u00eancias, pode resultar em normativas conjuntas, inclusive em n\u00edvel nacional: \u201cIsso pode chegar at\u00e9 uma resolu\u00e7\u00e3o do Conama, criando diretrizes para \u00f3rg\u00e3os ambientais estaduais, j\u00e1 que 90% do licenciamento ocorre nos estados\u201d, explicou. Para Liceros Reis, do Ibama, a aproxima\u00e7\u00e3o trar\u00e1 ganhos de efici\u00eancia sem comprometer a qualidade ambiental: \u201cEssa iniciativa busca proximidade com o setor regulador, trazendo celeridade, seguran\u00e7a jur\u00eddica e t\u00e9cnica\u201d. Ele ressaltou a import\u00e2ncia de compreender melhor o processo miner\u00e1rio para decis\u00f5es mais integradas, inclusive sobre seguran\u00e7a de barragens. J\u00e1 Eduardo Farah, do ICMBio, abordou o desafio de compatibilizar minera\u00e7\u00e3o e conserva\u00e7\u00e3o. \u201cEsse acordo fortalece a\u00e7\u00f5es do governo federal voltadas \u00e0 prote\u00e7\u00e3o ambiental, contemplando fechamento de minas, regulariza\u00e7\u00e3o de t\u00edtulos e preven\u00e7\u00e3o de atividades irregulares\u201d, afirmou. A coopera\u00e7\u00e3o t\u00e9cnica entre <strong>ANM<\/strong>, <strong>Ibama <\/strong>e <strong>ICMBio <\/strong>vai resultar em maior uniformidade nas manifesta\u00e7\u00f5es t\u00e9cnicas e respeito \u00e0s compet\u00eancias institucionais. A expectativa \u00e9 que a integra\u00e7\u00e3o promova processos mais \u00e1geis, seguros e alinhados \u00e0s diretrizes governamentais, consolidando um posicionamento federal consistente sobre minera\u00e7\u00e3o e meio ambiente.<\/p>\n<p>\t\t\t\t\t\t\t\t\t\t<img loading=\"lazy\" decoding=\"async\" src=\"https:\/\/brasil61.com\/api\/v1\/serve_pixel\/17677\/86615\" alt=\"Pixel Brasil 61\" class=\"b61_pixel\" width=\"0\" height=\"0\"><\/p>\n<input type=\"hidden\" id=\"baseurl\" value=\"https:\/\/noticiasdestaque.com.br\"><input type=\"hidden\" id=\"audio_nonce\" value=\"6a24ca502e\">","protected":false},"excerpt":{"rendered":"<p>A coopera\u00e7\u00e3o t\u00e9cnica entre ANM, Ibama e ICMBio vai resultar em maior uniformidade nas manifesta\u00e7\u00f5es t\u00e9cnicas e respeito \u00e0s compet\u00eancias institucionais.<\/p>\n","protected":false},"author":1,"featured_media":48475,"comment_status":"open","ping_status":"open","sticky":false,"template":"","format":"standard","meta":{"fifu_image_url":"","fifu_image_alt":"","footnotes":""},"categories":[59],"tags":[],"class_list":["post-48474","post","type-post","status-publish","format-standard","has-post-thumbnail","hentry","category-economia"],"distributor_meta":false,"distributor_terms":false,"distributor_media":false,"distributor_original_site_name":"Noticias em Destaque","distributor_original_site_url":"https:\/\/noticiasdestaque.com.br","push-errors":false,"_links":{"self":[{"href":"https:\/\/noticiasdestaque.com.br\/index.php\/wp-json\/wp\/v2\/posts\/48474","targetHints":{"allow":["GET"]}}],"collection":[{"href":"https:\/\/noticiasdestaque.com.br\/index.php\/wp-json\/wp\/v2\/posts"}],"about":[{"href":"https:\/\/noticiasdestaque.com.br\/index.php\/wp-json\/wp\/v2\/types\/post"}],"author":[{"embeddable":true,"href":"https:\/\/noticiasdestaque.com.br\/index.php\/wp-json\/wp\/v2\/users\/1"}],"replies":[{"embeddable":true,"href":"https:\/\/noticiasdestaque.com.br\/index.php\/wp-json\/wp\/v2\/comments?post=48474"}],"version-history":[{"count":0,"href":"https:\/\/noticiasdestaque.com.br\/index.php\/wp-json\/wp\/v2\/posts\/48474\/revisions"}],"wp:featuredmedia":[{"embeddable":true,"href":"https:\/\/noticiasdestaque.com.br\/index.php\/wp-json\/wp\/v2\/media\/48475"}],"wp:attachment":[{"href":"https:\/\/noticiasdestaque.com.br\/index.php\/wp-json\/wp\/v2\/media?parent=48474"}],"wp:term":[{"taxonomy":"category","embeddable":true,"href":"https:\/\/noticiasdestaque.com.br\/index.php\/wp-json\/wp\/v2\/categories?post=48474"},{"taxonomy":"post_tag","embeddable":true,"href":"https:\/\/noticiasdestaque.com.br\/index.php\/wp-json\/wp\/v2\/tags?post=48474"}],"curies":[{"name":"wp","href":"https:\/\/api.w.org\/{rel}","templated":true}]}}