{"id":48472,"date":"2025-12-20T04:00:00","date_gmt":"2025-12-20T07:00:00","guid":{"rendered":"https:\/\/noticiasdestaque.com.br\/index.php\/2025\/12\/20\/orcamento-2026-congresso-nacional-aprova-r-65-tri-em-despesas\/"},"modified":"2025-12-20T04:00:00","modified_gmt":"2025-12-20T07:00:00","slug":"orcamento-2026-congresso-nacional-aprova-r-65-tri-em-despesas","status":"publish","type":"post","link":"https:\/\/noticiasdestaque.com.br\/index.php\/2025\/12\/20\/orcamento-2026-congresso-nacional-aprova-r-65-tri-em-despesas\/","title":{"rendered":"Or\u00e7amento 2026: Congresso Nacional aprova R$ 6,5 tri em despesas"},"content":{"rendered":"<p>\t\t\t\t\t\t\t\t\t\t\t<audio controls class=\"b61_audio_player\" data-noticia=\"86614\" src=\"https:\/\/brasil61.com\/rails\/active_storage\/blobs\/eyJfcmFpbHMiOnsibWVzc2FnZSI6IkJBaHBBOEhaQXc9PSIsImV4cCI6bnVsbCwicHVyIjoiYmxvYl9pZCJ9fQ==--89e89aa5460a1f929f2e4a8ca39ca2be60be08fe\/BRAS2515386A\"><\/audio><\/p>\n<p>O <strong>Congresso Nacional aprovou, nesta sexta-feira (19), o Projeto de Lei Or\u00e7ament\u00e1ria Anual de 2026<\/strong> (<a href=\"https:\/\/www.congressonacional.leg.br\/web\/orcamento\/acompanhe\/orcamento-anual\/-\/loa\/2026\" target=\"_blank\">PLN 15\/2025<\/a>). O texto, de relatoria do deputado Isnaldo Bulh\u00f5es (MDB-AL), segue agora para san\u00e7\u00e3o presidencial. A proposta estima um <strong>or\u00e7amento total de R$ 6,5 trilh\u00f5es<\/strong>, sendo <strong>R$ 1,8 trilh\u00e3o referente ao refinanciamento da d\u00edvida p\u00fablica federal<\/strong>.\u00a0<\/p>\n<p>Desconsiderando esse valor, o or\u00e7amento efetivo soma R$ 4,7 trilh\u00f5es, sendo R$ 3,27 trilh\u00f5es provenientes de receitas correntes e R$ 1,23 bilh\u00f5es de receitas de capital. Do total, <strong>R$ 197,9 bilh\u00f5es poder\u00e3o ser aplicados em investimentos <\/strong>e <strong>R$ 4,5 trilh\u00f5es nos or\u00e7amentos fiscal e da seguridade social<\/strong>.<\/p>\n<p>Para 2026, a<strong> meta fiscal estabelecida \u00e9 de um super\u00e1vit prim\u00e1rio de R$ 34,3 bilh\u00f5es<\/strong>, mas ser\u00e1 considerada cumprida caso o resultado seja de d\u00e9ficit zero.\u00a0<\/p>\n<p>O texto tamb\u00e9m prev\u00ea uma despesa extra de cerca de <strong>R$ 5 bilh\u00f5es com o fundo eleitoral<\/strong>. J\u00e1 o <strong>sal\u00e1rio m\u00ednimo foi confirmado em R$ 1.621<\/strong>, valor R$ 10 inferior ao previsto na proposta original enviada pelo governo.<\/p>\n<h2>Principais despesas do Or\u00e7amento de 2026<\/h2>\n<p>Sem considerar o or\u00e7amento das estatais, as principais despesas do Or\u00e7amento de 2026 s\u00e3o:<\/p>\n<ul>\n<li><strong>Pessoal e encargos sociais: <\/strong>R$ 489,5 bilh\u00f5es<\/li>\n<li><strong>Juros e encargos da d\u00edvida:<\/strong> R$ 643,9 bilh\u00f5es<\/li>\n<li><strong>Outras despesas correntes:<\/strong> R$ 2,6 trilh\u00f5es<\/li>\n<li><strong>Investimentos:<\/strong> R$ 79,7 bilh\u00f5es<\/li>\n<li><strong>Invers\u00f5es financeiras:<\/strong> R$ 229,1 bilh\u00f5es<\/li>\n<li><strong>Amortiza\u00e7\u00e3o da d\u00edvida:<\/strong> R$ 2,2 trilh\u00f5es<\/li>\n<li><strong>Reserva de conting\u00eancia: <\/strong>R$ 36,5 bilh\u00f5es<\/li>\n<\/ul>\n<p>As despesas com pessoal ter\u00e3o aumento de R$ 11,4 bilh\u00f5es em 2026, em compara\u00e7\u00e3o com 2025. Desse total, R$ 7,1 bilh\u00f5es referem-se a reajustes remunerat\u00f3rios e concess\u00e3o de vantagens, enquanto R$ 4,3 bilh\u00f5es destinam-se ao provimento de 47.871 cargos, fun\u00e7\u00f5es e gratifica\u00e7\u00f5es.<\/p>\n<h2>Emendas parlamentares<\/h2>\n<p>O relat\u00f3rio do Or\u00e7amento de 2026 prev\u00ea cerca de <strong>R$ 61 bilh\u00f5es em emendas parlamentares<\/strong>. Desse total, aproximadamente R$ 37,8 bilh\u00f5es correspondem a emendas impositivas, de execu\u00e7\u00e3o obrigat\u00f3ria. As emendas individuais, apresentadas por deputados e senadores, somam R$ 26,6 bilh\u00f5es, enquanto as emendas de bancada estadual totalizam R$ 11,2 bilh\u00f5es. J\u00e1 as emendas de comiss\u00e3o, que n\u00e3o t\u00eam execu\u00e7\u00e3o obrigat\u00f3ria, somam R$ 12,1 bilh\u00f5es.<\/p>\n<p>Al\u00e9m disso, o parecer reserva outros <strong>R$ 11,1 bilh\u00f5es em parcelas adicionais<\/strong>, destinadas a despesas discricion\u00e1rias e a projetos selecionados no \u00e2mbito do Programa de Acelera\u00e7\u00e3o do Crescimento (PAC).<\/p>\n<p>Com a redistribui\u00e7\u00e3o dos recursos em rela\u00e7\u00e3o ao projeto original, alguns minist\u00e9rios tiveram refor\u00e7o or\u00e7ament\u00e1rio. O Minist\u00e9rio da Integra\u00e7\u00e3o e do Desenvolvimento Regional, por exemplo, passou de R$ 6,1 bilh\u00f5es na proposta original para R$ 12,7 bilh\u00f5es. J\u00e1 o Minist\u00e9rio da Previd\u00eancia Social sofreu uma redu\u00e7\u00e3o de R$ 6 bilh\u00f5es.<\/p>\n<p><strong>Confira o Or\u00e7amento 2026 por minist\u00e9rio:<\/strong><\/p>\n<ul>\n<li><strong>Agricultura e Pecu\u00e1ria: <\/strong>R$ 12 bilh\u00f5es<\/li>\n<li><strong>Sa\u00fade:<\/strong> R$ 271,3 bilh\u00f5es<\/li>\n<li><strong>Desenvolvimento Agr\u00e1rio:<\/strong> R$ 6,3 bilh\u00f5es<\/li>\n<li><strong>Esporte: <\/strong>R$ 2,4 bilh\u00f5es<\/li>\n<li><strong>Integra\u00e7\u00e3o e Desenvolvimento Regional:<\/strong> R$ 12,7 bilh\u00f5es<\/li>\n<li><strong>Turismo:<\/strong> R$ 3,2 bilh\u00f5es<\/li>\n<li><strong>Cidades:<\/strong> R$ 16,8 bilh\u00f5es<\/li>\n<li><strong>Previd\u00eancia Social:<\/strong> R$ 1,146 trilh\u00f5es<\/li>\n<\/ul>\n<p>O presidente da Comiss\u00e3o Mista de Or\u00e7amento (CMO), <strong>senador Efraim Filho <\/strong>(Uni\u00e3o-PB), ressaltou a import\u00e2ncia de o Projeto de Lei Or\u00e7ament\u00e1ria Anual (PLOA) ter sido aprovado antes do encerramento do ano legislativo, ao contr\u00e1rio do Or\u00e7amento de 2025, cuja vota\u00e7\u00e3o s\u00f3 ocorreu em abril.<\/p>\n<p>Segundo o senador, a aprova\u00e7\u00e3o antecipada refor\u00e7a a previsibilidade e a confian\u00e7a na condu\u00e7\u00e3o das contas p\u00fablicas.\u00a0\u201cO Congresso hoje faz a sua parte e entrega um <strong>or\u00e7amento com transpar\u00eancia, rastreabilidade e previsibilidade<\/strong>. N\u00e3o inibe investimentos, atrai quem quer olhar para o Brasil com um cen\u00e1rio de equil\u00edbrio e evita o aumento da infla\u00e7\u00e3o e dos juros\u201d, enfatizou.<\/p>\n<h2>Cr\u00e9ditos adicionais no Or\u00e7amento de 2025<\/h2>\n<p>Na mesma sess\u00e3o conjunta, deputados e senadores aprovaram 19 projetos de abertura de cr\u00e9ditos no <strong>Or\u00e7amento de 2025<\/strong>, que somam quase <strong>R$ 30 bilh\u00f5es<\/strong>. O maior deles (<a href=\"https:\/\/www.congressonacional.leg.br\/materias\/pesquisa\/-\/materia\/170920\" target=\"_blank\">PLN 26\/25<\/a>), no valor de R$ 14,4 bilh\u00f5es, autoriza pagamentos a diversos minist\u00e9rios e unidades or\u00e7ament\u00e1rias da Uni\u00e3o.<\/p>\n<p>Outro destaque \u00e9 o <a href=\"https:\/\/www.congressonacional.leg.br\/materias\/pesquisa\/-\/materia\/169311\" target=\"_blank\">PLN 6\/25<\/a>, que abre cr\u00e9dito suplementar de R$ 8,8 bilh\u00f5es, principalmente para a constitui\u00e7\u00e3o do Fundo de Compensa\u00e7\u00e3o de Benef\u00edcios Fiscais, previsto na reforma tribut\u00e1ria. O fundo tem como objetivo compensar perdas de arrecada\u00e7\u00e3o dos estados decorrentes da extin\u00e7\u00e3o gradual de benef\u00edcios fiscais.<\/p>\n<p>A rela\u00e7\u00e3o completa dos projetos de abertura de cr\u00e9dito pode ser consultada na <a href=\"https:\/\/www.camara.leg.br\/noticias\/1235223-congresso-aprova-projetos-que-abrem-credito-de-r-30-bilhoes-para-o-orcamento-de-2025\/\" target=\"_blank\">p\u00e1gina da Ag\u00eancia C\u00e2mara de Not\u00edcias<\/a>.<\/p>\n<p><strong>VEJA MAIS:<\/strong><\/p>\n<ul>\n<li><a href=\"https:\/\/brasil61.com\/n\/camara-aprova-segundo-projeto-de-regulamentacao-da-reforma-tributaria-bras2515355\" target=\"_blank\">C\u00e2mara aprova segundo projeto de regulamenta\u00e7\u00e3o da Reforma Tribut\u00e1ria<\/a><\/li>\n<li><a href=\"https:\/\/brasil61.com\/n\/camara-aprova-pacote-de-taxacao-para-garantir-r-20-bilhoes-de-reais-para-o-orcamento-de-2026-bras2515360\" target=\"_blank\">C\u00e2mara aprova pacote de taxa\u00e7\u00e3o para garantir R$ 20 bilh\u00f5es de reais para o Or\u00e7amento de 2026<\/a><\/li>\n<li><a href=\"https:\/\/brasil61.com\/n\/imovel-rural-confira-principais-pontos-do-projeto-que-trata-da-regularizacao-em-faixa-de-fronteira-texto-aguarda-sancao-presidencial-bras2515329\" target=\"_blank\">Im\u00f3vel Rural: confira principais pontos do projeto que trata da regulariza\u00e7\u00e3o em faixa de fronteira; texto aguarda san\u00e7\u00e3o presidencial<\/a><\/li>\n<\/ul>\n<p>\t\t\t\t\t\t\t\t\t\t<img loading=\"lazy\" decoding=\"async\" src=\"https:\/\/brasil61.com\/api\/v1\/serve_pixel\/17677\/86614\" alt=\"Pixel Brasil 61\" class=\"b61_pixel\" width=\"0\" height=\"0\"><\/p>\n<input type=\"hidden\" id=\"baseurl\" value=\"https:\/\/noticiasdestaque.com.br\"><input type=\"hidden\" id=\"audio_nonce\" value=\"6a24ca502e\">","protected":false},"excerpt":{"rendered":"<p>Texto prev\u00ea sal\u00e1rio m\u00ednimo em R$ 1.621, reserva R$ 5 bilh\u00f5es para o fundo eleitoral e fixa meta de super\u00e1vit prim\u00e1rio<\/p>\n","protected":false},"author":1,"featured_media":48473,"comment_status":"open","ping_status":"open","sticky":false,"template":"","format":"standard","meta":{"fifu_image_url":"","fifu_image_alt":"","footnotes":""},"categories":[50],"tags":[],"class_list":["post-48472","post","type-post","status-publish","format-standard","has-post-thumbnail","hentry","category-politica"],"distributor_meta":false,"distributor_terms":false,"distributor_media":false,"distributor_original_site_name":"Noticias em Destaque","distributor_original_site_url":"https:\/\/noticiasdestaque.com.br","push-errors":false,"_links":{"self":[{"href":"https:\/\/noticiasdestaque.com.br\/index.php\/wp-json\/wp\/v2\/posts\/48472","targetHints":{"allow":["GET"]}}],"collection":[{"href":"https:\/\/noticiasdestaque.com.br\/index.php\/wp-json\/wp\/v2\/posts"}],"about":[{"href":"https:\/\/noticiasdestaque.com.br\/index.php\/wp-json\/wp\/v2\/types\/post"}],"author":[{"embeddable":true,"href":"https:\/\/noticiasdestaque.com.br\/index.php\/wp-json\/wp\/v2\/users\/1"}],"replies":[{"embeddable":true,"href":"https:\/\/noticiasdestaque.com.br\/index.php\/wp-json\/wp\/v2\/comments?post=48472"}],"version-history":[{"count":0,"href":"https:\/\/noticiasdestaque.com.br\/index.php\/wp-json\/wp\/v2\/posts\/48472\/revisions"}],"wp:featuredmedia":[{"embeddable":true,"href":"https:\/\/noticiasdestaque.com.br\/index.php\/wp-json\/wp\/v2\/media\/48473"}],"wp:attachment":[{"href":"https:\/\/noticiasdestaque.com.br\/index.php\/wp-json\/wp\/v2\/media?parent=48472"}],"wp:term":[{"taxonomy":"category","embeddable":true,"href":"https:\/\/noticiasdestaque.com.br\/index.php\/wp-json\/wp\/v2\/categories?post=48472"},{"taxonomy":"post_tag","embeddable":true,"href":"https:\/\/noticiasdestaque.com.br\/index.php\/wp-json\/wp\/v2\/tags?post=48472"}],"curies":[{"name":"wp","href":"https:\/\/api.w.org\/{rel}","templated":true}]}}