{"id":48470,"date":"2025-12-20T04:10:00","date_gmt":"2025-12-20T07:10:00","guid":{"rendered":"https:\/\/noticiasdestaque.com.br\/index.php\/2025\/12\/20\/oms-entrega-ao-brasil-certificado-de-eliminacao-da-transmissao-vertical-do-hiv-como-problema-de-saude-publica\/"},"modified":"2025-12-20T04:10:00","modified_gmt":"2025-12-20T07:10:00","slug":"oms-entrega-ao-brasil-certificado-de-eliminacao-da-transmissao-vertical-do-hiv-como-problema-de-saude-publica","status":"publish","type":"post","link":"https:\/\/noticiasdestaque.com.br\/index.php\/2025\/12\/20\/oms-entrega-ao-brasil-certificado-de-eliminacao-da-transmissao-vertical-do-hiv-como-problema-de-saude-publica\/","title":{"rendered":"OMS entrega ao Brasil certificado de elimina\u00e7\u00e3o da transmiss\u00e3o vertical do HIV como problema de sa\u00fade p\u00fablica"},"content":{"rendered":"<p>\t\t\t\t\t\t\t\t\t\t\t<audio controls class=\"b61_audio_player\" data-noticia=\"86611\" src=\"https:\/\/brasil61.com\/rails\/active_storage\/blobs\/eyJfcmFpbHMiOnsibWVzc2FnZSI6IkJBaHBBNmZaQXc9PSIsImV4cCI6bnVsbCwicHVyIjoiYmxvYl9pZCJ9fQ==--92c4d15a1ef2d27952607ceaa2897bf70d0eabdb\/BRAS2515384A\"><\/audio><\/p>\n<p>Nesta quinta-feira (18), o Brasil recebeu da Organiza\u00e7\u00e3o Pan-Americana da Sa\u00fade\/Organiza\u00e7\u00e3o Mundial da Sa\u00fade (OPAS\/OMS), o certificado de elimina\u00e7\u00e3o da transmiss\u00e3o vertical do HIV\u00a0 \u2013 que ocorre da m\u00e3e para o beb\u00ea\u00a0 \u2013 como problema de sa\u00fade p\u00fablica. O reconhecimento foi entregue ao presidente Luiz In\u00e1cio Lula da Silva e ao ministro da Sa\u00fade, Alexandre Padilha, consolidando o pa\u00eds como o <b>\u00fanico pa\u00eds continental do mundo<\/b> a alcan\u00e7ar esse marco hist\u00f3rico. A certifica\u00e7\u00e3o \u00e9 resultado do fortalecimento do Sistema \u00danico de Sa\u00fade (SUS), do acesso gratuito e universal \u00e0s terapias antirretrovirais e da amplia\u00e7\u00e3o de estrat\u00e9gias modernas, seguras e eficazes de preven\u00e7\u00e3o.<\/p>\n<p>\u201cO sistema de sa\u00fade foi, muitas vezes, t\u00e3o maltratado e t\u00e3o mal reconhecido, mas acabou criando uma for\u00e7a entre a popula\u00e7\u00e3o e os especialistas como poucas vezes vimos. Hoje, o SUS \u00e9 motivo de orgulho para o Brasil e para o mundo, porque somos o \u00fanico pa\u00eds com mais de 100 milh\u00f5es de habitantes a contar com um sistema de sa\u00fade que se fortalece a cada dia. Estamos, cada vez mais, alcan\u00e7ando o compromisso assumido pelos constituintes quando o sistema foi criado: garantir que o povo mais humilde, as pessoas mais pobres e mais necessitadas, tenham o mesmo tratamento de sa\u00fade que a pessoa mais rica da cidade\u201d, declarou o presidente, Luiz In\u00e1cio Lula da Silva.<\/p>\n<p>Para atender aos crit\u00e9rios da OMS, o <b>Brasil manteve a taxa de transmiss\u00e3o vertical abaixo de 2% e a incid\u00eancia de HIV em crian\u00e7as inferior a 0,5 caso por mil nascidos vivos<\/b>, al\u00e9m de alcan\u00e7ar mais de 95% de cobertura em pr\u00e9-natal, testagem e tratamento de gestantes vivendo com HIV.<\/p>\n<p>Segundo o ministro da Sa\u00fade, Alexandre Padilha, quatro d\u00e9cadas ap\u00f3s o primeiro registro de aids no pa\u00eds, o Brasil celebra um avan\u00e7o hist\u00f3rico. \u201cSomos o maior pa\u00eds do mundo a eliminar a transmiss\u00e3o vertical do HIV. Essa conquista reflete uma constru\u00e7\u00e3o coletiva que garantiu acesso gratuito ao tratamento e acompanhamento integral \u00e0s pessoas que vivem com o v\u00edrus\u201d, destacou.<\/p>\n<p><b>Entre 2023 e 2024, o pa\u00eds registrou <\/b>queda de 13% nos \u00f3bitos por aids<b>, alcan\u00e7ando a menor taxa em mais de tr\u00eas d\u00e9cadas.<\/b> O resultado \u00e9 atribu\u00eddo \u00e0 amplia\u00e7\u00e3o da testagem, ao in\u00edcio precoce do tratamento e \u00e0s estrat\u00e9gias de preven\u00e7\u00e3o combinada, como PrEP, PEP, testes r\u00e1pidos e autotestes.<\/p>\n<p>Para o diretor da OPAS\/OMS, Jarbas Barbosa, o reconhecimento coloca o Brasil novamente na vanguarda global. \u201c\u00c9 uma conquista imensa para o pa\u00eds e para a regi\u00e3o das Am\u00e9ricas, fruto do trabalho dos estados e munic\u00edpios, da lideran\u00e7a do Minist\u00e9rio da Sa\u00fade e da fortaleza do SUS\u201d, afirmou.<\/p>\n<p><b>A elimina\u00e7\u00e3o da transmiss\u00e3o vertical do HIV integra as metas do Programa Brasil Saud\u00e1vel<\/b> e refor\u00e7a o compromisso do pa\u00eds com os direitos humanos, a equidade no acesso \u00e0 sa\u00fade e os Objetivos de Desenvolvimento Sustent\u00e1vel (ODS), alinhados \u00e0 Agenda 2030 da ONU.<\/p>\n<p>\t\t\t\t\t\t\t\t\t\t<img loading=\"lazy\" decoding=\"async\" src=\"https:\/\/brasil61.com\/api\/v1\/serve_pixel\/17677\/86611\" alt=\"Pixel Brasil 61\" class=\"b61_pixel\" width=\"0\" height=\"0\"><\/p>\n<input type=\"hidden\" id=\"baseurl\" value=\"https:\/\/noticiasdestaque.com.br\"><input type=\"hidden\" id=\"audio_nonce\" value=\"6a24ca502e\">","protected":false},"excerpt":{"rendered":"<p>Entre 2023 e 2024, o pa\u00eds registrou queda de 13% nos \u00f3bitos por aids, alcan\u00e7ando a menor taxa em mais de tr\u00eas d\u00e9cadas<\/p>\n","protected":false},"author":1,"featured_media":48471,"comment_status":"open","ping_status":"open","sticky":false,"template":"","format":"standard","meta":{"fifu_image_url":"","fifu_image_alt":"","footnotes":""},"categories":[51],"tags":[],"class_list":["post-48470","post","type-post","status-publish","format-standard","has-post-thumbnail","hentry","category-saude"],"distributor_meta":false,"distributor_terms":false,"distributor_media":false,"distributor_original_site_name":"Noticias em Destaque","distributor_original_site_url":"https:\/\/noticiasdestaque.com.br","push-errors":false,"_links":{"self":[{"href":"https:\/\/noticiasdestaque.com.br\/index.php\/wp-json\/wp\/v2\/posts\/48470","targetHints":{"allow":["GET"]}}],"collection":[{"href":"https:\/\/noticiasdestaque.com.br\/index.php\/wp-json\/wp\/v2\/posts"}],"about":[{"href":"https:\/\/noticiasdestaque.com.br\/index.php\/wp-json\/wp\/v2\/types\/post"}],"author":[{"embeddable":true,"href":"https:\/\/noticiasdestaque.com.br\/index.php\/wp-json\/wp\/v2\/users\/1"}],"replies":[{"embeddable":true,"href":"https:\/\/noticiasdestaque.com.br\/index.php\/wp-json\/wp\/v2\/comments?post=48470"}],"version-history":[{"count":0,"href":"https:\/\/noticiasdestaque.com.br\/index.php\/wp-json\/wp\/v2\/posts\/48470\/revisions"}],"wp:featuredmedia":[{"embeddable":true,"href":"https:\/\/noticiasdestaque.com.br\/index.php\/wp-json\/wp\/v2\/media\/48471"}],"wp:attachment":[{"href":"https:\/\/noticiasdestaque.com.br\/index.php\/wp-json\/wp\/v2\/media?parent=48470"}],"wp:term":[{"taxonomy":"category","embeddable":true,"href":"https:\/\/noticiasdestaque.com.br\/index.php\/wp-json\/wp\/v2\/categories?post=48470"},{"taxonomy":"post_tag","embeddable":true,"href":"https:\/\/noticiasdestaque.com.br\/index.php\/wp-json\/wp\/v2\/tags?post=48470"}],"curies":[{"name":"wp","href":"https:\/\/api.w.org\/{rel}","templated":true}]}}