{"id":48462,"date":"2025-12-19T04:55:00","date_gmt":"2025-12-19T07:55:00","guid":{"rendered":"https:\/\/noticiasdestaque.com.br\/index.php\/2025\/12\/19\/retomada-de-projeto-no-amapa-deve-receber-us-200-milhoes\/"},"modified":"2025-12-19T04:55:00","modified_gmt":"2025-12-19T07:55:00","slug":"retomada-de-projeto-no-amapa-deve-receber-us-200-milhoes","status":"publish","type":"post","link":"https:\/\/noticiasdestaque.com.br\/index.php\/2025\/12\/19\/retomada-de-projeto-no-amapa-deve-receber-us-200-milhoes\/","title":{"rendered":"Retomada de projeto no Amap\u00e1 deve receber US$ 200 milh\u00f5es"},"content":{"rendered":"<p>O governador do Amap\u00e1, Cl\u00e9cio Lu\u00eds, anunciou que a atividade mineral ser\u00e1 retomada em uma mina de menor porte, localizada em Pedra Branca do Amapari, com capacidade inicial de produ\u00e7\u00e3o de 1 milh\u00e3o de toneladas. Em videoconfer\u00eancia com executivos e diretores da <strong>DEV Minera\u00e7\u00e3o<\/strong> no \u00faltimo dia 12 de dezembro, ficou acertado que inicialmente o Projeto Ferro Amap\u00e1 no Brasil ir\u00e1 englobar mina, ferrovia e porto e prev\u00ea novos investimentos para reativar a produ\u00e7\u00e3o de min\u00e9rio de ferro, paralisada desde 2019 ap\u00f3s um processo de recupera\u00e7\u00e3o judicial. A retomada marca o retorno da principal atividade econ\u00f4mica de Pedra Branca e dos empregos, com o compromisso de adotar t\u00e9cnicas sustent\u00e1veis na opera\u00e7\u00e3o e na produ\u00e7\u00e3o do min\u00e9rio. \u201cH\u00e1 seis anos estamos sem essa atividade mineral, que \u00e9 muito importante para o Amap\u00e1. Estamos criando as condi\u00e7\u00f5es para que o munic\u00edpio volte a se desenvolver, para que Pedra Branca retome a minera\u00e7\u00e3o e volte a ser um munic\u00edpio pujante, vibrante e feliz. Este \u00e9 um projeto grande, que vai se agigantar ainda mais nos pr\u00f3ximos cinco anos e que, sem d\u00favida, vai mudar a realidade do estado\u201d, destacou Cl\u00e9cio Lu\u00eds.<\/p>\n<p>Ser\u00e3o captados US$ 6 milh\u00f5es na Bolsa de Londres, o que ir\u00e1 garantir os recursos necess\u00e1rios para reiniciar as opera\u00e7\u00f5es da mina Azteca, de menor porte. Para a retomada completa do projeto e a produ\u00e7\u00e3o plena, o investimento previsto \u00e9 de US$ 200 milh\u00f5es, a longo prazo. Ainda assim, as duas metas &#8211; a reativa\u00e7\u00e3o inicial e o avan\u00e7o rumo \u00e0 opera\u00e7\u00e3o total &#8211; t\u00eam previs\u00e3o de in\u00edcio j\u00e1 em 2026.<\/p>\n<p>O munic\u00edpio de Pedra Branca j\u00e1 recebeu o primeiro repasse referente ao acordo de compensa\u00e7\u00f5es socioambientais firmado entre o <strong>Governo do Amap\u00e1<\/strong> e a <strong>DEV Minera\u00e7\u00e3o<\/strong>, com um pagamento inicial de R$ 5 milh\u00f5es. A transfer\u00eancia j\u00e1 foi autorizada ap\u00f3s homologa\u00e7\u00e3o judicial e integra um pacote financeiro que totaliza R$ 10 milh\u00f5es em benef\u00edcios diretos para a cidade, sede da planta de minera\u00e7\u00e3o e beneficiamento. \u201cPara n\u00f3s, essa contrapartida \u00e9 parte de um investimento que n\u00e3o est\u00e1 atrelado somente ao lucro, mas \u00e0 contribui\u00e7\u00e3o efetiva com a comunidade. Agradecemos ao governador e ao prefeito por permitirem construir esse acordo que, para n\u00f3s, n\u00e3o entra como despesa, mas como investimento social essencial ao projeto\u201d, afirmou Washington Pimentel, advogado dos investidores. O prefeito de Pedra Branca, Marcelo Pantoja, afirmou que a medida j\u00e1 trouxe al\u00edvio para a popula\u00e7\u00e3o, garantindo um Natal mais tranquilo e com alimento na mesa. \u201cE n\u00f3s tamb\u00e9m temos uma grande preocupa\u00e7\u00e3o n\u00e3o apenas em resolver o sal\u00e1rio de hoje, mas em garantir o emprego futuramente. Queremos dar ao munic\u00edpio essa dignidade, para que os trabalhadores tenham seu pr\u00f3prio sal\u00e1rio\u201d, disse Pantoja durante a videoconfer\u00eancia.<\/p>\n<p>O acordo come\u00e7ou a ser articulado pelo Governo do Amap\u00e1 no final de 2024, quando o estado assumiu a media\u00e7\u00e3o das pend\u00eancias originadas ainda no per\u00edodo da antiga opera\u00e7\u00e3o miner\u00e1ria ligada ao <strong>grupo de Eike Batista (EBX)<\/strong>. Para o diretor-presidente da Ag\u00eancia Amap\u00e1, Wandenberg Pitaluga Filho, o resultado sinaliza a resolu\u00e7\u00e3o de um passivo hist\u00f3rico e inaugura um novo ciclo para Pedra Branca e para o setor mineral. \u201cEsse acordo encerra um passivo antigo e garante que Pedra Branca receba uma compensa\u00e7\u00e3o justa e em um excelente momento. \u00c9 o resultado de um trabalho iniciado no ano passado e que agora se traduz em benef\u00edcios concretos para a popula\u00e7\u00e3o e para o ambiente de neg\u00f3cios do Amap\u00e1\u201d, afirmou Wandenberg Pitaluga. Participaram da agenda o secret\u00e1rio de Estado da Minera\u00e7\u00e3o, Mamede Barbosa; a secret\u00e1ria de Estado do Meio Ambiente, Ta\u00edsa Mendon\u00e7a; a secret\u00e1ria de Rela\u00e7\u00f5es Internacionais e Com\u00e9rcio Exterior, Patr\u00edcia Ferraz; e o ex-controlador-geral do Estado, Maur\u00edcio Alencar.<\/p>\n<p>\t\t\t\t\t\t\t\t\t\t<img loading=\"lazy\" decoding=\"async\" src=\"https:\/\/brasil61.com\/api\/v1\/serve_pixel\/17677\/86577\" alt=\"Pixel Brasil 61\" class=\"b61_pixel\" width=\"0\" height=\"0\"><\/p>\n<input type=\"hidden\" id=\"baseurl\" value=\"https:\/\/noticiasdestaque.com.br\"><input type=\"hidden\" id=\"audio_nonce\" value=\"6a24ca502e\">","protected":false},"excerpt":{"rendered":"<p>O Projeto Ferro Amap\u00e1 no Brasil ir\u00e1 englobar mina, ferrovia e porto e prev\u00ea novos investimentos para reativar a produ\u00e7\u00e3o de min\u00e9rio de ferro, paralisada desde 2019;<\/p>\n","protected":false},"author":1,"featured_media":48463,"comment_status":"open","ping_status":"open","sticky":false,"template":"","format":"standard","meta":{"fifu_image_url":"","fifu_image_alt":"","footnotes":""},"categories":[59],"tags":[],"class_list":["post-48462","post","type-post","status-publish","format-standard","has-post-thumbnail","hentry","category-economia"],"distributor_meta":false,"distributor_terms":false,"distributor_media":false,"distributor_original_site_name":"Noticias em Destaque","distributor_original_site_url":"https:\/\/noticiasdestaque.com.br","push-errors":false,"_links":{"self":[{"href":"https:\/\/noticiasdestaque.com.br\/index.php\/wp-json\/wp\/v2\/posts\/48462","targetHints":{"allow":["GET"]}}],"collection":[{"href":"https:\/\/noticiasdestaque.com.br\/index.php\/wp-json\/wp\/v2\/posts"}],"about":[{"href":"https:\/\/noticiasdestaque.com.br\/index.php\/wp-json\/wp\/v2\/types\/post"}],"author":[{"embeddable":true,"href":"https:\/\/noticiasdestaque.com.br\/index.php\/wp-json\/wp\/v2\/users\/1"}],"replies":[{"embeddable":true,"href":"https:\/\/noticiasdestaque.com.br\/index.php\/wp-json\/wp\/v2\/comments?post=48462"}],"version-history":[{"count":0,"href":"https:\/\/noticiasdestaque.com.br\/index.php\/wp-json\/wp\/v2\/posts\/48462\/revisions"}],"wp:featuredmedia":[{"embeddable":true,"href":"https:\/\/noticiasdestaque.com.br\/index.php\/wp-json\/wp\/v2\/media\/48463"}],"wp:attachment":[{"href":"https:\/\/noticiasdestaque.com.br\/index.php\/wp-json\/wp\/v2\/media?parent=48462"}],"wp:term":[{"taxonomy":"category","embeddable":true,"href":"https:\/\/noticiasdestaque.com.br\/index.php\/wp-json\/wp\/v2\/categories?post=48462"},{"taxonomy":"post_tag","embeddable":true,"href":"https:\/\/noticiasdestaque.com.br\/index.php\/wp-json\/wp\/v2\/tags?post=48462"}],"curies":[{"name":"wp","href":"https:\/\/api.w.org\/{rel}","templated":true}]}}