{"id":48460,"date":"2025-12-19T04:20:00","date_gmt":"2025-12-19T07:20:00","guid":{"rendered":"https:\/\/noticiasdestaque.com.br\/index.php\/2025\/12\/19\/verao-comeca-neste-domingo-21-com-calor-intenso-e-chuvas-irregulares-pelo-pais\/"},"modified":"2025-12-20T23:37:02","modified_gmt":"2025-12-21T02:37:02","slug":"verao-comeca-neste-domingo-21-com-calor-intenso-e-chuvas-irregulares-pelo-pais","status":"publish","type":"post","link":"https:\/\/noticiasdestaque.com.br\/index.php\/2025\/12\/19\/verao-comeca-neste-domingo-21-com-calor-intenso-e-chuvas-irregulares-pelo-pais\/","title":{"rendered":"Ver\u00e3o come\u00e7a neste domingo (21) com calor intenso e chuvas irregulares pelo pa\u00eds"},"content":{"rendered":"<p>\t\t\t\t\t\t\t\t\t\t<audio controls class=\"b61_audio_player\" data-noticia=\"86538\" src=\"https:\/\/brasil61.com\/rails\/active_storage\/blobs\/eyJfcmFpbHMiOnsibWVzc2FnZSI6IkJBaHBBLzdZQXc9PSIsImV4cCI6bnVsbCwicHVyIjoiYmxvYl9pZCJ9fQ==--dff731004f2151b5cdd9758196cb74c630a8ba7d\/BRAS2515366A\"><\/audio><\/p>\n<p><strong>No pr\u00f3ximo domingo (21), \u00e0s 12h03 (hor\u00e1rio de Bras\u00edlia), come\u00e7a oficialmente o ver\u00e3o no Hemisf\u00e9rio Sul<\/strong>. A esta\u00e7\u00e3o, que vai durar at\u00e9 o dia 20 de mar\u00e7o de 2026, ser\u00e1 marcada pelo <strong>aumento das temperaturas em todo o Brasil<\/strong>, al\u00e9m de r\u00e1pidas mudan\u00e7as nas condi\u00e7\u00f5es do tempo. Esse cen\u00e1rio deve favorecer a ocorr\u00eancia de <strong>chuvas intensas, queda de granizo, ventos de moderados a fortes e descargas el\u00e9tricas<\/strong>. As informa\u00e7\u00f5es s\u00e3o do <a href=\"https:\/\/portal.inmet.gov.br\/\" target=\"_blank\">Instituto Nacional de Meteorologia (Inmet)<\/a>.<\/p>\n<p>Durante o ver\u00e3o, as chuvas s\u00e3o frequentes em praticamente todo o pa\u00eds, com volumes que podem ultrapassar os 400 mil\u00edmetros (mm). As exce\u00e7\u00f5es ficam por conta do extremo sul do Rio Grande do Sul, do nordeste de Roraima e do leste da Regi\u00e3o Nordeste, onde, em geral, os acumulados ficam abaixo desse valor.<\/p>\n<p><img decoding=\"async\" style=\"width:100%\" alt=\"Fonte: Inmet\" src=\"\/\/s3-sa-east-1.amazonaws.com\/agencia-radio-arb\/6615\/content_mapa.jpg\" title=\"Fonte: Inmet\" \/><\/p>\n<p><strong>Confira a previs\u00e3o para as regi\u00f5es do pa\u00eds:<\/strong><\/p>\n<h2>Regi\u00e3o Norte<\/h2>\n<p>Entre janeiro e mar\u00e7o de 2026, a previs\u00e3o aponta condi\u00e7\u00f5es favor\u00e1veis para o predom\u00ednio de <strong>chuvas acima da m\u00e9dia <\/strong>climatol\u00f3gica em grande parte da Regi\u00e3o Norte. No entanto, no <strong>sudeste do Par\u00e1<\/strong> e em todo o estado do <strong>Tocantins<\/strong>, os volumes de chuva podem ficar<strong> abaixo da m\u00e9dia<\/strong> hist\u00f3rica.<\/p>\n<p>Em rela\u00e7\u00e3o \u00e0s <strong>temperaturas<\/strong>, s\u00e3o esperados valores <strong>acima da m\u00e9dia <\/strong>climatol\u00f3gica no <strong>Amazonas, no centro-sul do Par\u00e1, no Acre e em Rond\u00f4nia<\/strong>. No <strong>Tocantins<\/strong>, os desvios podem chegar a <strong>0,5 \u00b0C ou mais acima da m\u00e9dia<\/strong> do per\u00edodo. J\u00e1 nos estados mais ao norte da regi\u00e3o \u2014<strong> Amap\u00e1, Roraima e norte do Par\u00e1<\/strong> \u2014 as temperaturas devem ficar <strong>pr\u00f3ximas da m\u00e9dia<\/strong> hist\u00f3rica.<\/p>\n<h2>Regi\u00e3o Nordeste<\/h2>\n<p>A previs\u00e3o indica predom\u00ednio de <strong>chuvas abaixo da m\u00e9dia<\/strong> climatol\u00f3gica em praticamente toda a regi\u00e3o, especialmente na <strong>Bahia<\/strong>, no <strong>centro-sul do Piau\u00ed <\/strong>e na maior parte dos estados de <strong>Sergipe, Alagoas e Pernambuco<\/strong>. Nessas \u00e1reas, os volumes podem ficar at\u00e9 <strong>100 mil\u00edmetros abaixo da m\u00e9dia<\/strong> hist\u00f3rica do primeiro trimestre de 2026.<\/p>\n<p>Por outro lado, s\u00e3o esperados volumes de chuva <strong>pr\u00f3ximos ou acima da m\u00e9dia no centro-norte do Maranh\u00e3o, no norte do Piau\u00ed e no noroeste do Cear\u00e1<\/strong>.<\/p>\n<p>As <strong>temperaturas <\/strong>devem ficar <strong>acima da m\u00e9dia<\/strong> hist\u00f3rica em toda a regi\u00e3o nos pr\u00f3ximos meses, com destaque para a <strong>Bahia e o sul do Maranh\u00e3o e do Piau\u00ed<\/strong>, onde os desvios podem <strong>superar 1 \u00b0C<\/strong>. Nos demais estados, as temperaturas tendem a ficar at\u00e9<strong> 0,5 \u00b0C acima da m\u00e9dia<\/strong>.<\/p>\n<h2>Regi\u00e3o Centro-Oeste<\/h2>\n<p>Na Regi\u00e3o Centro-Oeste, a previs\u00e3o indica condi\u00e7\u00f5es favor\u00e1veis para volumes de<strong> chuva acima da m\u00e9dia<\/strong> hist\u00f3rica no<strong> oeste de Mato Grosso<\/strong>. Em <strong>Goi\u00e1s<\/strong>, por outro lado, deve predominar <strong>chuva abaixo da m\u00e9dia<\/strong> do per\u00edodo. Para as <strong>demais \u00e1reas<\/strong> da regi\u00e3o, os volumes previstos s\u00e3o<strong> pr\u00f3ximos da m\u00e9dia hist\u00f3rica<\/strong>.<\/p>\n<p>Quanto \u00e0s <strong>temperaturas<\/strong>, o cen\u00e1rio aponta predom\u00ednio de valores<strong> acima da m\u00e9dia <\/strong>nos pr\u00f3ximos meses, com desvios que podem chegar a <strong>1 \u00b0C acima da climatologia<\/strong> na faixa<strong> central da regi\u00e3o<\/strong>.<\/p>\n<h2>Regi\u00e3o Sudeste<\/h2>\n<p>No Sudeste, a previs\u00e3o indica predom\u00ednio de<strong> chuvas abaixo da m\u00e9dia<\/strong> climatol\u00f3gica, com volumes at\u00e9 <strong>100 mm inferiores \u00e0 m\u00e9dia<\/strong> hist\u00f3rica do primeiro trimestre. Os d\u00e9ficits mais significativos s\u00e3o esperados para algumas mesorregi\u00f5es de Minas Gerais, entre elas a <strong>Zona da Mata, Vale do Rio Doce, Regi\u00e3o Metropolitana de Belo Horizonte e Central Mineira<\/strong>.<\/p>\n<p>Em rela\u00e7\u00e3o \u00e0s <strong>temperaturas<\/strong>, os valores devem ficar <strong>acima da m\u00e9dia<\/strong>, com varia\u00e7\u00e3o de at\u00e9 <strong>1 \u00b0C<\/strong>.<\/p>\n<h2>Regi\u00e3o Sul<\/h2>\n<p>Na Regi\u00e3o Sul, a previs\u00e3o aponta condi\u00e7\u00f5es favor\u00e1veis para <strong>chuvas acima da m\u00e9dia<\/strong> hist\u00f3rica em todos os estados. Os maiores volumes s\u00e3o esperados nas mesorregi\u00f5es <strong>Sudeste e Sudoeste do Rio Grande do Sul<\/strong>, com acumulados que podem chegar a <strong>50 mm acima da m\u00e9dia<\/strong> do trimestre.<\/p>\n<p>As <strong>temperaturas <\/strong>devem permanecer predominantemente <strong>acima da m\u00e9dia<\/strong> durante os meses de ver\u00e3o, com destaque para o<strong> oeste do Rio Grande do Sul<\/strong>, onde os desvios podem atingir at\u00e9 <strong>1 \u00b0C acima da climatologia<\/strong>.<\/p>\n<p>Para mais informa\u00e7\u00f5es, confira o <a href=\"https:\/\/portal.inmet.gov.br\/notasTecnicas#\" target=\"_blank\"><strong>Progn\u00f3stico Clim\u00e1tico do Ver\u00e3o 2025\/2026<\/strong> no site no Inmet<\/a>.<\/p>\n<p><strong>VEJA MAIS:<\/strong><\/p>\n<ul>\n<li><a href=\"https:\/\/brasil61.com\/n\/microplasticos-no-corpo-humano-evidencias-cientificas-reforcam-necessidade-de-restricoes-ao-uso-de-plastico-bras2515353\" target=\"_blank\">Micropl\u00e1sticos no corpo humano: evid\u00eancias cient\u00edficas refor\u00e7am necessidade de restri\u00e7\u00f5es ao uso de pl\u00e1stico<\/a><\/li>\n<li><a href=\"https:\/\/brasil61.com\/n\/licenciamento-ambiental-regiao-centro-oeste-soma-mais-de-3-3-mil-pedidos-em-analise-bras2515331\" target=\"_blank\">Licenciamento Ambiental: Regi\u00e3o Centro-Oeste soma mais de 3,3 mil pedidos em an\u00e1lise<\/a><\/li>\n<\/ul>\n<p>\t\t\t\t\t\t\t\t\t<img loading=\"lazy\" decoding=\"async\" src=\"https:\/\/brasil61.com\/api\/v1\/serve_pixel\/17677\/86538\" alt=\"Pixel Brasil 61\" class=\"b61_pixel\" width=\"0\" height=\"0\"><\/p>\n<input type=\"hidden\" id=\"baseurl\" value=\"https:\/\/noticiasdestaque.com.br\"><input type=\"hidden\" id=\"audio_nonce\" value=\"6a24ca502e\">","protected":false},"excerpt":{"rendered":"<p>Inmet prev\u00ea chuva acima da m\u00e9dia no Norte e no Sul, volumes menores no Nordeste e no Sudeste e temperaturas elevadas em todo o Brasil<\/p>\n","protected":false},"author":1,"featured_media":48484,"comment_status":"open","ping_status":"open","sticky":false,"template":"","format":"standard","meta":{"fifu_image_url":"","fifu_image_alt":"","footnotes":""},"categories":[58],"tags":[],"class_list":["post-48460","post","type-post","status-publish","format-standard","has-post-thumbnail","hentry","category-cotidiano"],"distributor_meta":false,"distributor_terms":false,"distributor_media":false,"distributor_original_site_name":"Noticias em Destaque","distributor_original_site_url":"https:\/\/noticiasdestaque.com.br","push-errors":false,"_links":{"self":[{"href":"https:\/\/noticiasdestaque.com.br\/index.php\/wp-json\/wp\/v2\/posts\/48460","targetHints":{"allow":["GET"]}}],"collection":[{"href":"https:\/\/noticiasdestaque.com.br\/index.php\/wp-json\/wp\/v2\/posts"}],"about":[{"href":"https:\/\/noticiasdestaque.com.br\/index.php\/wp-json\/wp\/v2\/types\/post"}],"author":[{"embeddable":true,"href":"https:\/\/noticiasdestaque.com.br\/index.php\/wp-json\/wp\/v2\/users\/1"}],"replies":[{"embeddable":true,"href":"https:\/\/noticiasdestaque.com.br\/index.php\/wp-json\/wp\/v2\/comments?post=48460"}],"version-history":[{"count":1,"href":"https:\/\/noticiasdestaque.com.br\/index.php\/wp-json\/wp\/v2\/posts\/48460\/revisions"}],"predecessor-version":[{"id":48483,"href":"https:\/\/noticiasdestaque.com.br\/index.php\/wp-json\/wp\/v2\/posts\/48460\/revisions\/48483"}],"wp:featuredmedia":[{"embeddable":true,"href":"https:\/\/noticiasdestaque.com.br\/index.php\/wp-json\/wp\/v2\/media\/48484"}],"wp:attachment":[{"href":"https:\/\/noticiasdestaque.com.br\/index.php\/wp-json\/wp\/v2\/media?parent=48460"}],"wp:term":[{"taxonomy":"category","embeddable":true,"href":"https:\/\/noticiasdestaque.com.br\/index.php\/wp-json\/wp\/v2\/categories?post=48460"},{"taxonomy":"post_tag","embeddable":true,"href":"https:\/\/noticiasdestaque.com.br\/index.php\/wp-json\/wp\/v2\/tags?post=48460"}],"curies":[{"name":"wp","href":"https:\/\/api.w.org\/{rel}","templated":true}]}}