{"id":4846,"date":"2022-12-03T15:39:23","date_gmt":"2022-12-03T18:39:23","guid":{"rendered":"https:\/\/noticiasdestaque.com.br\/index.php\/2022\/12\/03\/camara-aprova-pl-sobre-deducoes-do-ir-para-doacao-a-programas-de-saude\/"},"modified":"2022-12-03T15:39:23","modified_gmt":"2022-12-03T18:39:23","slug":"camara-aprova-pl-sobre-deducoes-do-ir-para-doacao-a-programas-de-saude","status":"publish","type":"post","link":"https:\/\/noticiasdestaque.com.br\/index.php\/2022\/12\/03\/camara-aprova-pl-sobre-deducoes-do-ir-para-doacao-a-programas-de-saude\/","title":{"rendered":"C\u00e2mara aprova PL sobre dedu\u00e7\u00f5es do IR para doa\u00e7\u00e3o a programas de sa\u00fade"},"content":{"rendered":"<style> bloco.meta {font-style: italic; color: #666;font-weight: 600;font-size: .8em; \/* line-height: .3em; *\/}  text h2 { font-weight: 700 !important;  color: #062f46 !important;} text img { width: none; left: none;}<\/style>\n<\/p>\n<p>A C\u00e2mara dos Deputados aprovou nesta quinta-feira (1\u00ba) projeto de lei (PL) que prorroga a possibilidade de deduzir do Imposto de Renda (IR) as doa\u00e7\u00f5es feitas a dois programas de assist\u00eancia a pacientes com c\u00e2ncer e pessoas com defici\u00eancia. O texto segue para san\u00e7\u00e3o presidencial.<\/p>\n<p>Conforme a proposta aprovada, as pessoas f\u00edsicas poder\u00e3o deduzir do IR as doa\u00e7\u00f5es e os patroc\u00ednios efetuados at\u00e9 o ano-calend\u00e1rio de 2025. No caso das pessoas jur\u00eddicas, a dedu\u00e7\u00e3o poder\u00e1 ser feita at\u00e9 o ano-calend\u00e1rio de 2026. O limite de doa\u00e7\u00e3o para todos os contribuintes \u00e9 de 1% do IR devido.<\/p>\n<p>Os recursos ser\u00e3o destinados ao Programa Nacional de Apoio \u00e0 Aten\u00e7\u00e3o Oncol\u00f3gica (Pronon) e ao Programa Nacional de Apoio \u00e0 Aten\u00e7\u00e3o da Sa\u00fade da Pessoa com Defici\u00eancia (Pronas\/PCD).<\/p>\n<p>Os dois programas receberam recursos de pessoas f\u00edsicas at\u00e9 2020 e, de pessoas jur\u00eddicas, at\u00e9 2021. O Pronon e o Pronas\/PCD foram desenvolvidos para incentivar a\u00e7\u00f5es e servi\u00e7os desenvolvidos por entidades, associa\u00e7\u00f5es e funda\u00e7\u00f5es privadas sem fins lucrativos, que atuam no campo da oncologia e da pessoa com defici\u00eancia.<\/p>\n<p>A medida busca ampliar a oferta de servi\u00e7os e expandir a presta\u00e7\u00e3o de servi\u00e7os m\u00e9dico-assistenciais, apoiar o treinamento de recursos humanos e realizar pesquisas cl\u00ednicas e epidemiol\u00f3gicas.<\/p>\n<p><em>*Com informa\u00e7\u00f5es da Ag\u00eancia C\u00e2mara<\/em><\/p>\n<p class=\"alt-font font-italic my-2 small text-info\">\n                                                Edi\u00e7\u00e3o:   N\u00e1dia Franco                    <\/p>\n<p>            <!-- blog End --><\/p>\n<p>            <!-- tag and share --><\/p>\n<p> Fonte: EBC <\/p>\n<input type=\"hidden\" id=\"baseurl\" value=\"https:\/\/noticiasdestaque.com.br\"><input type=\"hidden\" id=\"audio_nonce\" value=\"62ca87eee3\">","protected":false},"excerpt":{"rendered":"<p>Texto prev\u00ea abatimento de doa\u00e7\u00f5es feitas at\u00e9 o ano-calend\u00e1rio de 2025<\/p>\n","protected":false},"author":1,"featured_media":4847,"comment_status":"open","ping_status":"open","sticky":false,"template":"","format":"standard","meta":{"fifu_image_url":"","fifu_image_alt":"","footnotes":""},"categories":[59],"tags":[],"class_list":["post-4846","post","type-post","status-publish","format-standard","has-post-thumbnail","hentry","category-economia"],"distributor_meta":false,"distributor_terms":false,"distributor_media":false,"distributor_original_site_name":"Portal de Recupera\u00e7\u00e3o","distributor_original_site_url":"https:\/\/portalderecuperacao.com","push-errors":false,"_links":{"self":[{"href":"https:\/\/noticiasdestaque.com.br\/index.php\/wp-json\/wp\/v2\/posts\/4846","targetHints":{"allow":["GET"]}}],"collection":[{"href":"https:\/\/noticiasdestaque.com.br\/index.php\/wp-json\/wp\/v2\/posts"}],"about":[{"href":"https:\/\/noticiasdestaque.com.br\/index.php\/wp-json\/wp\/v2\/types\/post"}],"author":[{"embeddable":true,"href":"https:\/\/noticiasdestaque.com.br\/index.php\/wp-json\/wp\/v2\/users\/1"}],"replies":[{"embeddable":true,"href":"https:\/\/noticiasdestaque.com.br\/index.php\/wp-json\/wp\/v2\/comments?post=4846"}],"version-history":[{"count":0,"href":"https:\/\/noticiasdestaque.com.br\/index.php\/wp-json\/wp\/v2\/posts\/4846\/revisions"}],"wp:featuredmedia":[{"embeddable":true,"href":"https:\/\/noticiasdestaque.com.br\/index.php\/wp-json\/wp\/v2\/media\/4847"}],"wp:attachment":[{"href":"https:\/\/noticiasdestaque.com.br\/index.php\/wp-json\/wp\/v2\/media?parent=4846"}],"wp:term":[{"taxonomy":"category","embeddable":true,"href":"https:\/\/noticiasdestaque.com.br\/index.php\/wp-json\/wp\/v2\/categories?post=4846"},{"taxonomy":"post_tag","embeddable":true,"href":"https:\/\/noticiasdestaque.com.br\/index.php\/wp-json\/wp\/v2\/tags?post=4846"}],"curies":[{"name":"wp","href":"https:\/\/api.w.org\/{rel}","templated":true}]}}