{"id":48454,"date":"2025-12-18T21:30:00","date_gmt":"2025-12-19T00:30:00","guid":{"rendered":"https:\/\/noticiasdestaque.com.br\/index.php\/2025\/12\/18\/ibovespa-sobe-com-esperanca-por-tarcisio-candidato-e-inflacao-dos-eua\/"},"modified":"2025-12-18T21:30:00","modified_gmt":"2025-12-19T00:30:00","slug":"ibovespa-sobe-com-esperanca-por-tarcisio-candidato-e-inflacao-dos-eua","status":"publish","type":"post","link":"https:\/\/noticiasdestaque.com.br\/index.php\/2025\/12\/18\/ibovespa-sobe-com-esperanca-por-tarcisio-candidato-e-inflacao-dos-eua\/","title":{"rendered":"Ibovespa sobe com esperan\u00e7a por Tarc\u00edsio candidato e infla\u00e7\u00e3o dos EUA"},"content":{"rendered":"<p>\t\t\t\t\t\t\t\t\t\t\t<audio controls class=\"b61_audio_player\" data-noticia=\"86546\" src=\"https:\/\/brasil61.com\/rails\/active_storage\/blobs\/eyJfcmFpbHMiOnsibWVzc2FnZSI6IkJBaHBBMC9aQXc9PSIsImV4cCI6bnVsbCwicHVyIjoiYmxvYl9pZCJ9fQ==--76ba7e2478d45919880521c091021b1b80428a61\/BRAS2515368A\"><\/audio><\/p>\n<p>O <strong>Ibovespa<\/strong> voltou a fechar o preg\u00e3o em <strong>alta<\/strong> de <strong>0,38%<\/strong>, aos <strong>157.923 pontos<\/strong>, ap\u00f3s <strong>duas sess\u00f5es seguidas de queda<\/strong> consider\u00e1vel. O desempenho do \u00edndice foi influenciado por uma nova onda de otimismo do mercado quanto \u00e0 <strong>possibilidade da candidatura<\/strong> do governador de S\u00e3o Paulo (SP), <strong>Tarc\u00edsio de Freitas<\/strong> (Republicanos), \u00e0 presid\u00eancia da Rep\u00fablica em 2026, al\u00e9m de uma nova <strong>expectativa de entrada de capitais no pa\u00eds<\/strong> ap\u00f3s os <strong>resultados melhores do que o esperado para a infla\u00e7\u00e3o dos EUA<\/strong> em novembro.<\/p>\n<p>O presidente nacional do Partido Progressista (PP), senador Ciro Nogueira (PI) \u2014 articulador pol\u00edtico pr\u00f3ximo ao ex-presidente Jair Bolsonaro \u2014, afirmou que a <strong>candidatura do senador Fl\u00e1vio Bolsonaro<\/strong> (PL-RJ) ao pleito presidencial <strong>pode n\u00e3o se consumar<\/strong> caso <strong>n\u00e3o demonstre \u201cviabilidade eleitoral\u201d at\u00e9 mar\u00e7o<\/strong>, pois a tend\u00eancia \u00e9 a de que o ex-presidente \u201cn\u00e3o vai arriscar\u201d, segundo informou o Valor Econ\u00f4mico nesta quinta-feira (18).<\/p>\n<p>Ao Valor, Nogueira alegou que a ideia de uma chapa encabe\u00e7ada pelo governador Tarc\u00edsio de Freitas <strong>n\u00e3o seria<\/strong>, ainda, um <strong>\u201cprojeto enterrado\u201d<\/strong>, e que <strong>dependeria da viabilidade eleitoral<\/strong> do filho primog\u00eanito do ex-presidente preso.<\/p>\n<p>As declara\u00e7\u00f5es do senador ao Valor trouxeram uma <strong>onda de otimismo <\/strong>ao mercado\u00a0que influenciou o Ibovespa. Contudo, apesar das expectativas de investidores quanto a uma<strong> poss\u00edvel candidatura de Tarc\u00edsio<\/strong>, o governador reafirmou, tamb\u00e9m nesta quinta, o apoio a Fl\u00e1vio Bolsonaro para o pleito presidencial.<\/p>\n<p>Al\u00e9m dos fatores eleitorais, os <strong>resultados otimistas da infla\u00e7\u00e3o estadunidense<\/strong> tiveram impacto na sess\u00e3o. O \u00edndice de pre\u00e7os ao consumidor (CPI) dos EUA de novembro mostrou <strong>resultado abaixo do esperado<\/strong> pelo mercado. O indicador da infla\u00e7\u00e3o estadunidense mostrou <strong>avan\u00e7o de 2,7%<\/strong>, enquanto as expectativas de investidores eram de um <strong>avan\u00e7o de 3,1%<\/strong>. Segundo analistas do setor, a margem refor\u00e7a as expectativas por um novo corte de juros no pa\u00eds em janeiro, o que poderia resultar em uma<strong> fuga de capitais <\/strong>para o Brasil, devido ao patamar elevado da Selic.<\/p>\n<h2>Maiores altas e quedas do Ibovespa<\/h2>\n<p>Confira as <strong>a\u00e7\u00f5es<\/strong> com <strong>melhor<\/strong> e <strong>pior<\/strong> <strong>desempenho<\/strong> no \u00faltimo fechamento:<\/p>\n<p>A\u00e7\u00f5es em alta no Ibovespa<\/p>\n<ul>\n<li>\n<p>Recrusul SA Pfd (RCSL4): <strong>+19,74%<\/strong><\/p>\n<\/li>\n<li>\n<p>Westwing Comercio Varejista SA (WEST3): <strong>+12,37%<\/strong><\/p>\n<\/li>\n<\/ul>\n<p>A\u00e7\u00f5es em queda no Ibovespa<\/p>\n<ul>\n<li>\n<p>Monteiro Aranha S.A (MOAR3L): <strong>-57,46%<\/strong><\/p>\n<\/li>\n<li>\n<p>Baumer SA BALM Non-Cum Perp Pfd Registered Shs (BALM4): <strong>-28,83%<\/strong><\/p>\n<\/li>\n<\/ul>\n<p>\u00a0<\/p>\n<p>O <strong>volume total<\/strong> negociado na B3 foi de <strong>R$<\/strong><b id=\"docs-internal-guid-5d4754e0-7fff-b54c-e0e8-667796390a2d\">26.328.894.519<\/b>, em meio a<strong> <\/strong><b id=\"docs-internal-guid-3ea2c45f-7fff-dbf4-e04e-0e8ece11b412\">4.176.860<\/b><strong> neg\u00f3cios<\/strong>.<\/p>\n<p>\u00a0<\/p>\n<p>Os dados da bolsa podem ser consultados no <a href=\"https:\/\/www.b3.com.br\/pt_br\/market-data-e-indices\/servicos-de-dados\/market-data\/cotacoes\/\">site da B3<\/a>.\u00a0\u00a0<\/p>\n<p>\u00a0<\/p>\n<h2>O que \u00e9 o Ibovespa e como ele funciona?<\/h2>\n<p>\u00a0<\/p>\n<p>O <strong>Ibovespa<\/strong> (\u00cdndice Bovespa) \u00e9 o principal indicador do mercado acion\u00e1rio brasileiro. Calculado pela B3, ele reflete a m\u00e9dia do desempenho das a\u00e7\u00f5es mais negociadas na bolsa, com base em crit\u00e9rios de volume e liquidez. O \u00edndice \u00e9 composto por uma carteira te\u00f3rica de ativos, que representa cerca de 80% do volume financeiro total negociado no mercado.<\/p>\n<p>\u00a0<\/p>\n<h2>O que \u00e9 a B3, a bolsa de valores do Brasil?<\/h2>\n<p>\u00a0<\/p>\n<p>A B3 (Brasil, Bolsa, Balc\u00e3o) \u00e9 a bolsa de valores oficial do Brasil, sediada em S\u00e3o Paulo. \u00c9 respons\u00e1vel pela negocia\u00e7\u00e3o de a\u00e7\u00f5es, derivativos, t\u00edtulos p\u00fablicos e privados, c\u00e2mbio e outros ativos financeiros. A B3 est\u00e1 entre as maiores bolsas do mundo em infraestrutura e valor de mercado.<\/p>\n<p>\t\t\t\t\t\t\t\t\t\t<img loading=\"lazy\" decoding=\"async\" src=\"https:\/\/brasil61.com\/api\/v1\/serve_pixel\/17677\/86546\" alt=\"Pixel Brasil 61\" class=\"b61_pixel\" width=\"0\" height=\"0\"><\/p>\n<input type=\"hidden\" id=\"baseurl\" value=\"https:\/\/noticiasdestaque.com.br\"><input type=\"hidden\" id=\"audio_nonce\" value=\"6a24ca502e\">","protected":false},"excerpt":{"rendered":"<p>Declara\u00e7\u00f5es do senador Ciro Nogueira ao Valor Econ\u00f4mico n\u00e3o descartam a possibilidade de uma chapa encabe\u00e7ada pelo governador; melhora na infla\u00e7\u00e3o estadunidense sinaliza para corte dos juros<\/p>\n","protected":false},"author":1,"featured_media":48455,"comment_status":"open","ping_status":"open","sticky":false,"template":"","format":"standard","meta":{"fifu_image_url":"","fifu_image_alt":"","footnotes":""},"categories":[59],"tags":[],"class_list":["post-48454","post","type-post","status-publish","format-standard","has-post-thumbnail","hentry","category-economia"],"distributor_meta":false,"distributor_terms":false,"distributor_media":false,"distributor_original_site_name":"Noticias em Destaque","distributor_original_site_url":"https:\/\/noticiasdestaque.com.br","push-errors":false,"_links":{"self":[{"href":"https:\/\/noticiasdestaque.com.br\/index.php\/wp-json\/wp\/v2\/posts\/48454","targetHints":{"allow":["GET"]}}],"collection":[{"href":"https:\/\/noticiasdestaque.com.br\/index.php\/wp-json\/wp\/v2\/posts"}],"about":[{"href":"https:\/\/noticiasdestaque.com.br\/index.php\/wp-json\/wp\/v2\/types\/post"}],"author":[{"embeddable":true,"href":"https:\/\/noticiasdestaque.com.br\/index.php\/wp-json\/wp\/v2\/users\/1"}],"replies":[{"embeddable":true,"href":"https:\/\/noticiasdestaque.com.br\/index.php\/wp-json\/wp\/v2\/comments?post=48454"}],"version-history":[{"count":0,"href":"https:\/\/noticiasdestaque.com.br\/index.php\/wp-json\/wp\/v2\/posts\/48454\/revisions"}],"wp:featuredmedia":[{"embeddable":true,"href":"https:\/\/noticiasdestaque.com.br\/index.php\/wp-json\/wp\/v2\/media\/48455"}],"wp:attachment":[{"href":"https:\/\/noticiasdestaque.com.br\/index.php\/wp-json\/wp\/v2\/media?parent=48454"}],"wp:term":[{"taxonomy":"category","embeddable":true,"href":"https:\/\/noticiasdestaque.com.br\/index.php\/wp-json\/wp\/v2\/categories?post=48454"},{"taxonomy":"post_tag","embeddable":true,"href":"https:\/\/noticiasdestaque.com.br\/index.php\/wp-json\/wp\/v2\/tags?post=48454"}],"curies":[{"name":"wp","href":"https:\/\/api.w.org\/{rel}","templated":true}]}}