{"id":48446,"date":"2025-12-18T18:20:00","date_gmt":"2025-12-18T21:20:00","guid":{"rendered":"https:\/\/noticiasdestaque.com.br\/index.php\/2025\/12\/18\/previsao-do-tempo-sexta-feira-19-de-muitas-chuvas-e-trovoadas-no-sudeste\/"},"modified":"2025-12-18T18:20:00","modified_gmt":"2025-12-18T21:20:00","slug":"previsao-do-tempo-sexta-feira-19-de-muitas-chuvas-e-trovoadas-no-sudeste","status":"publish","type":"post","link":"https:\/\/noticiasdestaque.com.br\/index.php\/2025\/12\/18\/previsao-do-tempo-sexta-feira-19-de-muitas-chuvas-e-trovoadas-no-sudeste\/","title":{"rendered":"PREVIS\u00c3O DO TEMPO: sexta-feira (19) de muitas chuvas e trovoadas no Sudeste"},"content":{"rendered":"<p>\t\t\t\t\t\t\t\t\t\t\t<audio controls class=\"b61_audio_player\" data-noticia=\"86542\" src=\"https:\/\/brasil61.com\/rails\/active_storage\/blobs\/eyJfcmFpbHMiOnsibWVzc2FnZSI6IkJBaHBBeC9aQXc9PSIsImV4cCI6bnVsbCwicHVyIjoiYmxvYl9pZCJ9fQ==--841d83c3be539951d4899227a1001f0378bc4227\/PTSD254287A\"><\/audio><\/p>\n<p>A <strong>previs\u00e3o do tempo<\/strong> para a <strong>Regi\u00e3o Sudeste<\/strong> do pa\u00eds, nesta <strong>sexta-feira (19)<\/strong>, \u00e9 de c\u00e9u com <strong>muitas nuvens<\/strong> para toda a regi\u00e3o e <strong>pancadas de chuva<\/strong> para todos os estados ao longo do dia, com <strong>maior intensidade <\/strong>em Minas Gerais e no Rio de Janeiro. H\u00e1 <strong>possibilidade de trovoadas<\/strong> para todos os estados ao longo do dia.<\/p>\n<p>Pela <strong>manh\u00e3<\/strong>, a previs\u00e3o \u00e9 c\u00e9u de<strong> muitas nuvens <\/strong>para toda a regi\u00e3o, com <strong>pancadas de chuva isoladas <\/strong>em todo o Rio de Janeiro, centro-sul do Esp\u00edrito Santo, quase todo o estado de Minas Gerais \u2014 exceto pelo nordeste \u2014 e o extremo-norte de S\u00e3o Paulo.<\/p>\n<p>Durante a <strong>tarde<\/strong>, as <strong>chuvas<\/strong> tomam toda a regi\u00e3o \u2014 \u00e0 exce\u00e7\u00e3o da por\u00e7\u00e3o central do extremo-norte mineiro \u2014, com <strong>menor intensidade <\/strong>no norte de Minas Gerais e do Esp\u00edrito Santo. No Rio de Janeiro, centro-sul de Minas, centro-norte de S\u00e3o Paulo e centro-sul capixaba, as <strong>chuvas intensas <\/strong>devem vir<strong> acompanhadas de trovoadas<\/strong>.<\/p>\n<p>\u00c0 <strong>noite<\/strong>, as <strong>chuvas se intensificam<\/strong> e v\u00eam <strong>acompanhadas de trovoadas <\/strong>em uma por\u00e7\u00e3o maior da \u00e1rea central do Esp\u00edrito Santo e na maior parte de S\u00e3o Paulo, \u00e0 exce\u00e7\u00e3o do extremo-sul do estado.<\/p>\n<p>O <b>Instituto Nacional de Meteorologia<\/b> (<a href=\"https:\/\/portal.inmet.gov.br\/\">Inmet<\/a>) emitiu alerta para <strong>perigo potencial de chuvas intensas<\/strong> para todo o Rio de Janeiro e Esp\u00edrito Santo, quase todo o estado de Minas Gerais, exceto pelo nordeste, e para o extremo-norte e nordeste de S\u00e3o Paulo, al\u00e9m de alerta de <strong>perigo de chuvas intensas<\/strong> para o extremo-oeste mineiro.<\/p>\n<p>Entre as <strong>capitais<\/strong>, a <strong>temperatura m\u00ednima<\/strong> prevista \u00e9 de <strong>16\u00b0C<\/strong> em <strong>Belo Horizonte<\/strong>. J\u00e1 a <strong>m\u00e1xima<\/strong> pode chegar at\u00e9 <strong>29\u00b0C<\/strong>, em <strong>Vit\u00f3ria<\/strong>. A<strong> umidade relativa do ar<\/strong> varia entre <strong>60%<\/strong> e <strong>100%<\/strong>.<\/p>\n<p>\u00a0<\/p>\n<h2>5 motivos para acompanhar as previs\u00f5es do tempo<\/h2>\n<ul>\n<li>Agricultura: garantia de uma boa colheita;<\/li>\n<li>Marinha: prote\u00e7\u00e3o de marinheiros, navios e passageiros;<\/li>\n<li>Aeron\u00e1utica: seguran\u00e7a de pilotos, aeronaves e passageiros;<\/li>\n<li>Pesca: condi\u00e7\u00f5es favor\u00e1veis e seguras para a atividade;<\/li>\n<li>Turismo: garantia de passeios e viagens tranquilas e agrad\u00e1veis.<\/li>\n<\/ul>\n<p>\u00a0<\/p>\n<h2>Import\u00e2ncia das observa\u00e7\u00f5es meteorol\u00f3gicas no INMET<\/h2>\n<p>As observa\u00e7\u00f5es meteorol\u00f3gicas do INMET s\u00e3o essenciais para previs\u00f5es em tempo real, estat\u00edsticas clim\u00e1ticas e coopera\u00e7\u00e3o internacional. Esses dados precisos ajudam a estudar o clima passado e a produzir Normais Climatol\u00f3gicas conforme a Organiza\u00e7\u00e3o Meteorol\u00f3gica Mundial (<a href=\"https:\/\/worldweather.wmo.int\/pt\/home.html\">OMM<\/a>).<\/p>\n<p>As informa\u00e7\u00f5es s\u00e3o do Instituto Nacional de Meteorologia (<a href=\"https:\/\/portal.inmet.gov.br\">Inmet<\/a>).<\/p>\n<p>\t\t\t\t\t\t\t\t\t\t<img loading=\"lazy\" decoding=\"async\" src=\"https:\/\/brasil61.com\/api\/v1\/serve_pixel\/17677\/86542\" alt=\"Pixel Brasil 61\" class=\"b61_pixel\" width=\"0\" height=\"0\"><\/p>\n<input type=\"hidden\" id=\"baseurl\" value=\"https:\/\/noticiasdestaque.com.br\"><input type=\"hidden\" id=\"audio_nonce\" value=\"6f73a554f1\">","protected":false},"excerpt":{"rendered":"<p>Chuvas tomam a regi\u00e3o ao longo do dia, com possibilidade de trovoadas a partir da tarde; temperaturas variam entre 16\u00b0C e 29\u00b0C<\/p>\n","protected":false},"author":1,"featured_media":48447,"comment_status":"open","ping_status":"open","sticky":false,"template":"","format":"standard","meta":{"fifu_image_url":"","fifu_image_alt":"","footnotes":""},"categories":[58],"tags":[],"class_list":["post-48446","post","type-post","status-publish","format-standard","has-post-thumbnail","hentry","category-cotidiano"],"distributor_meta":false,"distributor_terms":false,"distributor_media":false,"distributor_original_site_name":"Noticias em Destaque","distributor_original_site_url":"https:\/\/noticiasdestaque.com.br","push-errors":false,"_links":{"self":[{"href":"https:\/\/noticiasdestaque.com.br\/index.php\/wp-json\/wp\/v2\/posts\/48446","targetHints":{"allow":["GET"]}}],"collection":[{"href":"https:\/\/noticiasdestaque.com.br\/index.php\/wp-json\/wp\/v2\/posts"}],"about":[{"href":"https:\/\/noticiasdestaque.com.br\/index.php\/wp-json\/wp\/v2\/types\/post"}],"author":[{"embeddable":true,"href":"https:\/\/noticiasdestaque.com.br\/index.php\/wp-json\/wp\/v2\/users\/1"}],"replies":[{"embeddable":true,"href":"https:\/\/noticiasdestaque.com.br\/index.php\/wp-json\/wp\/v2\/comments?post=48446"}],"version-history":[{"count":0,"href":"https:\/\/noticiasdestaque.com.br\/index.php\/wp-json\/wp\/v2\/posts\/48446\/revisions"}],"wp:featuredmedia":[{"embeddable":true,"href":"https:\/\/noticiasdestaque.com.br\/index.php\/wp-json\/wp\/v2\/media\/48447"}],"wp:attachment":[{"href":"https:\/\/noticiasdestaque.com.br\/index.php\/wp-json\/wp\/v2\/media?parent=48446"}],"wp:term":[{"taxonomy":"category","embeddable":true,"href":"https:\/\/noticiasdestaque.com.br\/index.php\/wp-json\/wp\/v2\/categories?post=48446"},{"taxonomy":"post_tag","embeddable":true,"href":"https:\/\/noticiasdestaque.com.br\/index.php\/wp-json\/wp\/v2\/tags?post=48446"}],"curies":[{"name":"wp","href":"https:\/\/api.w.org\/{rel}","templated":true}]}}